{"id":50489,"date":"2026-02-11T03:43:17","date_gmt":"2026-02-11T00:43:17","guid":{"rendered":"https:\/\/emlaktuel.com\/?p=50489"},"modified":"2026-02-11T03:43:17","modified_gmt":"2026-02-11T00:43:17","slug":"konutta-yeni-trend-evler-kuculuyor-depolama-alanlari-buyuyor","status":"publish","type":"post","link":"https:\/\/emlaktuel.com\/?p=50489","title":{"rendered":"Konutta Yeni Trend: Evler K\u00fc\u00e7\u00fcl\u00fcyor, Depolama Alanlar\u0131 B\u00fcy\u00fcyor"},"content":{"rendered":"<p>T\u00fcrkiye\u2019de artan konut fiyatlar\u0131, de\u011fi\u015fen ya\u015fam tarzlar\u0131 ve \u015fehir hayat\u0131nda alan kullan\u0131m\u0131n\u0131n yeniden tan\u0131mlanmas\u0131yla birlikte konut tercihlerinde yeni bir d\u00f6nem ba\u015fl\u0131yor. Son d\u00f6nemde konut piyasas\u0131nda \u00f6ne \u00e7\u0131kan en belirgin trendlerden biri, daire metrekarelerinin k\u00fc\u00e7\u00fclmesiyle birlikte depolama alanlar\u0131na ve ak\u0131ll\u0131 saklama \u00e7\u00f6z\u00fcmlerine olan ihtiyac\u0131n artmas\u0131 oluyor.<\/p>\n<p>Bu d\u00f6n\u00fc\u015f\u00fcm\u00fcn arka plan\u0131nda ise hane yap\u0131s\u0131ndaki de\u011fi\u015fim dikkat \u00e7ekiyor. T\u00dc\u0130K verilerine g\u00f6re, T\u00fcrkiye\u2019de ortalama hanehalk\u0131 b\u00fcy\u00fckl\u00fc\u011f\u00fc 2008 y\u0131l\u0131nda 4 ki\u015fi iken, 2023 itibar\u0131yla 3,14 ki\u015fiye geriledi. K\u00fc\u00e7\u00fclen haneler ve artan \u015fehirle\u015fmeyle birlikte yeni nesil konut al\u0131c\u0131s\u0131, art\u0131k yaln\u0131zca oda say\u0131s\u0131na ya da metrekareye de\u011fil; i\u015flevsel alanlara ve d\u00fczenlenebilir ya\u015fam \u00e7\u00f6z\u00fcmlerine odaklan\u0131yor.<\/p>\n<p>G\u00fcn\u00fcm\u00fczde al\u0131c\u0131lar; gizli depolama alanlar\u0131, kiler, giyinme odas\u0131, portmanto hacmi, balkon ve teras kullan\u0131m\u0131 ile site i\u00e7i depo alanlar\u0131n\u0131 konut tercihinde belirleyici unsurlar aras\u0131nda g\u00f6r\u00fcyor.<\/p>\n<h2>\u201cYeni Nesil Al\u0131c\u0131 Metrekare De\u011fil, Fonksiyon Sat\u0131n Al\u0131yor\u201d<\/h2>\n<p>Konuya ili\u015fkin de\u011ferlendirmede bulunan SOA Holding Y\u00f6netim Kurulu Ba\u015fkan\u0131 Yal\u00e7\u0131n Artuko\u011flu, konut piyasas\u0131nda net bir d\u00f6n\u00fc\u015f\u00fcm ya\u015fand\u0131\u011f\u0131n\u0131 vurgulayarak \u015fu ifadeleri kulland\u0131:<\/p>\n<p>\u201cSon y\u0131llarda konut piyasas\u0131nda \u00e7ok belirgin bir de\u011fi\u015fim var. Evler k\u00fc\u00e7\u00fcl\u00fcrken, kullan\u0131c\u0131 beklentileri daha fonksiyonel ve ak\u0131ll\u0131 \u00e7\u00f6z\u00fcmlere y\u00f6neliyor. Bug\u00fcn al\u0131c\u0131lar sadece metrekareye de\u011fil; evin d\u00fczenlenebilir alanlar\u0131na, depolama kapasitesine ve ya\u015fam\u0131 kolayla\u015ft\u0131ran detaylara bak\u0131yor. Yeni nesil konut al\u0131c\u0131s\u0131 art\u0131k \u2018ka\u00e7 metrekare\u2019 sorusundan \u00f6nce, \u2018bu evde e\u015fyalar\u0131m nereye s\u0131\u011facak\u2019 sorusunu soruyor. Bu nedenle projelerimizde depolama ve d\u00fczenleme kurgusunu, planlaman\u0131n en ba\u015f\u0131ndan itibaren tasar\u0131m\u0131n temel unsuru olarak ele al\u0131yoruz. Do\u011fru planlanan depolama alanlar\u0131 hem ya\u015fam kalitesini art\u0131r\u0131yor hem de konutun uzun vadeli de\u011ferini g\u00fc\u00e7lendiriyor.\u201d<\/p>\n<h2>E-Ticaret ve K\u00fc\u00e7\u00fck Metrekareli Ya\u015fam Planlamay\u0131 De\u011fi\u015ftiriyor<\/h2>\n<p>Uzmanlara g\u00f6re, artan e-ticaret al\u0131\u015fkanl\u0131klar\u0131, ev i\u00e7i d\u00fczen ihtiyac\u0131n\u0131n y\u00fckselmesi ve k\u00fc\u00e7\u00fck metrekareli ya\u015fam\u0131n yayg\u0131nla\u015fmas\u0131, konut projelerinde yeni planlama yakla\u015f\u0131mlar\u0131n\u0131 beraberinde getiriyor. Son d\u00f6nemde al\u0131c\u0131lar\u0131n en \u00e7ok \u00f6nem verdi\u011fi unsurlar aras\u0131nda:<\/p>\n<ul>\n<li>Giri\u015fte geni\u015f portmanto alanlar\u0131,<\/li>\n<li>\u00c7ama\u015f\u0131r ve temizlik dolaplar\u0131,<\/li>\n<li>Mutfakta kiler ve y\u00fcksek hacimli dolap \u00e7\u00f6z\u00fcmleri,<\/li>\n<li>Yatak odas\u0131nda giyinme alan\u0131,<\/li>\n<li>Balkon ve teraslar\u0131n depolama ile birlikte kurgulanmas\u0131,<\/li>\n<li>Site i\u00e7inde ba\u011f\u0131ms\u0131z depo alanlar\u0131<\/li>\n<\/ul>\n<p>\u00f6ne \u00e7\u0131k\u0131yor.<\/p>\n<p>Uzmanlar, depolama kurgusu g\u00fc\u00e7l\u00fc olan k\u00fc\u00e7\u00fck metrekareli projelerin sat\u0131\u015f s\u00fcrecinde daha h\u0131zl\u0131 karar al\u0131nd\u0131\u011f\u0131n\u0131, ayn\u0131 zamanda kullan\u0131c\u0131 memnuniyetini art\u0131rd\u0131\u011f\u0131n\u0131 belirtiyor. Do\u011fru planlanan depolama alanlar\u0131; konutun daha ferah alg\u0131lanmas\u0131na, ya\u015fam alanlar\u0131n\u0131n verimli kullan\u0131lmas\u0131na ve uzun vadede de\u011ferini korumas\u0131na katk\u0131 sa\u011fl\u0131yor.<\/p>\n<p>SOA Holding ise yeni d\u00f6nemde konut projelerinde yaln\u0131zca plan ve metrekareye de\u011fil, fonksiyonel ya\u015fam senaryolar\u0131n\u0131 merkeze alan tasar\u0131m yakla\u015f\u0131m\u0131n\u0131 s\u00fcrd\u00fcrmeyi hedefliyor.<\/p>\n","protected":false},"excerpt":{"rendered":"<p>T\u00fcrkiye\u2019de artan konut fiyatlar\u0131, de\u011fi\u015fen ya\u015fam tarzlar\u0131 ve \u015fehir hayat\u0131nda alan kullan\u0131m\u0131n\u0131n yeniden tan\u0131mlanmas\u0131yla birlikte konut tercihlerinde yeni bir d\u00f6nem ba\u015fl\u0131yor. Son d\u00f6nemde konut piyasas\u0131nda \u00f6ne \u00e7\u0131kan en belirgin trendlerden biri, daire metrekarelerinin k\u00fc\u00e7\u00fclmesiyle birlikte depolama alanlar\u0131na ve ak\u0131ll\u0131 saklama \u00e7\u00f6z\u00fcmlerine olan ihtiyac\u0131n artmas\u0131 oluyor. Bu d\u00f6n\u00fc\u015f\u00fcm\u00fcn arka plan\u0131nda ise hane yap\u0131s\u0131ndaki de\u011fi\u015fim dikkat \u00e7ekiyor. [&hellip;]<\/p>\n","protected":false},"author":1,"featured_media":50490,"comment_status":"open","ping_status":"open","sticky":false,"template":"","format":"standard","meta":{"ngg_post_thumbnail":0},"categories":[26,5388],"tags":[17856,17853,17855,17851,17852,17857,1955,17854],"_links":{"self":[{"href":"https:\/\/emlaktuel.com\/index.php?rest_route=\/wp\/v2\/posts\/50489"}],"collection":[{"href":"https:\/\/emlaktuel.com\/index.php?rest_route=\/wp\/v2\/posts"}],"about":[{"href":"https:\/\/emlaktuel.com\/index.php?rest_route=\/wp\/v2\/types\/post"}],"author":[{"embeddable":true,"href":"https:\/\/emlaktuel.com\/index.php?rest_route=\/wp\/v2\/users\/1"}],"replies":[{"embeddable":true,"href":"https:\/\/emlaktuel.com\/index.php?rest_route=%2Fwp%2Fv2%2Fcomments&post=50489"}],"version-history":[{"count":1,"href":"https:\/\/emlaktuel.com\/index.php?rest_route=\/wp\/v2\/posts\/50489\/revisions"}],"predecessor-version":[{"id":50491,"href":"https:\/\/emlaktuel.com\/index.php?rest_route=\/wp\/v2\/posts\/50489\/revisions\/50491"}],"wp:featuredmedia":[{"embeddable":true,"href":"https:\/\/emlaktuel.com\/index.php?rest_route=\/wp\/v2\/media\/50490"}],"wp:attachment":[{"href":"https:\/\/emlaktuel.com\/index.php?rest_route=%2Fwp%2Fv2%2Fmedia&parent=50489"}],"wp:term":[{"taxonomy":"category","embeddable":true,"href":"https:\/\/emlaktuel.com\/index.php?rest_route=%2Fwp%2Fv2%2Fcategories&post=50489"},{"taxonomy":"post_tag","embeddable":true,"href":"https:\/\/emlaktuel.com\/index.php?rest_route=%2Fwp%2Fv2%2Ftags&post=50489"}],"curies":[{"name":"wp","href":"https:\/\/api.w.org\/{rel}","templated":true}]}}