{"id":50372,"date":"2026-01-15T13:34:30","date_gmt":"2026-01-15T10:34:30","guid":{"rendered":"https:\/\/emlaktuel.com\/?p=50372"},"modified":"2026-01-15T13:34:30","modified_gmt":"2026-01-15T10:34:30","slug":"kurumsal-markalarin-stratejik-merkezi-finance-center-hayata-geciyor","status":"publish","type":"post","link":"https:\/\/emlaktuel.com\/?p=50372","title":{"rendered":"Kurumsal markalar\u0131n stratejik merkezi \u2018Finance Center\u2019 hayata ge\u00e7iyor"},"content":{"rendered":"<p>\u0130n\u015faat sekt\u00f6r\u00fcn\u00fcn k\u00f6kl\u00fc ve g\u00fcvenilir markalar\u0131ndan Beyaz Group \u0130n\u015faat, yeni projesi Finance Center i\u00e7in d\u00fc\u011fmeye bast\u0131. B\u00fcy\u00fck\u00e7ekmece\u2019de hayata ge\u00e7irilecek proje, bulundu\u011fu b\u00f6lgenin \u00e7ehresini ve sosyal dokusunu \u015fekillendirecek yeni nesil bir i\u015f merkezi olarak konumlan\u0131yor. Toplam 1 milyar TL yat\u0131r\u0131m de\u011ferine sahip olan projenin Haziran 2027\u2019de teslim edilmesi planlan\u0131yor.<\/p>\n<p>Beyaz Group \u0130n\u015faat Yeni Y\u0131l\u0131 Yeni Projesiyle Kar\u015f\u0131l\u0131yor<\/p>\n<p>Bug\u00fcne kadar hayata ge\u00e7irdi\u011fi projeleri planlanan s\u00fcrede teslim eden ve devam eden projelerinin in\u015fas\u0131n\u0131 aral\u0131ks\u0131z s\u00fcrd\u00fcren Beyaz Group \u0130n\u015faat, yeni y\u0131l\u0131 yeni bir yat\u0131r\u0131mla kar\u015f\u0131l\u0131yor. \u015eirket, ticari gayrimenkul alan\u0131nda fark yaratacak Finance Center projesiyle kurumsal markalara hitap eden g\u00fc\u00e7l\u00fc bir merkez olu\u015fturmay\u0131 hedefliyor.<\/p>\n<p>E-5 Cepheli, Stratejik Lokasyonda Yeni Nesil \u0130\u015f Merkezi<\/p>\n<p>B\u00fcy\u00fck\u00e7ekmece\u2019nin ana arterlerinden Mimaroba mevkiinde, E-5 karayolu \u00fczerinde konumlanan Finance Center, i\u015f d\u00fcnyas\u0131n\u0131n ihtiya\u00e7lar\u0131n\u0131, beklentilerini ve yat\u0131r\u0131m trendlerini tek bir konsept alt\u0131nda bulu\u015fturuyor. Yeni nesil i\u015f ve ya\u015fam alan\u0131 olarak tasarlanan proje, hem yat\u0131r\u0131mc\u0131lar hem de kullan\u0131c\u0131lar i\u00e7in \u00f6nemli avantajlar sunuyor.<\/p>\n<p>\u201cFinance Center, B\u00fcy\u00fck\u00e7ekmece\u2019nin \u00c7ehresini De\u011fi\u015ftirecek\u201d<\/p>\n<p>Proje hakk\u0131nda bilgi veren Beyaz Group \u0130n\u015faat Y\u00f6netim Kurulu E\u015f Ba\u015fkan\u0131 Emrah Beyaz, hafriyat \u00e7al\u0131\u015fmalar\u0131na ba\u015fland\u0131\u011f\u0131n\u0131 ve projenin 2027 y\u0131l\u0131 Haziran ay\u0131nda tamamlanmas\u0131n\u0131n hedeflendi\u011fini belirtti.<\/p>\n<p>Emrah Beyaz a\u00e7\u0131klamas\u0131nda \u015fu ifadelere yer verdi:<\/p>\n<p>\u201c\u015eirketimiz, B\u00fcy\u00fck\u00e7ekmece\u2019de en fazla kentsel d\u00f6n\u00fc\u015f\u00fcm projesi y\u00fcr\u00fcten firmalar aras\u0131nda yer al\u0131yor. B\u00f6lgenin sosyal dokusunu \u015fekillendiren, de\u011fer katan projelere imza att\u0131k. Stratejik lokasyonlarda konumland\u0131rd\u0131\u011f\u0131m\u0131z projelerimizle yat\u0131r\u0131mc\u0131lar\u0131m\u0131za s\u00fcrd\u00fcr\u00fclebilir de\u011fer sunmay\u0131 ama\u00e7l\u0131yoruz. \u015eimdi de ayn\u0131 kalite anlay\u0131\u015f\u0131yla, bu kez ticari alanda yepyeni bir proje i\u00e7in d\u00fc\u011fmeye bast\u0131k.\u201d<\/p>\n<p>Geni\u015f Sekt\u00f6r Yelpazesine Hitap Ediyor<\/p>\n<p>Finance Center, finans ve dan\u0131\u015fmanl\u0131k ofislerinden avukatl\u0131k b\u00fcrolar\u0131na, teknoloji \u015firketlerinden kurumsal e\u011fitim merkezlerine, e-ticaret operasyon merkezlerinden mimarl\u0131k ofislerine kadar bir\u00e7ok farkl\u0131 i\u015f koluna ev sahipli\u011fi yapabilecek \u015fekilde tasarland\u0131. Yo\u011fun talep sonras\u0131 \u00f6n sat\u0131\u015flar\u0131n ba\u015flad\u0131\u011f\u0131 da belirtildi.<\/p>\n<p>25 Bin Metrekarelik Alanda Yatay Mimari<\/p>\n<p>Finance Center, 25 bin metrekare in\u015faat alan\u0131 \u00fczerinde, dokuz katl\u0131 iki bloktan olu\u015fan yatay mimari anlay\u0131\u015f\u0131yla y\u00fckseliyor. Projede:<\/p>\n<ul>\n<li>2 kat otopark<\/li>\n<li>1 kat ticari alan<\/li>\n<li>7 kat ofis alan\u0131<\/li>\n<\/ul>\n<p>bulunuyor. Toplamda 13 ticari \u00fcnite ve 98 ofis \u00fcnitesi yer al\u0131yor. Ofisler 47 m\u00b2 ile 220 m\u00b2 aras\u0131nda de\u011fi\u015firken, mod\u00fcler yap\u0131 sistemi sayesinde alanlar 500 m\u00b2\u2019ye kadar birle\u015ftirilebiliyor.<\/p>\n<p>G\u00fcne\u015f Enerjisi ile Daha D\u00fc\u015f\u00fck Aidat Avantaj\u0131<\/p>\n<p>Proje, bina \u00e7at\u0131s\u0131 ve uygun cephelere yerle\u015ftirilen g\u00fcne\u015f panelleri sayesinde ortak alanlar\u0131n ve genel enerji ihtiyac\u0131n\u0131n \u00f6nemli bir k\u0131sm\u0131n\u0131 kar\u015f\u0131l\u0131yor. Bu sistem, ofis sahiplerine daha d\u00fc\u015f\u00fck aidat ve i\u015fletme giderleri avantaj\u0131 sa\u011fl\u0131yor.<\/p>\n<p>Sosyal Alanlar ve G\u00fc\u00e7l\u00fc Altyap\u0131<\/p>\n<p>Alfa Beta Proje Pazarlama Sat\u0131\u015f Direkt\u00f6r\u00fc Esin Karada\u011f, projenin detaylar\u0131 ve \u00f6deme se\u00e7enekleriyle ilgili \u015fu bilgileri payla\u015ft\u0131:<\/p>\n<p>\u201cFinance Center, her t\u00fcrl\u00fc konforu bir arada sunacak \u015fekilde tasarland\u0131. Giri\u015f kat\u0131nda ticari \u00fcnitelerin yer ald\u0131\u011f\u0131 bir avlu bulunuyor. Bu alan, yeme-i\u00e7me mekanlar\u0131na eri\u015fim sa\u011flarken ofis \u00e7al\u0131\u015fanlar\u0131na a\u00e7\u0131k havada vakit ge\u00e7irme imk\u00e2n\u0131 sunacak. Lobi alan\u0131, ziyaret\u00e7ilerin kar\u015f\u0131lanmas\u0131 i\u00e7in ortak kullan\u0131m alan\u0131 olarak tasarland\u0131.<\/p>\n<p>Kat bah\u00e7eli ofisler sayesinde kullan\u0131c\u0131lar \u00f6zel teras alanlar\u0131na sahip olabilecek. Ortak toplant\u0131 odalar\u0131, ihtiya\u00e7 halinde y\u00f6netimden kiralanabilecek. Projede fiber internet, klima altyap\u0131s\u0131, ortak alanlar i\u00e7in tam kapasite jenerat\u00f6r deste\u011fi yer al\u0131yor. Ayr\u0131ca kafe-restoran alanlar\u0131, market, temel ihtiya\u00e7 ma\u011fazalar\u0131 ve ATM hizmetleri de projede bulunacak.\u201d<\/p>\n<p>Metrekare Fiyat\u0131 130 Bin TL\u2019den Ba\u015fl\u0131yor<\/p>\n<p>Projede metrekare birim fiyatlar\u0131 130 bin TL olarak belirlendi. Yat\u0131r\u0131mc\u0131lara \u00f6zel olarak lansmana \u00f6zel \u00f6deme kolayl\u0131klar\u0131 sunuluyor. \u00d6deme plan\u0131 kapsam\u0131nda y\u00fczde 35 pe\u015fin, 15 ay vade farks\u0131z \u00f6deme se\u00e7ene\u011fi bulunuyor.<\/p>\n<p>Ula\u015f\u0131m Avantajlar\u0131yla \u00d6ne \u00c7\u0131k\u0131yor<\/p>\n<p>Finance Center;<\/p>\n<ul>\n<li>E-5 karayoluna cephe<\/li>\n<li>TEM Otoyolu\u2019na 10 dakika<\/li>\n<li>\u0130stanbul Havaliman\u0131\u2019na 25 dakika<\/li>\n<li>Mimarsinan Devlet Hastanesi\u2019ne 5 dakika<\/li>\n<li>T\u00dcYAP Fuar Merkezi\u2019ne 8 dakika<\/li>\n<li>\u00d6zel e\u011fitim kurumlar\u0131na 1 dakika<\/li>\n<li>Al\u0131\u015fveri\u015f merkezlerine 15 dakika<\/li>\n<\/ul>\n<p>mesafede yer al\u0131yor.<\/p>\n<p>Detayl\u0131 bilgi i\u00e7in:<\/p>\n<p>www.beyazgroup.com.tr<\/p>\n<p>\ud83d\udcde 0212 880 29 29<\/p>\n","protected":false},"excerpt":{"rendered":"<p>\u0130n\u015faat sekt\u00f6r\u00fcn\u00fcn k\u00f6kl\u00fc ve g\u00fcvenilir markalar\u0131ndan Beyaz Group \u0130n\u015faat, yeni projesi Finance Center i\u00e7in d\u00fc\u011fmeye bast\u0131. B\u00fcy\u00fck\u00e7ekmece\u2019de hayata ge\u00e7irilecek proje, bulundu\u011fu b\u00f6lgenin \u00e7ehresini ve sosyal dokusunu \u015fekillendirecek yeni nesil bir i\u015f merkezi olarak konumlan\u0131yor. Toplam 1 milyar TL yat\u0131r\u0131m de\u011ferine sahip olan projenin Haziran 2027\u2019de teslim edilmesi planlan\u0131yor. Beyaz Group \u0130n\u015faat Yeni Y\u0131l\u0131 Yeni Projesiyle [&hellip;]<\/p>\n","protected":false},"author":1,"featured_media":50373,"comment_status":"open","ping_status":"open","sticky":false,"template":"","format":"standard","meta":{"ngg_post_thumbnail":0},"categories":[221,97,5388],"tags":[17715,17716,17714],"_links":{"self":[{"href":"https:\/\/emlaktuel.com\/index.php?rest_route=\/wp\/v2\/posts\/50372"}],"collection":[{"href":"https:\/\/emlaktuel.com\/index.php?rest_route=\/wp\/v2\/posts"}],"about":[{"href":"https:\/\/emlaktuel.com\/index.php?rest_route=\/wp\/v2\/types\/post"}],"author":[{"embeddable":true,"href":"https:\/\/emlaktuel.com\/index.php?rest_route=\/wp\/v2\/users\/1"}],"replies":[{"embeddable":true,"href":"https:\/\/emlaktuel.com\/index.php?rest_route=%2Fwp%2Fv2%2Fcomments&post=50372"}],"version-history":[{"count":1,"href":"https:\/\/emlaktuel.com\/index.php?rest_route=\/wp\/v2\/posts\/50372\/revisions"}],"predecessor-version":[{"id":50374,"href":"https:\/\/emlaktuel.com\/index.php?rest_route=\/wp\/v2\/posts\/50372\/revisions\/50374"}],"wp:featuredmedia":[{"embeddable":true,"href":"https:\/\/emlaktuel.com\/index.php?rest_route=\/wp\/v2\/media\/50373"}],"wp:attachment":[{"href":"https:\/\/emlaktuel.com\/index.php?rest_route=%2Fwp%2Fv2%2Fmedia&parent=50372"}],"wp:term":[{"taxonomy":"category","embeddable":true,"href":"https:\/\/emlaktuel.com\/index.php?rest_route=%2Fwp%2Fv2%2Fcategories&post=50372"},{"taxonomy":"post_tag","embeddable":true,"href":"https:\/\/emlaktuel.com\/index.php?rest_route=%2Fwp%2Fv2%2Ftags&post=50372"}],"curies":[{"name":"wp","href":"https:\/\/api.w.org\/{rel}","templated":true}]}}