{"id":50369,"date":"2026-01-14T17:09:39","date_gmt":"2026-01-14T14:09:39","guid":{"rendered":"https:\/\/emlaktuel.com\/?p=50369"},"modified":"2026-01-14T17:09:39","modified_gmt":"2026-01-14T14:09:39","slug":"inderin-1-kentsel-gelisim-zirvesi-gayrimenkul-sektorunu-bir-araya-getirdi","status":"publish","type":"post","link":"https:\/\/emlaktuel.com\/?p=50369","title":{"rendered":"\u0130NDER\u2019in 1. Kentsel Geli\u015fim Zirvesi, Gayrimenkul Sekt\u00f6r\u00fcn\u00fc Bir Araya Getirdi"},"content":{"rendered":"<p>\u0130n\u015faat\u00e7\u0131lar ve Gayrimenkul Geli\u015ftiricileri Derne\u011fi (\u0130NDER), \u201c2026: \u0130nsan Odakl\u0131 D\u00f6n\u00fc\u015f\u00fcm Y\u0131l\u0131\u201d vizyonu kapsam\u0131nda d\u00fczenledi\u011fi 1. Kentsel Geli\u015fim Zirvesi ile sekt\u00f6r\u00fcn t\u00fcm payda\u015flar\u0131n\u0131 ayn\u0131 platformda bir araya getirdi. 14 Ocak\u2019ta Radisson Collection Vadistanbul\u2019da ger\u00e7ekle\u015ftirilen zirvede, kentlerin gelece\u011fine y\u00f6nelik ortak bir perspektif olu\u015fturulmas\u0131 hedeflendi.<\/p>\n<p>\u201c2026\u2019y\u0131 \u0130nsan Odakl\u0131 D\u00f6n\u00fc\u015f\u00fcm Y\u0131l\u0131 \u0130lan Ettik\u201d<\/p>\n<p>Zirvenin a\u00e7\u0131l\u0131\u015f konu\u015fmas\u0131n\u0131 yapan \u0130NDER Y\u00f6netim Kurulu Ba\u015fkan\u0131 Engin Ke\u00e7eli, etkinli\u011fin yaln\u0131zca bir zirve de\u011fil, yeni bir yakla\u015f\u0131m\u0131n ba\u015flang\u0131c\u0131 oldu\u011funu vurgulad\u0131. Ke\u00e7eli,<\/p>\n<p>\u201cBug\u00fcn burada bir duru\u015fu, bir yakla\u015f\u0131m\u0131 ve bir vizyonu ba\u015flatmak i\u00e7in bir araday\u0131z. \u0130NDER olarak 2026\u2019y\u0131 \u0130nsan Odakl\u0131 D\u00f6n\u00fc\u015f\u00fcm Y\u0131l\u0131 ilan ettik. Bu anlay\u0131\u015fla \u015fekillendirdi\u011fimiz ilk etkinli\u011fimizi ger\u00e7ekle\u015ftiriyor olmaktan b\u00fcy\u00fck mutluluk duyuyoruz\u201d dedi.<\/p>\n<h2>\u201cKentsel D\u00f6n\u00fc\u015f\u00fcm De\u011fil, Kentsel Geli\u015fim\u201d<\/h2>\n<p>Zirvenin ad\u0131n\u0131n Kentsel Geli\u015fim Zirvesi olarak belirlenmesinin bilin\u00e7li bir tercih oldu\u011funu ifade eden Ke\u00e7eli, kentsel d\u00f6n\u00fc\u015f\u00fcm anlay\u0131\u015f\u0131n\u0131n art\u0131k daha geni\u015f bir \u00e7er\u00e7evede ele al\u0131nmas\u0131 gerekti\u011fini s\u00f6yledi:<\/p>\n<p>\u201cKentsel d\u00f6n\u00fc\u015f\u00fcm var olan\u0131 iyile\u015ftirir, kentsel geli\u015fim ise yeni olan\u0131 in\u015fa eder. Yap\u0131 yenilemeye s\u0131k\u0131\u015fm\u0131\u015f, rantsal tart\u0131\u015fmalarla daralt\u0131lm\u0131\u015f bir d\u00f6n\u00fc\u015f\u00fcm anlay\u0131\u015f\u0131n\u0131n \u00f6tesine ge\u00e7mek zorunday\u0131z. Kent yaln\u0131zca binalardan ibaret de\u011fildir; ya\u015fanmak istenen mek\u00e2nlar olmal\u0131d\u0131r.\u201d<\/p>\n<p>Ke\u00e7eli, kentsel geli\u015fimin merkezinde insan\u0131n yer ald\u0131\u011f\u0131n\u0131 belirterek,<\/p>\n<p>\u201c\u0130nsan\u0131 b\u00fcy\u00fctmeyen bir \u015fehir sadece yap\u0131 \u00fcretir. G\u00fcven, huzur ve aidiyet betonla de\u011fil; insanla ve ruhla in\u015fa edilir\u201d ifadelerini kulland\u0131.<\/p>\n<p>\u201cKente Sahip \u00c7\u0131kma Bilinci E\u011fitimle ve Fark\u0131ndal\u0131kla Geli\u015fir\u201d<\/p>\n<p>Kent bilincinin yaln\u0131zca y\u00f6neticilerin ya da uzmanlar\u0131n sorumlulu\u011fu olmad\u0131\u011f\u0131n\u0131 vurgulayan Ke\u00e7eli, bu bilincin bireylerin aktif kat\u0131l\u0131m\u0131yla g\u00fc\u00e7lenece\u011fini belirtti. E\u011fitim ve fark\u0131ndal\u0131\u011f\u0131n \u00f6nemine dikkat \u00e7eken Ke\u00e7eli, vatanda\u015flar\u0131n ya\u015fad\u0131klar\u0131 kentlere ili\u015fkin hukuki haklar konusunda da do\u011fru \u015fekilde bilgilendirilmesi gerekti\u011fini s\u00f6yledi.<\/p>\n<p>\u201cKentler Mecbur Kal\u0131nan De\u011fil, Bilin\u00e7le Tercih Edilen Ya\u015fam Alanlar\u0131 Olmal\u0131\u201d<\/p>\n<p>Kentlerin yaln\u0131zca kullan\u0131c\u0131lar\u0131yla de\u011fil, onlar\u0131 in\u015fa edenlerin vizyonuyla \u015fekillendi\u011fini dile getiren Ke\u00e7eli,<\/p>\n<p>\u201cArt\u0131k \u2018nereye gidiyoruz\u2019 sorusundan \u00e7ok, \u2018nas\u0131l bir kentte ya\u015famak istiyoruz\u2019 sorusunu sormal\u0131y\u0131z. Kentler mecbur kal\u0131nan de\u011fil, bilin\u00e7le tercih edilen ya\u015fam alanlar\u0131 olmal\u0131\u201d dedi.<\/p>\n<p>\u201cGer\u00e7ek Geli\u015fim, Bug\u00fcn\u00fc Onar\u0131rken Yar\u0131n\u0131 \u0130n\u015fa Edebilmek\u201d<\/p>\n<p>Kentsel geli\u015fimin yaln\u0131zca fiziksel de\u011fil, ayn\u0131 zamanda psikolojik ve sosyolojik bir s\u00fcre\u00e7 oldu\u011funu ifade eden Ke\u00e7eli, g\u00fc\u00e7l\u00fc toplumsal ili\u015fkiler, mahalle k\u00fclt\u00fcr\u00fc ve ortak ya\u015fam alanlar\u0131n\u0131n kentlerin sosyal dokusunu olu\u015fturdu\u011funu vurgulad\u0131. Gelece\u011fin kentlerinin, uzun vadeli vizyon, do\u011fru mevzuat, s\u00fcrd\u00fcr\u00fclebilir kaynak kullan\u0131m\u0131 ve g\u00fc\u00e7l\u00fc kurumsal i\u015f birlikleriyle \u015fekillenmesi gerekti\u011fini belirtti.<\/p>\n<p>\u201cKentler Ortak Ak\u0131lla \u015eekillenir\u201d<\/p>\n<p>Konu\u015fmas\u0131n\u0131,<\/p>\n<p>\u201cBu zirveyi t\u00fcm payda\u015flar\u0131n ortak ak\u0131lla bulu\u015ftu\u011fu bir platform olarak g\u00f6r\u00fcyoruz. \u0130nsan odakl\u0131, esteti\u011fi \u00f6nemseyen ve sosyal dokuyu g\u00fc\u00e7lendiren bir anlay\u0131\u015fla gelece\u011fin kentlerini birlikte in\u015fa edebiliriz. Kentler tek ba\u015f\u0131na in\u015fa edilmez, ortak ak\u0131lla \u015fekillenir\u201d<\/p>\n<p>s\u00f6zleriyle tamamlad\u0131.<\/p>\n<h2>Kamu, Akademi ve \u00d6zel Sekt\u00f6r Ayn\u0131 Platformda<\/h2>\n<p>Zirvenin a\u00e7\u0131l\u0131\u015f\u0131n\u0131n ard\u0131ndan Polat Holding Y\u00f6netim Kurulu Ba\u015fkan\u0131 Adnan Polat ve 61. T\u00fcrkiye H\u00fck\u00fcmeti \u00c7evre ve \u015eehircilik Bakan\u0131 Erdo\u011fan Bayraktar kat\u0131l\u0131mc\u0131lara hitap etti.<\/p>\n<h2>Geli\u015fen \u015eehirler, De\u011fi\u015fen \u0130nsanlar<\/h2>\n<p>\u0130lk panel, \u201cGeli\u015fen \u015eehirler, De\u011fi\u015fen \u0130nsanlar: Sosyal Dokunun Kentsel Ser\u00fcveni\u201d ba\u015fl\u0131\u011f\u0131yla \u0130NDER Y\u00f6netim Kurulu \u00dcyesi Melda Ko\u015far moderat\u00f6rl\u00fc\u011f\u00fcnde ger\u00e7ekle\u015ftirildi. Panelde akademi, mimarl\u0131k ve sekt\u00f6r temsilcileri sosyal d\u00f6n\u00fc\u015f\u00fcm\u00fc ele ald\u0131.<\/p>\n<h2>Kentsel D\u00f6n\u00fc\u015f\u00fcm\u00fcn Finansman\u0131 Masaya Yat\u0131r\u0131ld\u0131<\/h2>\n<p>\u201cKredi mi? Kaynak m\u0131? Mucize mi? Kentsel D\u00f6n\u00fc\u015f\u00fcm\u00fcn Finans\u0131\u201d ba\u015fl\u0131kl\u0131 panelde, kentsel d\u00f6n\u00fc\u015f\u00fcm projelerinin finansal boyutlar\u0131 sekt\u00f6r\u00fcn \u00f6nde gelen isimleri taraf\u0131ndan de\u011ferlendirildi.<\/p>\n<h2>Yapay Zeka \u00c7a\u011f\u0131nda \u0130nsan ve \u015eehir<\/h2>\n<p>A\u00e7\u0131k Beyin Kurucu Ba\u015fkan\u0131 ve N\u00f6robilim Uzman\u0131 Prof. Dr. Sinan Canan, yapay zek\u00e2 ve dijitalle\u015fme \u00e7a\u011f\u0131nda insan\u0131n \u015fehirle kurdu\u011fu ili\u015fkiye dair \u00e7arp\u0131c\u0131 de\u011ferlendirmelerde bulundu.<\/p>\n<h2>Gelece\u011fin Kentleri \u00c7ok Boyutlu Ele Al\u0131nd\u0131<\/h2>\n<p>\u201cGeli\u015fen Kentlerde Plan, Mevzuat ve Ger\u00e7eklik\u201d ile \u201cGelece\u011fin Kentlerini Okumak\u201d ba\u015fl\u0131kl\u0131 panellerde planlama, hukuk, s\u00fcrd\u00fcr\u00fclebilirlik ve gelecek \u00f6ng\u00f6r\u00fcleri masaya yat\u0131r\u0131ld\u0131.<\/p>\n<p>Zirve, usta sanat\u00e7\u0131 Ali Poyrazo\u011flu\u2019nun sahne g\u00f6sterisiyle sona erdi.<\/p>\n<h2>G\u00fc\u00e7l\u00fc Sponsor Deste\u011fi<\/h2>\n<p>1. Kentsel Geli\u015fim Zirvesi\u2019nin ana sponsorlu\u011funu Garanti BBVA, sigorta sponsorlu\u011funu Quick Sigorta \u00fcstlenirken; Deniz Portf\u00f6y, SAPA by Hydro ve Lineadecor da etkinli\u011fe sponsor olarak destek verdi. Bir\u00e7ok sekt\u00f6r markas\u0131 ise s\u00fcrd\u00fcr\u00fclebilirlik sponsoru olarak zirvede yer ald\u0131.<\/p>\n","protected":false},"excerpt":{"rendered":"<p>\u0130n\u015faat\u00e7\u0131lar ve Gayrimenkul Geli\u015ftiricileri Derne\u011fi (\u0130NDER), \u201c2026: \u0130nsan Odakl\u0131 D\u00f6n\u00fc\u015f\u00fcm Y\u0131l\u0131\u201d vizyonu kapsam\u0131nda d\u00fczenledi\u011fi 1. Kentsel Geli\u015fim Zirvesi ile sekt\u00f6r\u00fcn t\u00fcm payda\u015flar\u0131n\u0131 ayn\u0131 platformda bir araya getirdi. 14 Ocak\u2019ta Radisson Collection Vadistanbul\u2019da ger\u00e7ekle\u015ftirilen zirvede, kentlerin gelece\u011fine y\u00f6nelik ortak bir perspektif olu\u015fturulmas\u0131 hedeflendi. \u201c2026\u2019y\u0131 \u0130nsan Odakl\u0131 D\u00f6n\u00fc\u015f\u00fcm Y\u0131l\u0131 \u0130lan Ettik\u201d Zirvenin a\u00e7\u0131l\u0131\u015f konu\u015fmas\u0131n\u0131 yapan \u0130NDER Y\u00f6netim [&hellip;]<\/p>\n","protected":false},"author":1,"featured_media":50370,"comment_status":"open","ping_status":"open","sticky":false,"template":"","format":"standard","meta":{"ngg_post_thumbnail":0},"categories":[221,97,5388],"tags":[8848],"_links":{"self":[{"href":"https:\/\/emlaktuel.com\/index.php?rest_route=\/wp\/v2\/posts\/50369"}],"collection":[{"href":"https:\/\/emlaktuel.com\/index.php?rest_route=\/wp\/v2\/posts"}],"about":[{"href":"https:\/\/emlaktuel.com\/index.php?rest_route=\/wp\/v2\/types\/post"}],"author":[{"embeddable":true,"href":"https:\/\/emlaktuel.com\/index.php?rest_route=\/wp\/v2\/users\/1"}],"replies":[{"embeddable":true,"href":"https:\/\/emlaktuel.com\/index.php?rest_route=%2Fwp%2Fv2%2Fcomments&post=50369"}],"version-history":[{"count":1,"href":"https:\/\/emlaktuel.com\/index.php?rest_route=\/wp\/v2\/posts\/50369\/revisions"}],"predecessor-version":[{"id":50371,"href":"https:\/\/emlaktuel.com\/index.php?rest_route=\/wp\/v2\/posts\/50369\/revisions\/50371"}],"wp:featuredmedia":[{"embeddable":true,"href":"https:\/\/emlaktuel.com\/index.php?rest_route=\/wp\/v2\/media\/50370"}],"wp:attachment":[{"href":"https:\/\/emlaktuel.com\/index.php?rest_route=%2Fwp%2Fv2%2Fmedia&parent=50369"}],"wp:term":[{"taxonomy":"category","embeddable":true,"href":"https:\/\/emlaktuel.com\/index.php?rest_route=%2Fwp%2Fv2%2Fcategories&post=50369"},{"taxonomy":"post_tag","embeddable":true,"href":"https:\/\/emlaktuel.com\/index.php?rest_route=%2Fwp%2Fv2%2Ftags&post=50369"}],"curies":[{"name":"wp","href":"https:\/\/api.w.org\/{rel}","templated":true}]}}