{"id":50361,"date":"2026-01-13T22:16:17","date_gmt":"2026-01-13T19:16:17","guid":{"rendered":"https:\/\/emlaktuel.com\/?p=50361"},"modified":"2026-01-13T22:16:17","modified_gmt":"2026-01-13T19:16:17","slug":"hdi-sigorta-ve-imsiaddan-insaat-sektorunde-sigortaciligin-onemi-vurgusu","status":"publish","type":"post","link":"https:\/\/emlaktuel.com\/?p=50361","title":{"rendered":"HDI Sigorta ve \u0130MS\u0130AD\u2019dan \u0130n\u015faat Sekt\u00f6r\u00fcnde Sigortac\u0131l\u0131\u011f\u0131n \u00d6nemi Vurgusu"},"content":{"rendered":"<p>Alman sigorta devi HDI International AG \u00e7at\u0131s\u0131 alt\u0131nda faaliyet g\u00f6steren ve 4 bini a\u015fk\u0131n acentesiyle T\u00fcrkiye genelinde hizmet sunan HDI Sigorta, \u0130n\u015faat M\u00fcteahhitleri Sanayiciler ve \u0130\u015f \u0130nsanlar\u0131 Derne\u011fi (\u0130MS\u0130AD) i\u015f birli\u011fiyle Bursa\u2019da \u00f6nemli bir etkinli\u011fe imza att\u0131. Sheraton Bursa Hotel\u2019de d\u00fczenlenen etkinlikte, in\u015faat sekt\u00f6r\u00fcnde sigortac\u0131l\u0131\u011f\u0131n \u00f6nemi ve risk y\u00f6netimi t\u00fcm y\u00f6nleriyle ele al\u0131nd\u0131.<\/p>\n<p>Etkinli\u011fe; \u0130MS\u0130AD Ba\u015fkan\u0131 \u015eeref Demir, TOBB Sigorta Acenteleri \u0130cra Komitesi \u00dcyesi Ayhan Gencal, Avukat Yusuf Barko\u011flu ve Uluda\u011f \u00dcniversitesi Makine M\u00fchendisli\u011fi B\u00f6l\u00fcm\u00fc \u00d6\u011fretim \u00dcyesi Prof. Dr. Nurettin Yamankaradeniz konu\u015fmac\u0131 olarak kat\u0131ld\u0131. Organizasyon, \u0130MS\u0130AD \u00fcyelerinden yo\u011fun ilgi g\u00f6rd\u00fc.<\/p>\n<h2>\u0130n\u015faat Projelerinde Risk Y\u00f6netimi Hayati \u00d6nem Ta\u015f\u0131yor<\/h2>\n<p>\u0130n\u015faat projelerinde kar\u015f\u0131la\u015f\u0131lan risklerin sigortay\u0131 zorunlu k\u0131ld\u0131\u011f\u0131n\u0131 vurgulayan \u0130MS\u0130AD Ba\u015fkan\u0131 \u015eeref Demir, sekt\u00f6r temsilcilerinin risk y\u00f6netimini profesyonel bir anlay\u0131\u015fla ele almalar\u0131 gerekti\u011fini belirtti.<\/p>\n<p>\u0130n\u015faat s\u00fcrecinde \u00e7ok say\u0131da belirsizlikle kar\u015f\u0131la\u015f\u0131ld\u0131\u011f\u0131n\u0131 ifade eden Demir, \u015funlar\u0131 s\u00f6yledi:<\/p>\n<p>\u201c\u00dcretim s\u00fcrecindeki belirsizlikler, risk y\u00f6netimini de beraberinde getiriyor. Malzeme sevkiyat\u0131nda ya\u015fanabilecek kazalar ve \u00e7evresel ko\u015fullar, ba\u015fl\u0131ca risk fakt\u00f6rleri aras\u0131nda yer al\u0131yor. Bu riskler, sigorta g\u00fcvencesiyle bertaraf edilebilir. Meslekta\u015flar\u0131m\u0131z olas\u0131 maddi ve manevi kay\u0131plar\u0131n\u0131 sigorta kalkan\u0131 sayesinde telafi edebilir.\u201d<\/p>\n<p>Demir ayr\u0131ca, 2024 y\u0131l\u0131nda ya\u015fanan \u00f6l\u00fcml\u00fc i\u015f kazalar\u0131n\u0131n y\u00fczde 30\u2019unun in\u015faat sekt\u00f6r\u00fcnde ger\u00e7ekle\u015fti\u011fine dikkat \u00e7ekerek, sigortac\u0131l\u0131\u011f\u0131n yan\u0131 s\u0131ra i\u015f sa\u011fl\u0131\u011f\u0131 ve g\u00fcvenli\u011finin de sekt\u00f6r i\u00e7in vazge\u00e7ilmez oldu\u011funu vurgulad\u0131.<\/p>\n<h2>Sigorta Poli\u00e7elerinde Kapsam Detaylar\u0131 B\u00fcy\u00fck \u00d6nem Ta\u015f\u0131yor<\/h2>\n<p>TOBB Sigorta Acenteleri \u0130cra Komitesi \u00dcyesi Ayhan Gencal, sigorta poli\u00e7elerinde yer alan teminatlar\u0131n eksiksiz ve do\u011fru \u015fekilde belirlenmesi gerekti\u011finin alt\u0131n\u0131 \u00e7izdi.<\/p>\n<p>Risklere kar\u015f\u0131 olu\u015fabilecek maddi kay\u0131plar\u0131n de\u011ferinin, ancak \u00fcretim s\u00fcre\u00e7lerine h\u00e2kim olan firma temsilcileri taraf\u0131ndan do\u011fru \u015fekilde beyan edilebilece\u011fini belirten Gencal, \u015fu uyar\u0131larda bulundu:<\/p>\n<p>\u201cSigorta poli\u00e7enizde hi\u00e7bir detay\u0131 atlamay\u0131n. \u2018Bu olmaz\u2019 denilen ayr\u0131nt\u0131lar bile poli\u00e7ede yer almal\u0131d\u0131r. G\u00fcvence alt\u0131na al\u0131nmayan \u00fcretim ve hizmet s\u00fcre\u00e7lerinde ya\u015fanabilecek kay\u0131plar, in\u015faat\u0131n durmas\u0131na ve ciddi sonu\u00e7lara yol a\u00e7abilir.\u201d<\/p>\n<h2>\u0130\u015f Kazalar\u0131nda Maddi ve Manevi Tazminat S\u00fcre\u00e7leri<\/h2>\n<p>Etkinlikte s\u00f6z alan Avukat Yusuf Barko\u011flu, i\u015f kazalar\u0131 sonras\u0131 g\u00fcndeme gelen maddi ve manevi tazminat konular\u0131na ili\u015fkin \u00f6nemli bilgiler payla\u015ft\u0131.<\/p>\n<p>Tazminat hesaplamalar\u0131nda; kazaya u\u011frayan ki\u015finin ya\u015f\u0131, geliri, kusur oran\u0131 ve ma\u011fduriyet durumunun belirleyici oldu\u011funu ifade eden Barko\u011flu, i\u015f kazas\u0131 sonucu vefat halinde miras\u00e7\u0131lar\u0131n ve bakmakla y\u00fck\u00fcml\u00fc olunan birinci derece yak\u0131nlar\u0131n da hak sahibi oldu\u011funu vurgulad\u0131.<\/p>\n<h2>\u0130\u015f Sa\u011fl\u0131\u011f\u0131 ve G\u00fcvenli\u011fi \u0130hmale Gelmez<\/h2>\n<p>Etkinli\u011fin son konu\u015fmac\u0131s\u0131 olan Prof. Dr. Nurettin Yamankaradeniz, in\u015faat sekt\u00f6r\u00fcnde i\u015f sa\u011fl\u0131\u011f\u0131 ve g\u00fcvenli\u011finin \u00f6nemine dikkat \u00e7ekti.<\/p>\n<p>2024 y\u0131l\u0131nda in\u015faat sekt\u00f6r\u00fcnde 86 bin 736 i\u015f kazas\u0131 ya\u015fand\u0131\u011f\u0131n\u0131 ve 552\u2019sinin \u00f6l\u00fcml\u00fc oldu\u011funu belirten Yamankaradeniz, kazalar\u0131n b\u00fcy\u00fck b\u00f6l\u00fcm\u00fcn\u00fcn y\u00fcksekten d\u00fc\u015fme kaynakl\u0131 oldu\u011funa i\u015faret etti.<\/p>\n<p>\u201cBu tablo, i\u015f sa\u011fl\u0131\u011f\u0131 ve g\u00fcvenli\u011fi kurallar\u0131na yeterince uyulmad\u0131\u011f\u0131n\u0131 g\u00f6steriyor. \u0130\u015fverenler gerekli \u00f6nlemleri almakla kalmamal\u0131, \u00e7al\u0131\u015fanlar\u0131n bu kurallara uyup uymad\u0131\u011f\u0131n\u0131 da s\u00fcrekli denetlemelidir. \u00c7al\u0131\u015fanlar ise kendi can g\u00fcvenlikleri i\u00e7in bu kurallara titizlikle uymal\u0131d\u0131r.\u201d<\/p>\n<h2>HDI Sigorta\u2019ya Te\u015fekk\u00fcr Plaketi<\/h2>\n<p>Sunumlar\u0131n ard\u0131ndan, etkinli\u011fin sponsoru HDI Sigorta ad\u0131na Marmara B\u00f6lge M\u00fcd\u00fcr\u00fc Zekeriya Kahraman\u2019a, \u0130MS\u0130AD Ba\u015fkan\u0131 \u015eeref Demir taraf\u0131ndan te\u015fekk\u00fcr plaketi takdim edildi.<\/p>\n","protected":false},"excerpt":{"rendered":"<p>Alman sigorta devi HDI International AG \u00e7at\u0131s\u0131 alt\u0131nda faaliyet g\u00f6steren ve 4 bini a\u015fk\u0131n acentesiyle T\u00fcrkiye genelinde hizmet sunan HDI Sigorta, \u0130n\u015faat M\u00fcteahhitleri Sanayiciler ve \u0130\u015f \u0130nsanlar\u0131 Derne\u011fi (\u0130MS\u0130AD) i\u015f birli\u011fiyle Bursa\u2019da \u00f6nemli bir etkinli\u011fe imza att\u0131. Sheraton Bursa Hotel\u2019de d\u00fczenlenen etkinlikte, in\u015faat sekt\u00f6r\u00fcnde sigortac\u0131l\u0131\u011f\u0131n \u00f6nemi ve risk y\u00f6netimi t\u00fcm y\u00f6nleriyle ele al\u0131nd\u0131. Etkinli\u011fe; \u0130MS\u0130AD [&hellip;]<\/p>\n","protected":false},"author":1,"featured_media":50362,"comment_status":"open","ping_status":"open","sticky":false,"template":"","format":"standard","meta":{"ngg_post_thumbnail":0},"categories":[97,5388],"tags":[17712,17711],"_links":{"self":[{"href":"https:\/\/emlaktuel.com\/index.php?rest_route=\/wp\/v2\/posts\/50361"}],"collection":[{"href":"https:\/\/emlaktuel.com\/index.php?rest_route=\/wp\/v2\/posts"}],"about":[{"href":"https:\/\/emlaktuel.com\/index.php?rest_route=\/wp\/v2\/types\/post"}],"author":[{"embeddable":true,"href":"https:\/\/emlaktuel.com\/index.php?rest_route=\/wp\/v2\/users\/1"}],"replies":[{"embeddable":true,"href":"https:\/\/emlaktuel.com\/index.php?rest_route=%2Fwp%2Fv2%2Fcomments&post=50361"}],"version-history":[{"count":1,"href":"https:\/\/emlaktuel.com\/index.php?rest_route=\/wp\/v2\/posts\/50361\/revisions"}],"predecessor-version":[{"id":50363,"href":"https:\/\/emlaktuel.com\/index.php?rest_route=\/wp\/v2\/posts\/50361\/revisions\/50363"}],"wp:featuredmedia":[{"embeddable":true,"href":"https:\/\/emlaktuel.com\/index.php?rest_route=\/wp\/v2\/media\/50362"}],"wp:attachment":[{"href":"https:\/\/emlaktuel.com\/index.php?rest_route=%2Fwp%2Fv2%2Fmedia&parent=50361"}],"wp:term":[{"taxonomy":"category","embeddable":true,"href":"https:\/\/emlaktuel.com\/index.php?rest_route=%2Fwp%2Fv2%2Fcategories&post=50361"},{"taxonomy":"post_tag","embeddable":true,"href":"https:\/\/emlaktuel.com\/index.php?rest_route=%2Fwp%2Fv2%2Ftags&post=50361"}],"curies":[{"name":"wp","href":"https:\/\/api.w.org\/{rel}","templated":true}]}}