{"id":50354,"date":"2026-01-13T09:10:53","date_gmt":"2026-01-13T06:10:53","guid":{"rendered":"https:\/\/emlaktuel.com\/?p=50354"},"modified":"2026-01-13T09:10:53","modified_gmt":"2026-01-13T06:10:53","slug":"firat-life-style-10-milyar-dolarlik-yatirimla-gayrimenkulde-olcek-buyuttu","status":"publish","type":"post","link":"https:\/\/emlaktuel.com\/?p=50354","title":{"rendered":"F\u0131rat Life Style, 10 Milyar Dolarl\u0131k Yat\u0131r\u0131mla Gayrimenkulde \u00d6l\u00e7ek B\u00fcy\u00fctt\u00fc"},"content":{"rendered":"<p>7 farkl\u0131 sekt\u00f6rde y\u00fcr\u00fctt\u00fc\u011f\u00fc faaliyetlerle toplam 10 milyar dolarl\u0131k yat\u0131r\u0131m hacmine ula\u015fan F\u0131rat Life Style, 2025 y\u0131l\u0131 itibar\u0131yla teslim edilen, yap\u0131m\u0131 devam eden ve teslim s\u00fcrecine giren projeleriyle birlikte 10.500.000 metrekarelik gayrimenkul portf\u00f6y\u00fcn\u00fc y\u00f6netiyor. \u015eirket, T\u00fcrkiye genelinde ofis, konut ve ticari alanlardan olu\u015fan 36 binin \u00fczerinde ba\u011f\u0131ms\u0131z b\u00f6l\u00fcm \u00f6l\u00e7e\u011fiyle faaliyetlerini s\u00fcrd\u00fcr\u00fcyor.<\/p>\n<p>Konut Talebinin Y\u00fcksek Oldu\u011fu D\u00f6nemde G\u00fc\u00e7l\u00fc \u00dcretim Performans\u0131<\/p>\n<p>T\u00fcrkiye genelinde konut talebinin y\u00fcksek seyretti\u011fi, yeni arz\u0131n ise s\u0131n\u0131rl\u0131 kald\u0131\u011f\u0131 bir d\u00f6nemde F\u0131rat Life Style, 2025 y\u0131l\u0131 itibar\u0131yla teslim edilen, yap\u0131m\u0131 devam eden ve teslim s\u00fcrecine giren projeleriyle dikkat \u00e7ekici bir \u00fcretim \u00f6l\u00e7e\u011fine ula\u015ft\u0131.<\/p>\n<p>Toplam 10.500.000 m\u00b2 in\u015faat alan\u0131 ile faaliyet g\u00f6steren \u015firket, 1981 y\u0131l\u0131ndan bu yana ya\u015fam\u0131n ba\u015flad\u0131\u011f\u0131 projelerde;<\/p>\n<ul>\n<li>32.151 konut,<\/li>\n<li>3.891 ticari \u00fcnite,<\/li>\n<li>otel ve AVM yat\u0131r\u0131mlar\u0131yla birlikte<\/li>\n<\/ul>\n<p>toplam 36.172 ba\u011f\u0131ms\u0131z \u00fcnitenin teslimini ger\u00e7ekle\u015ftirdi.<\/p>\n<p>2026 Y\u0131l\u0131nda Yeni Etaplarla \u00dcretim Hacmi Art\u0131yor<\/p>\n<p>Yat\u0131r\u0131mlar\u0131na h\u0131z kesmeden devam eden F\u0131rat Life Style b\u00fcnyesinde halen 13 projede in\u015faat \u00e7al\u0131\u015fmalar\u0131 s\u00fcr\u00fcyor. Bu kapsamda 2026 y\u0131l\u0131nda;<\/p>\n<ul>\n<li>Natura Paryal\u2019\u0131n devam etaplar\u0131,<\/li>\n<li>Natura Prestige,<\/li>\n<li>Natura Elite,<\/li>\n<li>Natura Golf Country<\/li>\n<\/ul>\n<p>projeleriyle birlikte etaplar halinde hayata ge\u00e7irilecek yeni konut ve ticari \u00fcnitelerle \u015firketin \u00fcretim hacmini daha da art\u0131rmas\u0131 planlan\u0131yor.<\/p>\n<p>S\u00fcrd\u00fcr\u00fclebilir ve Y\u00fcksek Hacimli Konut \u00dcretimi<\/p>\n<p>7 sekt\u00f6rde g\u00f6sterdi\u011fi faaliyetlerle 10 milyar dolarl\u0131k yat\u0131r\u0131m hacmine ula\u015fan F\u0131rat Life Style, 36 bini a\u015fk\u0131n ba\u011f\u0131ms\u0131z \u00fcniteden olu\u015fan gayrimenkul portf\u00f6y\u00fcyle, konut arz\u0131n\u0131n darald\u0131\u011f\u0131 mevcut piyasa ko\u015fullar\u0131nda sekt\u00f6rde dikkat \u00e7eken bir \u00fcretim \u00f6l\u00e7e\u011fi ortaya koyuyor.<\/p>\n<p>G\u00fc\u00e7l\u00fc teslim kabiliyeti, devam eden in\u015faat takvimi ve planlanan teslimlerle birlikte de\u011ferlendirildi\u011finde bu yap\u0131, \u015firketin s\u00fcrd\u00fcr\u00fclebilir ve y\u00fcksek hacimli \u00fcretim kapasitesini net bi\u00e7imde yans\u0131t\u0131yor.<\/p>\n<p>6 \u0130lde Dengeli ve Yayg\u0131n Proje Portf\u00f6y\u00fc<\/p>\n<p>Ankara, \u0130stanbul, \u0130zmir, Mu\u011fla \/ Bodrum, Hatay ve Ad\u0131yaman olmak \u00fczere 6 farkl\u0131 ilde konumlanan portf\u00f6y; b\u00fcy\u00fck b\u00f6l\u00fcm\u00fc Natura D\u00fcnyas\u0131 markas\u0131 alt\u0131nda geli\u015ftirilen konut yat\u0131r\u0131mlar\u0131 ile Velux markal\u0131 se\u00e7ili projelerden olu\u015fuyor.<\/p>\n<ul>\n<li>Ankara\u2019da: Natura D\u00fcnyas\u0131, Velux serileri ve Relax projeleri<\/li>\n<li>\u0130stanbul\u2019da: Natura D\u00fcnyas\u0131 markal\u0131 yat\u0131r\u0131mlar<\/li>\n<li>\u0130zmir ve Bodrum\u2019da: Velux markas\u0131 alt\u0131ndaki projeler<\/li>\n<\/ul>\n<p>ile F\u0131rat Life Style, farkl\u0131 \u015fehir ve segmentlere yay\u0131lan dengeli ve s\u00fcrd\u00fcr\u00fclebilir bir \u00fcretim yap\u0131s\u0131 sergiliyor.<\/p>\n<p>Devam Eden 13 Projede 16.637 Konut \u00dcretimi<\/p>\n<p>2025 y\u0131l\u0131 itibar\u0131yla F\u0131rat Life Style\u2019\u0131n devam eden proje portf\u00f6y\u00fc, T\u00fcrkiye genelinde farkl\u0131 \u015fehir ve b\u00f6lgelerde konumlanan toplam 13 projeden olu\u015fuyor. Bu projeler;<\/p>\n<ul>\n<li>1.574.759 m\u00b2 toplam in\u015faat alan\u0131,<\/li>\n<li>16.637 konut,<\/li>\n<li>387 ticari \u00fcnite,<\/li>\n<li>94 villa<\/li>\n<\/ul>\n<p>\u00f6l\u00e7e\u011fine sahip.<\/p>\n<p>F\u0131rat Life Style Y\u00f6netim Kurulu Ba\u015fkan Yard\u0131mc\u0131s\u0131 Bekir F\u0131rat, \u00fcretim \u00f6l\u00e7e\u011fine ili\u015fkin \u015fu de\u011ferlendirmede bulundu:<\/p>\n<p>\u201c2025\u2019e ayn\u0131 anda devam eden \u00e7ok say\u0131da projeyle girdik. Teslim, in\u015faat ve teslim s\u00fcrecine haz\u0131rl\u0131k a\u015famalar\u0131n\u0131 e\u015f zamanl\u0131 y\u00fcr\u00fctt\u00fc\u011f\u00fcm\u00fcz bu portf\u00f6y, \u015firketimizin planl\u0131 b\u00fcy\u00fcme yakla\u015f\u0131m\u0131n\u0131 ve \u00fcretim kapasitesini ortaya koyuyor.\u201d<\/p>\n<p>Natura D\u00fcnyas\u0131 Markas\u0131 \u015eehir \u0130\u00e7i Konut \u00dcretiminin Omurgas\u0131n\u0131 Olu\u015fturuyor<\/p>\n<p>F\u0131rat Life Style\u2019\u0131n gayrimenkul portf\u00f6y\u00fcn\u00fcn ana omurgas\u0131n\u0131 olu\u015fturan Natura D\u00fcnyas\u0131 markas\u0131; Ankara ve \u0130stanbul ba\u015fta olmak \u00fczere Natura Paryal, Natura Ferce ve Natura Nova Life projeleriyle \u00f6l\u00e7ekli konut \u00fcretimini s\u00fcrd\u00fcr\u00fcyor.<\/p>\n<p>Konut, ticari \u00fcniteler ve sosyal alanlardan olu\u015fan karma yap\u0131lar, \u015fehir i\u00e7i ya\u015fam odakl\u0131 planlamalar\u0131 ve etapl\u0131 teslim yakla\u015f\u0131m\u0131yla \u00f6ne \u00e7\u0131k\u0131yor.<\/p>\n<p>Bekir F\u0131rat konuya ili\u015fkin \u015funlar\u0131 s\u00f6yledi:<\/p>\n<p>\u201cNatura D\u00fcnyas\u0131 markas\u0131yla ula\u015f\u0131labilir konut talebine kar\u015f\u0131l\u0131k verirken \u015fehir i\u00e7i ya\u015fam\u0131n ihtiya\u00e7lar\u0131n\u0131 da g\u00f6zetiyoruz.\u201d<\/p>\n<p>Velux Markal\u0131 Projeler \u00dcst Segment Konut Talebine Odaklan\u0131yor<\/p>\n<p>Velux markas\u0131 alt\u0131nda geli\u015ftirilen projeler, F\u0131rat Life Style portf\u00f6y\u00fcnde \u00fcst segment ve se\u00e7ici talebe y\u00f6nelik \u00fcretimi temsil ediyor. Velux Yal\u0131kavak, Velux Bayrakl\u0131 ve Velux Bay Towers projeleri; mimari kalite, lokasyon avantaj\u0131 ve kontroll\u00fc \u00f6l\u00e7ek yakla\u015f\u0131m\u0131yla dikkat \u00e7ekiyor.<\/p>\n<p>Bekir F\u0131rat:<\/p>\n<p>\u201cVelux markas\u0131yla, talebin daha se\u00e7ici oldu\u011fu lokasyonlarda s\u0131n\u0131rl\u0131 ve nitelikli \u00fcretime odaklan\u0131yoruz.\u201d<\/p>\n<p>Relax Projeleri Eri\u015filebilir ve Fonksiyonel Konut Talebine Yan\u0131t Veriyor<\/p>\n<p>Relax Cadde ve Relax Bulvar projeleri, Ankara\u2019da fonksiyonel planlama ve eri\u015filebilir konut talebine odaklan\u0131yor. Yat\u0131r\u0131m ve oturum talebini birlikte kar\u015f\u0131layan bu projeler, portf\u00f6y\u00fcn tamamlay\u0131c\u0131 unsuru olarak \u00f6ne \u00e7\u0131k\u0131yor.<\/p>\n<p>F\u0131rat Life Style 2026\u2019da Konut \u00dcretiminde Vites Y\u00fckseltiyor<\/p>\n<p>Bug\u00fcne kadar 10 milyar dolarl\u0131k yat\u0131r\u0131m hacmi olu\u015fturan F\u0131rat Life Style, 2026 y\u0131l\u0131nda konut \u00fcretiminde yeni bir ivme yakalamay\u0131 hedefliyor. Devam eden projeler, teslim s\u00fcrecine giren yat\u0131r\u0131mlar ve planlanan yeni etaplarla birlikte \u015firketin hem \u00fcretim hacmini hem de sekt\u00f6rel etkisini art\u0131rmas\u0131 \u00f6ng\u00f6r\u00fcl\u00fcyor.<\/p>\n<p>Bekir F\u0131rat:<\/p>\n<p>\u201c2026\u2019da hem \u00fcretim kapasitemizi hem de sahadaki etkimizi belirgin bi\u00e7imde art\u0131rmay\u0131 hedefliyoruz.\u201d<\/p>\n","protected":false},"excerpt":{"rendered":"<p>7 farkl\u0131 sekt\u00f6rde y\u00fcr\u00fctt\u00fc\u011f\u00fc faaliyetlerle toplam 10 milyar dolarl\u0131k yat\u0131r\u0131m hacmine ula\u015fan F\u0131rat Life Style, 2025 y\u0131l\u0131 itibar\u0131yla teslim edilen, yap\u0131m\u0131 devam eden ve teslim s\u00fcrecine giren projeleriyle birlikte 10.500.000 metrekarelik gayrimenkul portf\u00f6y\u00fcn\u00fc y\u00f6netiyor. \u015eirket, T\u00fcrkiye genelinde ofis, konut ve ticari alanlardan olu\u015fan 36 binin \u00fczerinde ba\u011f\u0131ms\u0131z b\u00f6l\u00fcm \u00f6l\u00e7e\u011fiyle faaliyetlerini s\u00fcrd\u00fcr\u00fcyor. Konut Talebinin Y\u00fcksek Oldu\u011fu [&hellip;]<\/p>\n","protected":false},"author":1,"featured_media":50355,"comment_status":"open","ping_status":"open","sticky":false,"template":"","format":"standard","meta":{"ngg_post_thumbnail":0},"categories":[97,5388],"tags":[16292],"_links":{"self":[{"href":"https:\/\/emlaktuel.com\/index.php?rest_route=\/wp\/v2\/posts\/50354"}],"collection":[{"href":"https:\/\/emlaktuel.com\/index.php?rest_route=\/wp\/v2\/posts"}],"about":[{"href":"https:\/\/emlaktuel.com\/index.php?rest_route=\/wp\/v2\/types\/post"}],"author":[{"embeddable":true,"href":"https:\/\/emlaktuel.com\/index.php?rest_route=\/wp\/v2\/users\/1"}],"replies":[{"embeddable":true,"href":"https:\/\/emlaktuel.com\/index.php?rest_route=%2Fwp%2Fv2%2Fcomments&post=50354"}],"version-history":[{"count":1,"href":"https:\/\/emlaktuel.com\/index.php?rest_route=\/wp\/v2\/posts\/50354\/revisions"}],"predecessor-version":[{"id":50356,"href":"https:\/\/emlaktuel.com\/index.php?rest_route=\/wp\/v2\/posts\/50354\/revisions\/50356"}],"wp:featuredmedia":[{"embeddable":true,"href":"https:\/\/emlaktuel.com\/index.php?rest_route=\/wp\/v2\/media\/50355"}],"wp:attachment":[{"href":"https:\/\/emlaktuel.com\/index.php?rest_route=%2Fwp%2Fv2%2Fmedia&parent=50354"}],"wp:term":[{"taxonomy":"category","embeddable":true,"href":"https:\/\/emlaktuel.com\/index.php?rest_route=%2Fwp%2Fv2%2Fcategories&post=50354"},{"taxonomy":"post_tag","embeddable":true,"href":"https:\/\/emlaktuel.com\/index.php?rest_route=%2Fwp%2Fv2%2Ftags&post=50354"}],"curies":[{"name":"wp","href":"https:\/\/api.w.org\/{rel}","templated":true}]}}