{"id":50350,"date":"2026-01-07T00:34:07","date_gmt":"2026-01-06T21:34:07","guid":{"rendered":"https:\/\/emlaktuel.com\/?p=50350"},"modified":"2026-01-12T00:35:25","modified_gmt":"2026-01-11T21:35:25","slug":"arsavev-2025te-7-buyudu-hedef-2026da-daha-saglam-buyume","status":"publish","type":"post","link":"https:\/\/emlaktuel.com\/?p=50350","title":{"rendered":"arsaVev, 2025\u2019te %107 B\u00fcy\u00fcd\u00fc: Hedef 2026\u2019da Daha Sa\u011flam B\u00fcy\u00fcme"},"content":{"rendered":"<p>Gayrimenkul sekt\u00f6r\u00fcnde geli\u015ftirdi\u011fi yenilik\u00e7i arsa ve yat\u0131r\u0131m modelleriyle \u00f6ne \u00e7\u0131kan arsaVev, 2025 y\u0131l\u0131 performans\u0131n\u0131 ve 2026 hedeflerini M\u00f6venpick Hotel \u0130stanbul Bosphorus\u2019ta d\u00fczenlenen bas\u0131n toplant\u0131s\u0131nda a\u00e7\u0131klad\u0131.<\/p>\n<p>Toplant\u0131ya arsaVev Y\u00f6netim Kurulu Ba\u015fkan\u0131 B\u00fclent \u00d6zt\u00fcrk, arsaVev y\u00f6netim ekibi ve Accor T\u00fcrkiye Premium, Orta \u00d6l\u00e7ekli &amp; Ekonomi Markalar\u0131 Operasyon Ba\u015fkan Yard\u0131mc\u0131s\u0131 Sinan K\u00f6seo\u011flu kat\u0131ld\u0131.<\/p>\n<p>\u201cTapu De\u011fil, Planlanm\u0131\u015f Bir Gelecek Sunuyoruz\u201d<\/p>\n<p>arsaVev Y\u00f6netim Kurulu Ba\u015fkan\u0131 B\u00fclent \u00d6zt\u00fcrk, 2025 boyunca projelere yaln\u0131zca yat\u0131r\u0131m de\u011feri y\u00fcksek lokasyonlar olarak de\u011fil, uzun vadeli ya\u015fam ve getiri perspektifiyle yakla\u015ft\u0131klar\u0131n\u0131 vurgulad\u0131.<\/p>\n<p>\u201cBiz yat\u0131r\u0131mc\u0131ya yaln\u0131zca bir tapu vermiyoruz, planlanm\u0131\u015f bir gelecek sunuyoruz. Esas meselemiz lokasyon de\u011fil, o lokasyonda nas\u0131l bir ya\u015fam ve nas\u0131l bir gelecek kurgulad\u0131\u011f\u0131m\u0131zd\u0131r.\u201d<\/p>\n<h2>\u0130stanbul, Atina ve Berlin\u2019de G\u00fc\u00e7l\u00fc Varl\u0131k<\/h2>\n<p>2025 y\u0131l\u0131nda yat\u0131r\u0131mc\u0131yla temas noktalar\u0131n\u0131 g\u00fc\u00e7lendiren arsaVev, \u0130stanbul Ba\u011fdat Caddesi\u2019nde a\u00e7t\u0131\u011f\u0131 sat\u0131\u015f ofisiyle deneyim ve aidiyet odakl\u0131 bir yakla\u015f\u0131m benimsedi.<\/p>\n<p>Yurt d\u0131\u015f\u0131ndaki ilk proje ise Atina oldu. Avrupa pazar\u0131ndaki ilk yat\u0131r\u0131m modeli olan Atina projesi, lokasyon se\u00e7imi, hukuki altyap\u0131 ve sat\u0131\u015f s\u00fcrecinin u\u00e7tan uca arsaVev taraf\u0131ndan y\u00f6netilmesiyle dikkat \u00e7ekti.<\/p>\n<p>Bu deneyimin ard\u0131ndan Berlin\u2019de yurt d\u0131\u015f\u0131ndaki ilk sat\u0131\u015f ofisi a\u00e7\u0131ld\u0131. B\u00f6ylece arsa ve konut ihracat\u0131 do\u011frudan arsaVev\u2019in kurumsal yap\u0131s\u0131 \u00fczerinden y\u00f6netilmeye ba\u015fland\u0131.<\/p>\n<h2>T\u00fcrkiye\u2019de Bir \u0130lk: SOPAC Sigorta G\u00fcvencesi<\/h2>\n<p>arsaVev, 2025\u2019in son d\u00f6neminde Southern Pacific Insurance Corporation (SOPAC) ile ger\u00e7ekle\u015ftirdi\u011fi i\u015f birli\u011fiyle, yat\u0131r\u0131m s\u00fcrecine uluslararas\u0131 finansman sigortas\u0131 kazand\u0131rd\u0131.<\/p>\n<p>\u201cRiskleri yok saym\u0131yoruz, y\u00f6netiyoruz. Bu yap\u0131 yat\u0131r\u0131mc\u0131ya somut, \u015feffaf ve kurumsal bir g\u00fcvence sunuyor.\u201d<\/p>\n<h2>Bal\u0131kesir Projesi\u2019ne M\u00f6venpick Otel<\/h2>\n<p>arsaVev\u2019in Bal\u0131kesir projesi kapsam\u0131nda Accor Group \u00e7at\u0131s\u0131 alt\u0131ndaki M\u00f6venpick markas\u0131 ile hayata ge\u00e7irilecek otel yat\u0131r\u0131m\u0131, projenin ya\u015fam ve yat\u0131r\u0131m de\u011ferini \u00f6nemli \u00f6l\u00e7\u00fcde art\u0131racak.<\/p>\n<p>Accor T\u00fcrkiye ad\u0131na konu\u015fan Sinan K\u00f6seo\u011flu, bu i\u015f birli\u011finin T\u00fcrkiye turizmi ve yat\u0131r\u0131mc\u0131lar a\u00e7\u0131s\u0131ndan g\u00fc\u00e7l\u00fc bir sinerji yaratt\u0131\u011f\u0131n\u0131 belirtti.<\/p>\n<h2>Rakamlarla 2025 Performans\u0131<\/h2>\n<p>arsaVev\u2019in 2025 y\u0131l\u0131 verileri dikkat \u00e7ekti:<\/p>\n<ul>\n<li>1.852.787 \u00e7a\u011fr\u0131 merkezi telefon g\u00f6r\u00fc\u015fmesi<\/li>\n<li>19.179 y\u00fcz y\u00fcze yat\u0131r\u0131mc\u0131 g\u00f6r\u00fc\u015fmesi<\/li>\n<li>15 T\u00fcrkiye sat\u0131\u015f ofisi<\/li>\n<li>11 projede<\/li>\n<li>266.053,49 m\u00b2 kar\u015f\u0131l\u0131\u011f\u0131<\/li>\n<li>3.531 arsa sat\u0131\u015f\u0131<\/li>\n<li>Bir \u00f6nceki y\u0131la g\u00f6re %107 b\u00fcy\u00fcme<\/li>\n<\/ul>\n<p>2026 Hedefi: Daha H\u0131zl\u0131 De\u011fil, Daha Sa\u011flam<\/p>\n<p>arsaVev, 2026 y\u0131l\u0131nda:<\/p>\n<ul>\n<li>Yeni yurt d\u0131\u015f\u0131 ofisleri<\/li>\n<li>Uluslararas\u0131 g\u00fcvence modellerinin yayg\u0131nla\u015ft\u0131r\u0131lmas\u0131<\/li>\n<li>arsaVev Club\u2019\u0131n g\u00fc\u00e7l\u00fc bir yat\u0131r\u0131m ekosistemine d\u00f6n\u00fc\u015ft\u00fcr\u00fclmesi<\/li>\n<\/ul>\n<p>hedefleriyle yoluna devam edecek.<\/p>\n<p>arsaVev Club ve Kad\u0131n Sporuna Destek<\/p>\n<p>2025\u2019te hayata ge\u00e7irilen arsaVev Club, bir sadakat program\u0131n\u0131n \u00f6tesinde yat\u0131r\u0131mc\u0131lar i\u00e7in bir topluluk modeli sunuyor.<\/p>\n<p>\u015eirket ayr\u0131ca Hatay Kad\u0131n Voleybol Tak\u0131m\u0131 ve Fenerbah\u00e7e Kad\u0131n Futbol Tak\u0131m\u0131 isim sponsorlu\u011fu ile kad\u0131n sporuna verdi\u011fi deste\u011fi s\u00fcrd\u00fcrd\u00fc.<\/p>\n","protected":false},"excerpt":{"rendered":"<p>Gayrimenkul sekt\u00f6r\u00fcnde geli\u015ftirdi\u011fi yenilik\u00e7i arsa ve yat\u0131r\u0131m modelleriyle \u00f6ne \u00e7\u0131kan arsaVev, 2025 y\u0131l\u0131 performans\u0131n\u0131 ve 2026 hedeflerini M\u00f6venpick Hotel \u0130stanbul Bosphorus\u2019ta d\u00fczenlenen bas\u0131n toplant\u0131s\u0131nda a\u00e7\u0131klad\u0131. Toplant\u0131ya arsaVev Y\u00f6netim Kurulu Ba\u015fkan\u0131 B\u00fclent \u00d6zt\u00fcrk, arsaVev y\u00f6netim ekibi ve Accor T\u00fcrkiye Premium, Orta \u00d6l\u00e7ekli &amp; Ekonomi Markalar\u0131 Operasyon Ba\u015fkan Yard\u0131mc\u0131s\u0131 Sinan K\u00f6seo\u011flu kat\u0131ld\u0131. \u201cTapu De\u011fil, Planlanm\u0131\u015f Bir Gelecek [&hellip;]<\/p>\n","protected":false},"author":1,"featured_media":50351,"comment_status":"open","ping_status":"open","sticky":false,"template":"","format":"standard","meta":{"ngg_post_thumbnail":0},"categories":[221,97,5388],"tags":[],"_links":{"self":[{"href":"https:\/\/emlaktuel.com\/index.php?rest_route=\/wp\/v2\/posts\/50350"}],"collection":[{"href":"https:\/\/emlaktuel.com\/index.php?rest_route=\/wp\/v2\/posts"}],"about":[{"href":"https:\/\/emlaktuel.com\/index.php?rest_route=\/wp\/v2\/types\/post"}],"author":[{"embeddable":true,"href":"https:\/\/emlaktuel.com\/index.php?rest_route=\/wp\/v2\/users\/1"}],"replies":[{"embeddable":true,"href":"https:\/\/emlaktuel.com\/index.php?rest_route=%2Fwp%2Fv2%2Fcomments&post=50350"}],"version-history":[{"count":1,"href":"https:\/\/emlaktuel.com\/index.php?rest_route=\/wp\/v2\/posts\/50350\/revisions"}],"predecessor-version":[{"id":50352,"href":"https:\/\/emlaktuel.com\/index.php?rest_route=\/wp\/v2\/posts\/50350\/revisions\/50352"}],"wp:featuredmedia":[{"embeddable":true,"href":"https:\/\/emlaktuel.com\/index.php?rest_route=\/wp\/v2\/media\/50351"}],"wp:attachment":[{"href":"https:\/\/emlaktuel.com\/index.php?rest_route=%2Fwp%2Fv2%2Fmedia&parent=50350"}],"wp:term":[{"taxonomy":"category","embeddable":true,"href":"https:\/\/emlaktuel.com\/index.php?rest_route=%2Fwp%2Fv2%2Fcategories&post=50350"},{"taxonomy":"post_tag","embeddable":true,"href":"https:\/\/emlaktuel.com\/index.php?rest_route=%2Fwp%2Fv2%2Ftags&post=50350"}],"curies":[{"name":"wp","href":"https:\/\/api.w.org\/{rel}","templated":true}]}}