{"id":50339,"date":"2025-12-30T15:47:43","date_gmt":"2025-12-30T12:47:43","guid":{"rendered":"https:\/\/emlaktuel.com\/?p=50339"},"modified":"2025-12-30T15:47:43","modified_gmt":"2025-12-30T12:47:43","slug":"artas-holding-yogun-ilgi-uzerine-lansman-kampanyasini-5-ocaka-uzatti","status":"publish","type":"post","link":"https:\/\/emlaktuel.com\/?p=50339","title":{"rendered":"Arta\u015f Holding, yo\u011fun ilgi \u00fczerine lansman kampanyas\u0131n\u0131 5 Ocak\u2019a uzatt\u0131"},"content":{"rendered":"<p class=\"s14\"><span class=\"s15\"><span class=\"bumpedFont15\">Kuruldu\u011fu ilk g\u00fcnden itibaren <\/span><\/span><span class=\"s15\"><span class=\"bumpedFont15\">\u00f6nemli projelere imza atan ve <\/span><\/span><span class=\"s15\"><span class=\"bumpedFont15\">48 y\u0131lda on binlerce aileyi prestijli ya\u015fam alanlar\u0131yla bulu\u015fturan <\/span><\/span><span class=\"s15\"><span class=\"bumpedFont15\">Arta\u015f<\/span><\/span><span class=\"s15\"><span class=\"bumpedFont15\"> Holding, sat\u0131\u015fa sundu\u011fu 3 yeni projesinde <\/span><\/span><span class=\"s15\"><span class=\"bumpedFont15\">gelen <\/span><\/span><span class=\"s15\"><span class=\"bumpedFont15\">yo\u011fun <\/span><\/span><span class=\"s15\"><span class=\"bumpedFont15\">ilgi<\/span><\/span><span class=\"s15\"><span class=\"bumpedFont15\"> \u00fczerine lansman kampanyas\u0131n\u0131 5 Ocak\u2019a kadar uzatt\u0131. Avrupa <\/span><\/span><span class=\"s15\"><span class=\"bumpedFont15\">Residence<\/span><\/span><span class=\"s15\"><span class=\"bumpedFont15\"> \u015ei\u015fli-2, Avrupa <\/span><\/span><span class=\"s15\"><span class=\"bumpedFont15\">Residence<\/span><\/span> <span class=\"s15\"><span class=\"bumpedFont15\">Oryapark<\/span><\/span><span class=\"s15\"><span class=\"bumpedFont15\"> ve Avrupa Konutlar\u0131<\/span><\/span><span class=\"s15\"><span class=\"bumpedFont15\"> G\u00fcne\u015fli<\/span><\/span><span class=\"s15\"><span class=\"bumpedFont15\"> projelerinde<\/span><\/span><span class=\"s15\"><span class=\"bumpedFont15\"> ge\u00e7erli<\/span><\/span><span class=\"s15\"><span class=\"bumpedFont15\">kampanya kapsam\u0131nda y\u00fczde 30 pe\u015finat ve ki\u015fiye \u00f6zel \u00f6deme se\u00e7enekleri sunuluyor.<\/span><\/span><\/p>\n<p class=\"s18\"><span class=\"s17\"><span class=\"bumpedFont15\">Gayrimenkul sekt\u00f6r\u00fcn\u00fcn lokomotif kurumlar\u0131 aras\u0131nda yer alan ve bug\u00fcne kadar on binlerce aileyi sa\u011flam, g\u00fcven<\/span><\/span><span class=\"s17\"><span class=\"bumpedFont15\">ilir<\/span><\/span><span class=\"s17\"><span class=\"bumpedFont15\"> ve kaliteli ya\u015fam alanlar\u0131yla bulu\u015fturan <\/span><\/span><span class=\"s17\"><span class=\"bumpedFont15\">Arta\u015f<\/span><\/span><span class=\"s17\"><span class=\"bumpedFont15\"> Holding, sat\u0131\u015fa sundu\u011fu 3 yeni projesine gelen yo\u011fun <\/span><\/span><span class=\"s17\"><span class=\"bumpedFont15\">ilgi<\/span><\/span><span class=\"s17\"><span class=\"bumpedFont15\"> \u00fczerine lansman kampanyas\u0131n\u0131 5 Ocak\u2019a kadar uzatt\u0131.<\/span><\/span><\/p>\n<p class=\"s18\"><span class=\"s17\"><span class=\"bumpedFont15\">Anadolu Yakas\u0131\u2019n\u0131n y\u00fckselen de\u011feri <\/span><\/span><span class=\"s17\"><span class=\"bumpedFont15\">Yamanevler<\/span><\/span><span class=\"s17\"><span class=\"bumpedFont15\"> b\u00f6lgesinde konumland\u0131r\u0131lan Avrupa <\/span><\/span><span class=\"s17\"><span class=\"bumpedFont15\">Residence<\/span><\/span> <span class=\"s17\"><span class=\"bumpedFont15\">Oryapark<\/span><\/span><span class=\"s17\"><span class=\"bumpedFont15\">, \u015fehrin kalbi konumu \u015ei\u015fli\u2019de y\u00fckselen Avrupa <\/span><\/span><span class=\"s17\"><span class=\"bumpedFont15\">Residence<\/span><\/span><span class=\"s17\"><span class=\"bumpedFont15\"> \u015ei\u015fli-2 ve kentin parlayan y\u0131ld\u0131z\u0131 <\/span><\/span><span class=\"s17\"><span class=\"bumpedFont15\">G\u00fcne\u015fli\u2019de<\/span><\/span><span class=\"s17\"><span class=\"bumpedFont15\"> in\u015fa edilmekte olan Avrupa Konutlar\u0131 G\u00fcne\u015fli projelerinde y\u00fczde 30 pe\u015finat ve ki\u015fiye \u00f6zel \u00f6deme alternatifleri konut al\u0131c\u0131lar\u0131n\u0131n be\u011fenisine sunuluyor.<\/span><\/span><\/p>\n<h2 class=\"s20\"><span class=\"s19\"><span class=\"bumpedFont15\">YA\u015eAMIN MERKEZ\u0130NDE, \u015eEHR\u0130N KALB\u0130NDE; AVRUPA RESIDENCE \u015e\u0130\u015eL\u0130-2<\/span><\/span><\/h2>\n<p><img loading=\"lazy\" class=\"alignnone size-full wp-image-50341\" src=\"https:\/\/emlaktuel.com\/wp-content\/uploads\/2025\/12\/IMG_0296.jpeg\" alt=\"\" width=\"1179\" height=\"614\"><\/p>\n<p class=\"s18\"><span class=\"s17\"><span class=\"bumpedFont15\">\u0130stanbul\u2019un en hareketli ve prestijli b\u00f6lgelerinden biri olan \u015ei\u015fli\u2019de y\u00fckselen Avrupa <\/span><\/span><span class=\"s17\"><span class=\"bumpedFont15\">Residence<\/span><\/span><span class=\"s17\"><span class=\"bumpedFont15\"> \u015ei\u015fli-2, <\/span><\/span><span class=\"s17\"><span class=\"bumpedFont15\">Arta\u015f\u2019\u0131n<\/span><\/span><span class=\"s17\"><span class=\"bumpedFont15\"> k\u00f6kl\u00fc tecr\u00fcbesi ve kalite anlay\u0131\u015f\u0131yla modern \u015fehir ya\u015fam\u0131na yeni bir soluk getiriyor. <\/span><\/span><span class=\"s17\"><span class=\"bumpedFont15\">6<\/span><\/span><span class=\"s17\"><span class=\"bumpedFont15\"> konut blo\u011fundan olu\u015fan projede, b\u00f6lgenin ticari dinamizmini destekleyen ma\u011faza alanlar\u0131n\u0131n yan\u0131 s\u0131ra ailelerin ihtiya\u00e7lar\u0131n\u0131 kar\u015f\u0131layacak \u00f6zel bir kre\u015f de yer al\u0131yor.<\/span><\/span><\/p>\n<p class=\"s18\"><span class=\"s17\"><span class=\"bumpedFont15\">F<\/span><\/span><span class=\"s17\"><span class=\"bumpedFont15\">erah daire se\u00e7enekleriyle 1+1\u2019den 3+1\u2019e kadar farkl\u0131 ya\u015fam alternatifleri sunan Avrupa <\/span><\/span><span class=\"s17\"><span class=\"bumpedFont15\">Residence<\/span><\/span><span class=\"s17\"><span class=\"bumpedFont15\"> \u015ei\u015fli-2, hem konforlu bir ya\u015fam hem de g\u00fc\u00e7l\u00fc bir yat\u0131r\u0131m potansiyeli vadediyor.<\/span><\/span><\/p>\n<p class=\"s18\"><span class=\"s17\"><span class=\"bumpedFont15\">\u015eehrin \u00f6nde gelen al\u0131\u015fveri\u015f merkezlerine, pop\u00fcler caddelerine ve sosyal ya\u015fam noktalar\u0131na yak\u0131nl\u0131\u011f\u0131yla dikkat \u00e7eken proje; Mecidiyek\u00f6y metro ve metrob\u00fcs hatlar\u0131na y\u00fcr\u00fcme mesafesinde bulunuyor. Mecidiyek\u00f6y, Levent, Zincirlikuyu ve Maslak gibi \u0130stanbul\u2019un \u00f6nemli i\u015f ve finans merkezlerine yaln\u0131zca 5 dakikal\u0131k eri\u015fim imk\u00e2n\u0131 sunan Avrupa <\/span><\/span><span class=\"s17\"><span class=\"bumpedFont15\">Residence<\/span><\/span><span class=\"s17\"><span class=\"bumpedFont15\"> \u015ei\u015fli-2, Be\u015fikta\u015f \u0130skelesi ve 15 Temmuz \u015eehitler K\u00f6pr\u00fcs\u00fc\u2019ne de k\u0131sa s\u00fcrede ula\u015f\u0131labilen ayr\u0131cal\u0131kl\u0131 bir konumda yer al\u0131yor.<\/span><\/span><\/p>\n<h2 class=\"s22\"><span class=\"s21\"><span class=\"bumpedFont15\">AYRICALIKLARLA DOLU B\u0130R YA\u015eAM \u015e\u0130MD\u0130 AVRUPA KONUTLARI G\u00dcNE\u015eL\u0130\u2019DE<\/span><\/span><\/h2>\n<p class=\"s18\"><span class=\"s17\"><span class=\"bumpedFont15\">\u0130stanbul\u2019un y\u00fckselen ya\u015fam ve yat\u0131r\u0131m akslar\u0131ndan biri olan <\/span><\/span><span class=\"s17\"><span class=\"bumpedFont15\">G\u00fcne\u015fli\u2019de<\/span><\/span><span class=\"s17\"><span class=\"bumpedFont15\"> hayata ge\u00e7irilen Avrupa Konutlar\u0131 G\u00fcne\u015fli, modern mimarisi ve kapsaml\u0131 ya\u015fam olanaklar\u0131yla b\u00f6lgeye yeni bir de\u011fer kazand\u0131r\u0131yor. 1+1\u2019den 4+1\u2019e kadar uzanan toplam 1.556 konuttan olu\u015fan projede, g\u00fcnl\u00fck ya\u015fam\u0131 kolayla\u015ft\u0131ran 24 ticari \u00fcnite de yer al\u0131yor. 72 bin 148 metrekarelik geni\u015f bir arsa \u00fczerinde konumlanan Avrupa Konutlar\u0131 G\u00fcne\u015fli, yakla\u015f\u0131k 345 bin metrekarelik in\u015faat alan\u0131yla b\u00f6lgenin en b\u00fcy\u00fck projeleri aras\u0131nda bulunuyor.<\/span><\/span><\/p>\n<p class=\"s18\"><span class=\"s17\"><span class=\"bumpedFont15\">Sundu\u011fu ayr\u0131cal\u0131kl\u0131 sosyal donat\u0131larla klasik bir konut projesinin \u00f6tesine ge\u00e7en Avrupa Konutlar\u0131 G\u00fcne\u015fli; yans\u0131ma havuzlar\u0131yla \u00e7evrili verandal\u0131 ve bah\u00e7eli daireleri, kapal\u0131 y\u00fczme havuzu, spor alanlar\u0131, y\u00fcr\u00fcy\u00fc\u015f parkurlar\u0131 ve \u00e7ocuk oyun alanlar\u0131yla her ya\u015f grubuna hitap eden b\u00fct\u00fcnc\u00fcl bir ya\u015fam sunuyor.<\/span><\/span><\/p>\n<p class=\"s18\"><span class=\"s17\"><span class=\"bumpedFont15\">Ula\u015f\u0131m avantajlar\u0131yla da \u00f6ne \u00e7\u0131kan proje, Bas\u0131n Ekspres Yolu\u2019na yaln\u0131zca 5 dakika, E5 ve TEM otoyollar\u0131na ise 10 dakika mesafede konumlan\u0131yor. E\u011fitim kurumlar\u0131, sa\u011fl\u0131k merkezleri, ticari alanlar ve al\u0131\u015fveri\u015f merkezlerinin hemen yan\u0131 ba\u015f\u0131nda yer alan Avrupa Konutlar\u0131 G\u00fcne\u015fli; \u0130kitelli\u2013Atak\u00f6y metro hatt\u0131na 5 dakika, Atak\u00f6y Marmaray dura\u011f\u0131na ise 10 dakikal\u0131k yak\u0131nl\u0131\u011f\u0131yla \u015fehir i\u00e7i ula\u015f\u0131m\u0131 son derece kolayla\u015ft\u0131r\u0131yor.<\/span><\/span><\/p>\n<p class=\"s18\"><span class=\"s17\"><span class=\"bumpedFont15\">Kom\u015fuluk k\u00fclt\u00fcr\u00fcn\u00fcn yeniden can<\/span><\/span><span class=\"s17\"><span class=\"bumpedFont15\">lanaca\u011f\u0131<\/span><\/span><span class=\"s17\"><span class=\"bumpedFont15\">, \u00e7ocuklar\u0131n g\u00fcvenle ve \u00f6zg\u00fcrce vakit ge\u00e7irebilece\u011fi Avrupa Konutlar\u0131 G\u00fcne\u015fli; reng\u00e2renk peyzaj alanlar\u0131, \u00e7i\u00e7eklerle bezeli bah\u00e7eleri ve yemye\u015fil a\u011fa\u00e7lar\u0131yla sakinlerine ferah, huzurlu ve ayr\u0131cal\u0131kl\u0131 bir ya\u015fam ortam\u0131 vadediyor.<\/span><\/span><\/p>\n<h2 class=\"s22\"><span class=\"s21\"><span class=\"bumpedFont15\">ANADOLU YAKASI\u2019NIN YEN\u0130 YILDIZI AVRUPA RESIDENCE ORYAPARK<\/span><\/span><\/h2>\n<p class=\"s18\"><span class=\"s17\"><span class=\"bumpedFont15\">Anadolu Yakas\u0131\u2019n<\/span><\/span><span class=\"s17\"><span class=\"bumpedFont15\">\u0131 <\/span><\/span><span class=\"s17\"><span class=\"bumpedFont15\">bir kez daha prestijle bulu\u015fturan Avrupa <\/span><\/span><span class=\"s17\"><span class=\"bumpedFont15\">Residence<\/span><\/span> <span class=\"s17\"><span class=\"bumpedFont15\">Oryapark<\/span><\/span><span class=\"s17\"><span class=\"bumpedFont15\">, Avrupa Konutlar\u0131 <\/span><\/span><span class=\"s17\"><span class=\"bumpedFont15\">Yamanevler\u2019in<\/span><\/span><span class=\"s17\"><span class=\"bumpedFont15\">ard\u0131ndan b\u00f6lgeye rezidans konseptinde yeni bir ya\u015fam anlay\u0131\u015f\u0131 kazand\u0131r\u0131yor. Konut, ofis ve cadde ma\u011fazalar\u0131n\u0131 ayn\u0131 projede bir araya getiren Avrupa <\/span><\/span><span class=\"s17\"><span class=\"bumpedFont15\">Residence<\/span><\/span> <span class=\"s17\"><span class=\"bumpedFont15\">Oryapark<\/span><\/span><span class=\"s17\"><span class=\"bumpedFont15\">; modern \u015fehir ya\u015fam\u0131na konfor, i\u015flevsellik ve y\u00fcksek de\u011fer kat\u0131yor.<\/span><\/span><\/p>\n<p class=\"s18\"><span class=\"s17\"><span class=\"bumpedFont15\">1+1 ve 2+1 tiplerinde toplam 317 rezidanstan olu\u015fan proje, sundu\u011fu ayr\u0131cal\u0131klar\u0131n yan\u0131 s\u0131ra <\/span><\/span><span class=\"s17\"><span class=\"bumpedFont15\">Yamanevler<\/span><\/span><span class=\"s17\"><span class=\"bumpedFont15\"> ve \u00c7akmak metro istasyonlar\u0131na y\u00fcr\u00fcme mesafesindeki merkezi konumuyla dikkat \u00e7ekiyor. E\u011fitim kurumlar\u0131, al\u0131\u015fveri\u015f merkezleri, sa\u011fl\u0131k tesisleri ve ana ula\u015f\u0131m akslar\u0131na dakikalar i\u00e7inde eri\u015fim imk\u00e2n\u0131 sunan Avrupa <\/span><\/span><span class=\"s17\"><span class=\"bumpedFont15\">Residence<\/span><\/span> <span class=\"s17\"><span class=\"bumpedFont15\">Oryapark<\/span><\/span><span class=\"s17\"><span class=\"bumpedFont15\">; 15 Temmuz \u015eehitler K\u00f6pr\u00fcs\u00fc\u2019ne 6 kilometre, Fatih Sultan Mehmet K\u00f6pr\u00fcs\u00fc\u2019ne ise 7 kilometre uzakl\u0131kta konumlan\u0131yor.<\/span><\/span><\/p>\n<p class=\"s18\"><span class=\"s17\"><span class=\"bumpedFont15\">22 ve 34 katl\u0131 iki bloktan olu\u015fan projede, bloklara do\u011frudan ba\u011flant\u0131l\u0131 kapal\u0131 otopark alanlar\u0131 konut sahiplerinin kullan\u0131m\u0131na sunulurken, rezidans konforunu tamamlayan modern altyap\u0131 ve mimari detaylar ya\u015fam standartlar\u0131n\u0131 \u00fcst seviyeye ta\u015f\u0131yor.<\/span><\/span><\/p>\n<p class=\"s18\">&nbsp;<\/p>\n","protected":false},"excerpt":{"rendered":"<p>Kuruldu\u011fu ilk g\u00fcnden itibaren \u00f6nemli projelere imza atan ve 48 y\u0131lda on binlerce aileyi prestijli ya\u015fam alanlar\u0131yla bulu\u015fturan Arta\u015f Holding, sat\u0131\u015fa sundu\u011fu 3 yeni projesinde gelen yo\u011fun ilgi \u00fczerine lansman kampanyas\u0131n\u0131 5 Ocak\u2019a kadar uzatt\u0131. Avrupa Residence \u015ei\u015fli-2, Avrupa Residence Oryapark ve Avrupa Konutlar\u0131 G\u00fcne\u015fli projelerinde ge\u00e7erlikampanya kapsam\u0131nda y\u00fczde 30 pe\u015finat ve ki\u015fiye \u00f6zel \u00f6deme [&hellip;]<\/p>\n","protected":false},"author":1,"featured_media":50341,"comment_status":"open","ping_status":"open","sticky":false,"template":"","format":"standard","meta":{"ngg_post_thumbnail":0},"categories":[97,5388],"tags":[131],"_links":{"self":[{"href":"https:\/\/emlaktuel.com\/index.php?rest_route=\/wp\/v2\/posts\/50339"}],"collection":[{"href":"https:\/\/emlaktuel.com\/index.php?rest_route=\/wp\/v2\/posts"}],"about":[{"href":"https:\/\/emlaktuel.com\/index.php?rest_route=\/wp\/v2\/types\/post"}],"author":[{"embeddable":true,"href":"https:\/\/emlaktuel.com\/index.php?rest_route=\/wp\/v2\/users\/1"}],"replies":[{"embeddable":true,"href":"https:\/\/emlaktuel.com\/index.php?rest_route=%2Fwp%2Fv2%2Fcomments&post=50339"}],"version-history":[{"count":1,"href":"https:\/\/emlaktuel.com\/index.php?rest_route=\/wp\/v2\/posts\/50339\/revisions"}],"predecessor-version":[{"id":50342,"href":"https:\/\/emlaktuel.com\/index.php?rest_route=\/wp\/v2\/posts\/50339\/revisions\/50342"}],"wp:featuredmedia":[{"embeddable":true,"href":"https:\/\/emlaktuel.com\/index.php?rest_route=\/wp\/v2\/media\/50341"}],"wp:attachment":[{"href":"https:\/\/emlaktuel.com\/index.php?rest_route=%2Fwp%2Fv2%2Fmedia&parent=50339"}],"wp:term":[{"taxonomy":"category","embeddable":true,"href":"https:\/\/emlaktuel.com\/index.php?rest_route=%2Fwp%2Fv2%2Fcategories&post=50339"},{"taxonomy":"post_tag","embeddable":true,"href":"https:\/\/emlaktuel.com\/index.php?rest_route=%2Fwp%2Fv2%2Ftags&post=50339"}],"curies":[{"name":"wp","href":"https:\/\/api.w.org\/{rel}","templated":true}]}}