{"id":50328,"date":"2025-12-30T13:46:55","date_gmt":"2025-12-30T10:46:55","guid":{"rendered":"https:\/\/emlaktuel.com\/?p=50328"},"modified":"2025-12-30T13:46:55","modified_gmt":"2025-12-30T10:46:55","slug":"spoint-insaat-taahhut-sektorundeki-gucunu-yalovadaki-yeni-projesiyle-pekistiriyor","status":"publish","type":"post","link":"https:\/\/emlaktuel.com\/?p=50328","title":{"rendered":"SPOINT \u0130n\u015faat, taahh\u00fct sekt\u00f6r\u00fcndeki g\u00fcc\u00fcn\u00fc Yalova\u2019daki yeni projesiyle peki\u015ftiriyor"},"content":{"rendered":"<p class=\"s9\"><span class=\"s8\"><span class=\"bumpedFont15\">Sa\u011fl\u0131k, konaklama ve end\u00fcstriyel yap\u0131 sekt\u00f6rlerinde<\/span><\/span><span class=\"s8\"><span class=\"bumpedFont15\">ki<\/span><\/span><span class=\"s8\"><span class=\"bumpedFont15\">\u00f6nemli projeleri \u00e7ok y\u00f6nl\u00fc uzmanl\u0131\u011f\u0131yla ba\u015far\u0131yla hayata ge\u00e7iren in\u015faat taahh\u00fct sekt\u00f6r\u00fcn\u00fcn g\u00fc\u00e7l\u00fc markas\u0131 <\/span><\/span><\/p>\n<p class=\"s9\"><span class=\"s8\"><span class=\"bumpedFont15\">SPOINT \u0130n\u015faat, portf\u00f6y\u00fcne yeni bir proje daha ekledi. <\/span><\/span><\/p>\n<p class=\"s9\"><span class=\"s8\"><span class=\"bumpedFont15\">SPOINT \u0130n\u015faat, denizcilik sekt\u00f6r\u00fcnde paslanmaz \u00e7elik \u00fcretimi ger\u00e7ekle\u015ftiren <\/span><\/span><span class=\"s8\"><span class=\"bumpedFont15\">\u00dcnoks\u2019un<\/span><\/span><span class=\"s8\"><span class=\"bumpedFont15\"> Yalova Organize Sanayi B\u00f6lgesi\u2019ndeki yeni fabrika yat\u0131r\u0131m\u0131n\u0131n tasar\u0131m, detay \u00e7\u00f6z\u00fcmleri, i\u00e7 mek\u00e2n uygulamalar\u0131 ve akustik tavan sistemlerini<\/span><\/span><span class=\"s8\"><span class=\"bumpedFont15\">n \u00fcretimini <\/span><\/span><span class=\"s8\"><span class=\"bumpedFont15\">\u00fcstlendi.<\/span><\/span><\/p>\n<p class=\"s10\">&nbsp;<\/p>\n<p class=\"s11\"><span class=\"s7\"><span class=\"bumpedFont15\">T\u00fcrkiye\u2019nin \u00f6nde gelen end\u00fcstriyel kurulu\u015flar\u0131 ile sa\u011fl\u0131k ve turizm markalar\u0131na y\u00f6nelik yat\u0131r\u0131m odakl\u0131 taahh\u00fct projeleriyle \u00f6ne \u00e7\u0131kan <\/span><\/span><span class=\"s8\"><span class=\"bumpedFont15\">SPOINT \u0130n\u015faat<\/span><\/span><span class=\"s7\"><span class=\"bumpedFont15\">, geni\u015f portf\u00f6y\u00fcyle sekt\u00f6r\u00fcn g\u00fcvenilir \u00e7\u00f6z\u00fcm ortaklar\u0131ndan biri olmay\u0131 s\u00fcrd\u00fcr\u00fcyor. Bu kapsamda <\/span><\/span><span class=\"s8\"><span class=\"bumpedFont15\">SPOINT<\/span><\/span><span class=\"s7\"><span class=\"bumpedFont15\">, <\/span><\/span><span class=\"s7\"><span class=\"bumpedFont15\">\u00dcnoks\u2019un<\/span><\/span><span class=\"s7\"><span class=\"bumpedFont15\"> Yalova OSB\u2019de hayata ge\u00e7irdi\u011fi yeni fabrikas\u0131n\u0131n kaba in\u015faat sonras\u0131 t\u00fcm ince i\u015flerini \u00fcstleniyor.<\/span><\/span><\/p>\n<p class=\"s12\">&nbsp;<\/p>\n<p class=\"s11\"><span class=\"s7\"><span class=\"bumpedFont15\">Proje kapsam\u0131nda; 4.500 m\u00b2 \u00fcretim alan\u0131, 2.500 m\u00b2 depolama alan\u0131 ve 3.000 m\u00b2 ofis ve sosyal ya\u015fam alan\u0131 olmak \u00fczere toplam 10.000 m\u00b2\u2019lik tesisin kaba in\u015faat sonras\u0131 uygulamalar\u0131 <\/span><\/span><span class=\"s8\"><span class=\"bumpedFont15\">SPOINT \u0130n\u015faat<\/span><\/span><span class=\"s7\"><span class=\"bumpedFont15\"> taraf\u0131ndan ger\u00e7ekle\u015ftirilecek.<\/span><\/span> <span class=\"s7\"><span class=\"bumpedFont15\">Tasar\u0131m ve projelendirme s\u00fcre\u00e7lerinden ba\u015flayarak; al\u00e7\u0131pan ve al\u00e7\u0131 s\u0131va uygulamalar\u0131, boya, seramik ve mermer kaplamalar, y\u00fckseltilmi\u015f d\u00f6\u015feme sistemleri, p\u00fcr\u00fczs\u00fcz zemin \u00e7\u00f6z\u00fcmleri, PVC ve hal\u0131 kaplamalar gibi t\u00fcm i\u00e7 mek\u00e2n uygulamalar\u0131 <\/span><\/span><span class=\"s8\"><span class=\"bumpedFont15\">SPOINT<\/span><\/span><span class=\"s7\"><span class=\"bumpedFont15\">\u2019in<\/span><\/span><span class=\"s7\"><span class=\"bumpedFont15\"> sorumlulu\u011funda y\u00fcr\u00fct\u00fclecek. Ayr\u0131ca, \u00f6zel uzmanl\u0131k gerektiren akustik duvar ve tavan imalatlar\u0131, akustik metal panel tavan sistemleri ve \u00f6zel petek tavan uygulamalar\u0131 da proje kapsam\u0131nda yer al\u0131yor.<\/span><\/span> <span class=\"s8\"><span class=\"bumpedFont15\">SPOINT<\/span><\/span><span class=\"s7\"><span class=\"bumpedFont15\">\u2019in<\/span><\/span><span class=\"s7\"><span class=\"bumpedFont15\"> \u00f6zg\u00fcn tasar\u0131m yakla\u015f\u0131m\u0131, g\u00fcvenilir m\u00fchendislik anlay\u0131\u015f\u0131, y\u00fcksek kalite standartlar\u0131, i\u015f g\u00fcvenli\u011fi prensipleri ve h\u0131zl\u0131 mobilizasyon kabiliyetiyle hayata ge\u00e7irilecek proje, <\/span><\/span><span class=\"s7\"><span class=\"bumpedFont15\">\u00dcnoks\u2019un<\/span><\/span><span class=\"s7\"><span class=\"bumpedFont15\"> toplam kapal\u0131 alan\u0131n\u0131 10 kat\u0131na, \u00fcretim kapasitesini ise 7 kat\u0131na \u00e7\u0131karacak.<\/span><\/span><span class=\"s8\"><span class=\"bumpedFont15\">LEOPOINT ile i\u00e7 mek\u00e2nda <\/span><\/span><span class=\"s8\"><span class=\"bumpedFont15\">entegre<\/span><\/span><span class=\"s8\"><span class=\"bumpedFont15\"> \u00e7\u00f6z\u00fcm g\u00fcc\u00fc<\/span><\/span> <span class=\"s8\"><span class=\"bumpedFont15\">SPOINT<\/span><\/span><span class=\"s7\"><span class=\"bumpedFont15\">, <\/span><\/span><span class=\"s7\"><span class=\"bumpedFont15\">\u00dcnoks\u2019un<\/span><\/span><span class=\"s7\"><span class=\"bumpedFont15\"> yeni tesisinde i\u00e7 mek\u00e2n \u00e7\u00f6z\u00fcmlerinde <\/span><\/span><span class=\"s7\"><span class=\"bumpedFont15\">entegre<\/span><\/span><span class=\"s7\"><span class=\"bumpedFont15\"> bir yakla\u015f\u0131m benimsiyor. End\u00fcstriyel mobilya alan\u0131nda 30 y\u0131l\u0131 a\u015fk\u0131n deneyime sahip Akg\u00fcn Mobilya\u2019y\u0131 b\u00fcnyesine katan ve yenilenen vizyonuyla <\/span><\/span><span class=\"s8\"><span class=\"bumpedFont15\">LEOPOINT Mobilya<\/span><\/span><span class=\"s7\"><span class=\"bumpedFont15\"> markas\u0131n\u0131 hayata ge\u00e7iren grup, Yalova\u2019daki yeni fabrikan\u0131n t\u00fcm sabit ve hareketli mobilya \u00fcretim ve uygulama s\u00fcre\u00e7lerini \u00fcstlenecek.<\/span><\/span><\/p>\n<p class=\"s13\">&nbsp;<\/p>\n<p class=\"s15\"><span class=\"s14\"><span class=\"bumpedFont15\">SPOINT<\/span><\/span> <span class=\"s14\"><span class=\"bumpedFont15\">\u0130N\u015eAAT<\/span><\/span><span class=\"s14\"><span class=\"bumpedFont15\">\u2019t<\/span><\/span><span class=\"s14\"><span class=\"bumpedFont15\">a<\/span><\/span><span class=\"s14\"><span class=\"bumpedFont15\">n<\/span><\/span><span class=\"s14\"><span class=\"bumpedFont15\"> kaliteli ve uzun \u00f6m\u00fcrl\u00fc yap\u0131 verimlili\u011fi<\/span><\/span><\/p>\n<p class=\"s18\"><span class=\"s16\"><span class=\"bumpedFont15\">\u00dcnoks\u2019un<\/span><\/span><span class=\"s16\"><span class=\"bumpedFont15\"> Yalova Organize Sanayi B\u00f6lgesi\u2019ndeki yeni tesisinin kendileri i\u00e7in \u00f6zel bir \u00f6neme sahip oldu\u011funu belirten<\/span><\/span><span class=\"s16\"><span class=\"bumpedFont15\">&nbsp;<\/span><\/span><span class=\"s17\"><span class=\"bumpedFont15\">SPOINT \u0130n\u015faat A.\u015e. Y\u00f6netim Kurulu Ba\u015fkan\u0131 \u00dcnal <\/span><\/span><span class=\"s17\"><span class=\"bumpedFont15\">Memi\u00e7<\/span><\/span><span class=\"s16\"><span class=\"bumpedFont15\">, projeye ili\u015fkin de\u011ferlendirmesinde \u015funlar\u0131 s\u00f6yledi:<\/span><\/span><\/p>\n<p class=\"s18\"><span class=\"s16\"><span class=\"bumpedFont15\">\u201c<\/span><\/span><span class=\"s16\"><span class=\"bumpedFont15\">\u00dcnoks\u2019un<\/span><\/span><span class=\"s16\"><span class=\"bumpedFont15\"> yakla\u015f\u0131k 30 y\u0131ll\u0131k fabrika hayalini hayata ge\u00e7iren bu proje, bizim i\u00e7in yaln\u0131zca bir taahh\u00fct i\u015fi de\u011fil; ciddi bir sorumluluk ve g\u00fcven g\u00f6stergesidir. Kaba in\u015faattan sonra devral\u0131nan ince i\u015fler, bir yap\u0131n\u0131n ger\u00e7ek karakterini, kimli\u011fini ve uzun vadeli performans\u0131n\u0131 <\/span><\/span><span class=\"s16\"><span class=\"bumpedFont15\">belirler. Bu nedenle s\u00fcrece yaln\u0131zca uygulay\u0131c\u0131 olarak de\u011fil, b\u00fct\u00fcnc\u00fcl bir \u00e7\u00f6z\u00fcm orta\u011f\u0131 anlay\u0131\u015f\u0131yla yakla\u015f\u0131yoruz.<\/span><\/span><\/p>\n<p class=\"s18\"><span class=\"s16\"><span class=\"bumpedFont15\">SPOINT \u0130n\u015faat olarak tasar\u0131mdan uygulamaya, m\u00fchendislikten detay \u00e7\u00f6z\u00fcmlerine kadar her a\u015famada kalite, i\u015f g\u00fcvenli\u011fi ve s\u00fcrd\u00fcr\u00fclebilirlik ilkelerini \u00f6nceliklendiriyoruz. <\/span><\/span><span class=\"s16\"><span class=\"bumpedFont15\">\u00dcnoks\u2019un<\/span><\/span><span class=\"s16\"><span class=\"bumpedFont15\"> \u00fcretim kapasitesini ve operasyonel verimlili\u011fini destekleyecek, uzun y\u0131llar sorunsuz hizmet verecek bir yap\u0131 ortaya koymay\u0131 hedefliyoruz.<\/span><\/span><\/p>\n<p class=\"s18\"><span class=\"s16\"><span class=\"bumpedFont15\">Ayr\u0131ca grubumuz b\u00fcnyesinde yer alan ve end\u00fcstriyel mobilya alan\u0131nda 30 y\u0131l\u0131 a\u015fk\u0131n \u00fcretim tecr\u00fcbesine sahip<\/span><\/span><span class=\"s16\"><span class=\"bumpedFont15\">&nbsp;<\/span><\/span><span class=\"s17\"><span class=\"bumpedFont15\">LEOPOINT Mobilya<\/span><\/span><span class=\"s16\"><span class=\"bumpedFont15\">&nbsp;<\/span><\/span><span class=\"s16\"><span class=\"bumpedFont15\">uzmanl\u0131\u011f\u0131n\u0131 da bu projeye entegre ederek, i\u00e7 mek\u00e2nlarda fonksiyonel, estetik ve kullan\u0131c\u0131 dostu \u00e7\u00f6z\u00fcmler sunaca\u011f\u0131z. <\/span><\/span><span class=\"s16\"><span class=\"bumpedFont15\">\u00dcnoks\u2019un<\/span><\/span><span class=\"s16\"><span class=\"bumpedFont15\"> yeni <\/span><\/span><span class=\"s16\"><span class=\"bumpedFont15\">tesisinin,<\/span><\/span><span class=\"s16\"><span class=\"bumpedFont15\"> hem \u00fcretim g\u00fcc\u00fc hem de mek\u00e2nsal kalitesiyle sekt\u00f6r\u00fc i\u00e7in \u00f6rnek bir yap\u0131 olaca\u011f\u0131na inan\u0131yoruz.\u201d<\/span><\/span><\/p>\n<p class=\"s19\">&nbsp;<\/p>\n<p class=\"s5\">2026\u2019da \u00d6l\u00e7ek B\u00fcy\u00fcten B\u00fcy\u00fcme Stratejisi<\/p>\n<p class=\"s6\">Senes Yap\u0131, 2026 y\u0131l\u0131 i\u00e7in \u00f6l\u00e7ek b\u00fcy\u00fctmeyi ve \u0130stanbul\u2019un farkl\u0131 il\u00e7elerinde yeni kentsel d\u00f6n\u00fc\u015f\u00fcm projelerini devreye almay\u0131 planl\u0131yor. \u015eirket, bu d\u00f6nemde \u00f6zellikle \u00e7ok bloklu d\u00f6n\u00fc\u015f\u00fcm modelini devreye alarak daha geni\u015f ya\u015fam alanlar\u0131, sosyal tesisler ve modern mimariyi bir araya getiren projelere odaklanacak. Dijital in\u015faat y\u00f6netimi, BIM tabanl\u0131 s\u00fcre\u00e7ler ve s\u00fcrd\u00fcr\u00fclebilir malzeme kullan\u0131m\u0131 da yeni y\u0131l\u0131n \u00f6ne \u00e7\u0131kacak teknik yat\u0131r\u0131mlar\u0131 aras\u0131nda yer alacak.<\/p>\n<p class=\"s5\"><span class=\"s4\">2027 Teslimat Vizyonu: 1.500 Yeni Konut<\/span><\/p>\n<p class=\"s6\">Senes Yap\u0131\u2019n\u0131n b\u00fcy\u00fcme stratejisinin en iddial\u0131 hedefi ise 2027\u2019de 1.500 dairenin teslim edilmesi. CEO Co\u015fkun George Alis, bu hedefin \u015firketin d\u00f6n\u00fc\u015f\u00fcm vizyonunun merkezinde yer ald\u0131\u011f\u0131n\u0131 belirterek:<br \/>\n\u201c2027\u2019de toplamda 1.500 daire teslim ederek bug\u00fcne kadarki en b\u00fcy\u00fck \u00fcretim hacmimize ula\u015fmay\u0131 planl\u0131yoruz. \u0130stanbul\u2019un g\u00fcvenli konut ihtiyac\u0131na katk\u0131 sunmay\u0131 bir sorumluluk olarak g\u00f6r\u00fcyoruz. Bu hedefe ula\u015f\u0131rken hem insan odakl\u0131 mimariyi hem de s\u00fcrd\u00fcr\u00fclebilir in\u015faat teknolojilerini g\u00fc\u00e7lendirece\u011fiz.\u201d dedi.<\/p>\n<p class=\"s6\">\u015eirket, \u00f6zellikle Ye\u015filk\u00f6y ve \u015ei\u015fli\u2019de elde etti\u011fi d\u00f6n\u00fc\u015f\u00fcm ba\u015far\u0131lar\u0131n\u0131n ard\u0131ndan yeni projelerde b\u00f6lgesel tecr\u00fcbesini art\u0131rarak \u00e7ok daha geni\u015f bir etki alan\u0131 olu\u015fturmay\u0131 ama\u00e7l\u0131yor. Sosyal alanlar\u0131 g\u00fc\u00e7lendiren, enerji verimlili\u011fi y\u00fcksek, modern ve g\u00fcvenli yap\u0131larla Senes Yap\u0131, d\u00f6n\u00fc\u015f\u00fcm s\u00fcrecine sadece yap\u0131sal de\u011fil ya\u015fam tarz\u0131 anlam\u0131nda da katk\u0131 sunmay\u0131 hedefliyor.<\/p>\n<p class=\"s6\">Kuruldu\u011fu g\u00fcnden bu yana kentsel d\u00f6n\u00fc\u015f\u00fcme odaklananSenes Yap\u0131, 2025\u2019teki g\u00fc\u00e7l\u00fc performans\u0131n\u0131 2026\u20132027 b\u00fcy\u00fcme plan\u0131yla peki\u015ftirerek kentsel d\u00f6n\u00fc\u015f\u00fcmde \u00f6nc\u00fc \u015firket konumunu daha da g\u00fc\u00e7lendirmeyi hedefliyor.<\/p>\n<p class=\"s5\">&nbsp;<\/p>\n","protected":false},"excerpt":{"rendered":"<p>Sa\u011fl\u0131k, konaklama ve end\u00fcstriyel yap\u0131 sekt\u00f6rlerindeki\u00f6nemli projeleri \u00e7ok y\u00f6nl\u00fc uzmanl\u0131\u011f\u0131yla ba\u015far\u0131yla hayata ge\u00e7iren in\u015faat taahh\u00fct sekt\u00f6r\u00fcn\u00fcn g\u00fc\u00e7l\u00fc markas\u0131 SPOINT \u0130n\u015faat, portf\u00f6y\u00fcne yeni bir proje daha ekledi. SPOINT \u0130n\u015faat, denizcilik sekt\u00f6r\u00fcnde paslanmaz \u00e7elik \u00fcretimi ger\u00e7ekle\u015ftiren \u00dcnoks\u2019un Yalova Organize Sanayi B\u00f6lgesi\u2019ndeki yeni fabrika yat\u0131r\u0131m\u0131n\u0131n tasar\u0131m, detay \u00e7\u00f6z\u00fcmleri, i\u00e7 mek\u00e2n uygulamalar\u0131 ve akustik tavan sistemlerinin \u00fcretimini \u00fcstlendi. &nbsp; [&hellip;]<\/p>\n","protected":false},"author":1,"featured_media":50331,"comment_status":"open","ping_status":"open","sticky":false,"template":"","format":"standard","meta":{"ngg_post_thumbnail":0},"categories":[5388],"tags":[],"_links":{"self":[{"href":"https:\/\/emlaktuel.com\/index.php?rest_route=\/wp\/v2\/posts\/50328"}],"collection":[{"href":"https:\/\/emlaktuel.com\/index.php?rest_route=\/wp\/v2\/posts"}],"about":[{"href":"https:\/\/emlaktuel.com\/index.php?rest_route=\/wp\/v2\/types\/post"}],"author":[{"embeddable":true,"href":"https:\/\/emlaktuel.com\/index.php?rest_route=\/wp\/v2\/users\/1"}],"replies":[{"embeddable":true,"href":"https:\/\/emlaktuel.com\/index.php?rest_route=%2Fwp%2Fv2%2Fcomments&post=50328"}],"version-history":[{"count":1,"href":"https:\/\/emlaktuel.com\/index.php?rest_route=\/wp\/v2\/posts\/50328\/revisions"}],"predecessor-version":[{"id":50332,"href":"https:\/\/emlaktuel.com\/index.php?rest_route=\/wp\/v2\/posts\/50328\/revisions\/50332"}],"wp:featuredmedia":[{"embeddable":true,"href":"https:\/\/emlaktuel.com\/index.php?rest_route=\/wp\/v2\/media\/50331"}],"wp:attachment":[{"href":"https:\/\/emlaktuel.com\/index.php?rest_route=%2Fwp%2Fv2%2Fmedia&parent=50328"}],"wp:term":[{"taxonomy":"category","embeddable":true,"href":"https:\/\/emlaktuel.com\/index.php?rest_route=%2Fwp%2Fv2%2Fcategories&post=50328"},{"taxonomy":"post_tag","embeddable":true,"href":"https:\/\/emlaktuel.com\/index.php?rest_route=%2Fwp%2Fv2%2Ftags&post=50328"}],"curies":[{"name":"wp","href":"https:\/\/api.w.org\/{rel}","templated":true}]}}