{"id":50325,"date":"2025-12-30T13:36:28","date_gmt":"2025-12-30T10:36:28","guid":{"rendered":"https:\/\/emlaktuel.com\/?p=50325"},"modified":"2025-12-30T13:36:28","modified_gmt":"2025-12-30T10:36:28","slug":"fuzul-gyodan-donusum-cagina-surdurulebilirlik-vurgusu","status":"publish","type":"post","link":"https:\/\/emlaktuel.com\/?p=50325","title":{"rendered":"Fuzul GYO\u2019dan \u201cD\u00f6n\u00fc\u015f\u00fcm \u00c7a\u011f\u0131\u201dna S\u00fcrd\u00fcr\u00fclebilirlik Vurgusu"},"content":{"rendered":"<p><strong><span data-removefontsize=\"true\" data-originalcomputedfontsize=\"16\">Fuzul GYO Y\u00f6netim Kurulu \u00dcyesi Mehmet Zahit Akbal, \u201cD\u00f6n\u00fc\u015f\u00fcm \u00c7a\u011f\u0131\u201d ana temas\u0131yla d\u00fczenlenen Future &amp; Trends Summit\u2019te konu\u015fmac\u0131 olarak yer ald\u0131. Sheraton Grand \u0130stanbul Ata\u015fehir\u2019de ger\u00e7ekle\u015fen zirvede Akbal d\u00fcnyada ve T\u00fcrkiye\u2019de konuta eri\u015fimde ya\u015fanan zorluklara ili\u015fkin de\u011ferlendirmelerinin yan\u0131 s\u0131ra Fuzul GYO\u2019nun s\u00fcrd\u00fcr\u00fclebilirlik vizyonunu, yenilenebilir enerji yat\u0131r\u0131mlar\u0131n\u0131 ve \u00e7evresel duyarl\u0131l\u0131\u011f\u0131n\u0131 merkeze alan projelerini kat\u0131l\u0131mc\u0131larla payla\u015ft\u0131.<\/span><\/strong><\/p>\n<p><span data-removefontsize=\"true\" data-originalcomputedfontsize=\"16\">Future &amp; Trends Summit\u2019te<strong>&nbsp;<\/strong>in\u015faat, \u015fehircilik, savunma sanayisi ve finans gibi stratejik sekt\u00f6rlerdeki d\u00f6n\u00fc\u015f\u00fcm dinamikleri masaya yat\u0131r\u0131ld\u0131. Kamu kurumlar\u0131, finans kurulu\u015flar\u0131 ve \u00f6zel sekt\u00f6r temsilcilerinden olu\u015fan \u00fcst d\u00fczey kat\u0131l\u0131mc\u0131 profiliyle, T\u00fcrkiye\u2019nin kalk\u0131nma vizyonuna y\u00f6n veren akt\u00f6rleri bir araya getiren etkinlikte; sekt\u00f6rel e\u011filimler, teknolojik yenilikler ve s\u00fcrd\u00fcr\u00fclebilirlik stratejileri \u00e7ok boyutlu olarak ele al\u0131nd\u0131.<\/span><\/p>\n<h2><strong><span data-removefontsize=\"true\" data-originalcomputedfontsize=\"16\">Konut Ediniminde Finansmana Eri\u015fim Sorunu Var<\/span><\/strong><\/h2>\n<p><span data-removefontsize=\"true\" data-originalcomputedfontsize=\"16\">\u0130n\u015faat ve \u015eehircilikte D\u00f6n\u00fc\u015f\u00fcm \u00c7a\u011f\u0131 oturumunda s\u00f6z alan Zahit Akbal, \u201cKonut ediniminin merkezinde finansmana eri\u015fim sorunu yer al\u0131yor. Bug\u00fcn uzun vadeli finansman olu\u015fturmak, sadece T\u00fcrkiye\u2019de de\u011fil, d\u00fcnyan\u0131n bir\u00e7ok geli\u015fmi\u015f \u00fclkesinde bile giderek zorla\u015f\u0131yor. K\u00fcresel gerilimler, sava\u015flar ve jeopolitik riskler, finansal planlama \u00fczerinde ciddi bir bask\u0131 olu\u015fturuyor.\u201c ifadelerini kulland\u0131.<\/span><\/p>\n<h2><strong><span data-removefontsize=\"true\" data-originalcomputedfontsize=\"16\">S\u00fcrd\u00fcr\u00fclebilirlik, Toplumsal G\u00fcveni \u0130n\u015fa Etmektir<\/span><\/strong><\/h2>\n<p><span data-removefontsize=\"true\" data-originalcomputedfontsize=\"16\">Akbal,<strong>&nbsp;<\/strong>Fuzul GYO\u2019nun s\u00fcrd\u00fcr\u00fclebilirlik yakla\u015f\u0131m\u0131n\u0131 ise \u015fu s\u00f6zlerle \u00f6zetledi: \u201cS\u00fcrd\u00fcr\u00fclebilirli\u011fi yaln\u0131zca \u2018ye\u015fil\u2019 uygulamalar b\u00fct\u00fcn\u00fc olarak de\u011fil; ekonomik kalk\u0131nma, sosyal adalet ve \u00e7evresel b\u00fct\u00fcnl\u00fc\u011f\u00fc dengeleyen, nesiller aras\u0131 bir de\u011fer \u00fcretme stratejisi olarak tan\u0131ml\u0131yoruz. Bu vizyonu tedarikten in\u015faata, bina \u00f6mr\u00fcn\u00fcn uzat\u0131lmas\u0131ndan geri d\u00f6n\u00fc\u015f\u00fcm s\u00fcre\u00e7lerine kadar t\u00fcm a\u015famalara entegre ediyoruz.<\/span><\/p>\n<p><span data-removefontsize=\"true\" data-originalcomputedfontsize=\"16\">Projelerimizde enerji verimlili\u011fi, su tasarrufu, s\u0131f\u0131r at\u0131k ve geri d\u00f6n\u00fc\u015f\u00fcm gibi \u00e7evresel kriterlerin yan\u0131 s\u0131ra deprem dayan\u0131kl\u0131l\u0131\u011f\u0131 ve g\u00fcvenli\u011fi de vazge\u00e7ilmez \u00f6nceliklerimiz aras\u0131nda yer al\u0131yor. Bizim i\u00e7in s\u00fcrd\u00fcr\u00fclebilirlik yaln\u0131zca \u00e7evreyi korumak de\u011fil, ayn\u0131 zamanda toplumsal g\u00fcveni ve gelece\u011fe dair umudu in\u015fa etmektir. D\u00fcnya hepimizin ortak sorumlulu\u011fu; ancak birlikte hareket edersek dayan\u0131kl\u0131, esnek ve umut dolu bir gelecek m\u00fcmk\u00fcn olabilir.\u201d<\/span><\/p>\n<p>&nbsp;<\/p>\n","protected":false},"excerpt":{"rendered":"<p>Fuzul GYO Y\u00f6netim Kurulu \u00dcyesi Mehmet Zahit Akbal, \u201cD\u00f6n\u00fc\u015f\u00fcm \u00c7a\u011f\u0131\u201d ana temas\u0131yla d\u00fczenlenen Future &amp; Trends Summit\u2019te konu\u015fmac\u0131 olarak yer ald\u0131. Sheraton Grand \u0130stanbul Ata\u015fehir\u2019de ger\u00e7ekle\u015fen zirvede Akbal d\u00fcnyada ve T\u00fcrkiye\u2019de konuta eri\u015fimde ya\u015fanan zorluklara ili\u015fkin de\u011ferlendirmelerinin yan\u0131 s\u0131ra Fuzul GYO\u2019nun s\u00fcrd\u00fcr\u00fclebilirlik vizyonunu, yenilenebilir enerji yat\u0131r\u0131mlar\u0131n\u0131 ve \u00e7evresel duyarl\u0131l\u0131\u011f\u0131n\u0131 merkeze alan projelerini kat\u0131l\u0131mc\u0131larla payla\u015ft\u0131. Future [&hellip;]<\/p>\n","protected":false},"author":1,"featured_media":50326,"comment_status":"open","ping_status":"open","sticky":false,"template":"","format":"standard","meta":{"ngg_post_thumbnail":0},"categories":[5388],"tags":[17092],"_links":{"self":[{"href":"https:\/\/emlaktuel.com\/index.php?rest_route=\/wp\/v2\/posts\/50325"}],"collection":[{"href":"https:\/\/emlaktuel.com\/index.php?rest_route=\/wp\/v2\/posts"}],"about":[{"href":"https:\/\/emlaktuel.com\/index.php?rest_route=\/wp\/v2\/types\/post"}],"author":[{"embeddable":true,"href":"https:\/\/emlaktuel.com\/index.php?rest_route=\/wp\/v2\/users\/1"}],"replies":[{"embeddable":true,"href":"https:\/\/emlaktuel.com\/index.php?rest_route=%2Fwp%2Fv2%2Fcomments&post=50325"}],"version-history":[{"count":1,"href":"https:\/\/emlaktuel.com\/index.php?rest_route=\/wp\/v2\/posts\/50325\/revisions"}],"predecessor-version":[{"id":50327,"href":"https:\/\/emlaktuel.com\/index.php?rest_route=\/wp\/v2\/posts\/50325\/revisions\/50327"}],"wp:featuredmedia":[{"embeddable":true,"href":"https:\/\/emlaktuel.com\/index.php?rest_route=\/wp\/v2\/media\/50326"}],"wp:attachment":[{"href":"https:\/\/emlaktuel.com\/index.php?rest_route=%2Fwp%2Fv2%2Fmedia&parent=50325"}],"wp:term":[{"taxonomy":"category","embeddable":true,"href":"https:\/\/emlaktuel.com\/index.php?rest_route=%2Fwp%2Fv2%2Fcategories&post=50325"},{"taxonomy":"post_tag","embeddable":true,"href":"https:\/\/emlaktuel.com\/index.php?rest_route=%2Fwp%2Fv2%2Ftags&post=50325"}],"curies":[{"name":"wp","href":"https:\/\/api.w.org\/{rel}","templated":true}]}}