{"id":50170,"date":"2025-10-29T03:45:02","date_gmt":"2025-10-29T00:45:02","guid":{"rendered":"https:\/\/emlaktuel.com\/?p=50170"},"modified":"2025-10-29T03:45:02","modified_gmt":"2025-10-29T00:45:02","slug":"m-erdal-eren-ulkemizin-imari-icin-gosterdigimiz-gayreti-cumhuriyetimizin-degerlerine-olan-inancimizla-birlestiriyoruz","status":"publish","type":"post","link":"https:\/\/emlaktuel.com\/?p=50170","title":{"rendered":"M. Erdal Eren: \u201c\u00dclkemizin imar\u0131 i\u00e7in g\u00f6sterdi\u011fimiz gayreti, Cumhuriyetimizin de\u011ferlerine olan inanc\u0131m\u0131zla birle\u015ftiriyoruz\u201d"},"content":{"rendered":"<p><strong><span data-originalfontsize=\"16px\" data-originalcomputedfontsize=\"16\">T\u00fcrkiye M\u00fcteahhitler Birli\u011fi (TMB) Ba\u015fkan\u0131 M. Erdal Eren, Cumhuriyetimizin 102. y\u0131l\u0131 ve 29 Ekim Cumhuriyet Bayram\u0131 dolay\u0131s\u0131yla yay\u0131nlad\u0131\u011f\u0131 a\u00e7\u0131klamada, \u201cCumhuriyetimizin 102. y\u0131l\u0131; eme\u011fin, bilimin, \u00e7al\u0131\u015fman\u0131n ve dayan\u0131\u015fman\u0131n y\u00fczy\u0131l\u0131na d\u00f6n\u00fc\u015f\u00fcrken; T\u00fcrk m\u00fcteahhitleri olarak, \u00fclkemizin imar\u0131 i\u00e7in g\u00f6sterdi\u011fimiz gayreti, Cumhuriyetimizin de\u011ferlerine olan inanc\u0131m\u0131zla birle\u015ftiriyor; yaln\u0131z yap\u0131lar de\u011fil, gelecek nesiller i\u00e7in umut in\u015fa ediyoruz\u201d dedi.<\/span><\/strong><\/p>\n<p>&nbsp;<\/p>\n<p><span data-originalfontsize=\"16px\" data-originalcomputedfontsize=\"16\">T\u00fcrkiye M\u00fcteahhitler Birli\u011fi (TMB) Ba\u015fkan\u0131 M. Erdal Eren, 29 Ekim Cumhuriyet Bayram\u0131 dolay\u0131s\u0131yla bir a\u00e7\u0131klama yay\u0131nlad\u0131. A\u00e7\u0131klamas\u0131nda, ba\u015fta T\u00fcrkiye Cumhuriyeti\u2019nin Kurucusu Gazi Mustafa Kemal Atat\u00fcrk olmak \u00fczere, Kurtulu\u015f Sava\u015f\u0131\u2019n\u0131n t\u00fcm kahramanlar\u0131n\u0131 sayg\u0131 ve minnetle and\u0131klar\u0131n\u0131 belirten Eren, \u015f\u00f6yle devam etti: \u201cMilletimizin yeniden do\u011fu\u015funun simgesi olan Cumhuriyet, bizlere yaln\u0131zca bir y\u00f6netim bi\u00e7imi de\u011fil; ayn\u0131 zamanda \u00fcretim, ilerleme ve kalk\u0131nma iradesi kazand\u0131rm\u0131\u015ft\u0131r. Gazi Mustafa Kemal Atat\u00fcrk\u2019\u00fcn \u2018Hi\u00e7bir \u015feye ihtiyac\u0131m\u0131z yok, yaln\u0131z bir \u015feye ihtiyac\u0131m\u0131z vard\u0131r; \u00e7al\u0131\u015fkan olmak\u2019 s\u00f6z\u00fc, bug\u00fcn de yolumuza \u0131\u015f\u0131k tutmaktad\u0131r. Cumhuriyetimizin 102. y\u0131l\u0131; eme\u011fin, bilimin, \u00e7al\u0131\u015fman\u0131n ve dayan\u0131\u015fman\u0131n y\u00fczy\u0131l\u0131na d\u00f6n\u00fc\u015f\u00fcrken; T\u00fcrk m\u00fcteahhitleri olarak, \u00fclkemizin imar\u0131 i\u00e7in g\u00f6sterdi\u011fimiz gayreti, Cumhuriyetimizin de\u011ferlerine olan inanc\u0131m\u0131zla birle\u015ftiriyor; yaln\u0131z yap\u0131lar de\u011fil, gelecek nesiller i\u00e7in umut in\u015fa ediyoruz.\u201d<\/span><\/p>\n<p>&nbsp;<\/p>\n<p><span data-originalfontsize=\"16px\" data-originalcomputedfontsize=\"16\">Eren, Cumhuriyetin ikinci y\u00fczy\u0131l\u0131nda T\u00fcrkiye M\u00fcteahhitler Birli\u011fi\u2019nin yaln\u0131zca sekt\u00f6rel bir \u00e7at\u0131 kurulu\u015f de\u011fil, ayn\u0131 zamanda \u00fclkenin ekonomik ve toplumsal geli\u015fimini destekleyen bir rehber oldu\u011funa dikkat \u00e7ekti. Ekonominin genelinde 200\u2019\u00fcn \u00fczerinde alt sekt\u00f6re yaratt\u0131\u011f\u0131 talep ve istihdam g\u00fcc\u00fcyle in\u015faat sekt\u00f6r\u00fcn\u00fcn, kalk\u0131nman\u0131n lokomotifi olmay\u0131 s\u00fcrd\u00fcrd\u00fc\u011f\u00fcn\u00fc ifade eden Eren, \u015f\u00f6yle devam etti: \u201cT\u00fcrkiye M\u00fcteahhitler Birli\u011fi olarak sekt\u00f6rde her alanda yol g\u00f6sterici olmay\u0131 \u00f6nemsiyoruz. Cumhuriyetimizin ikinci y\u00fczy\u0131l\u0131nda da bu bilin\u00e7le hareket ediyor, \u00fclkemizin gelece\u011fine de\u011fer katmak i\u00e7in faaliyetlerimizi s\u00fcrd\u00fcr\u00fcyoruz. T\u00fcrkiye M\u00fcteahhitler Birli\u011fi olarak, 73 y\u0131ld\u0131r Cumhuriyetimizin kalk\u0131nma yolculu\u011funa e\u015flik etmenin gururunu ya\u015f\u0131yor, toplumsal geli\u015fimi, g\u00fcveni ve refah\u0131 y\u00fckseltmenin kararl\u0131l\u0131\u011f\u0131n\u0131 ta\u015f\u0131yoruz. Cumhuriyetimizin ikinci y\u00fczy\u0131l\u0131nda, bu miras\u0131 gelece\u011fe ta\u015f\u0131ma sorumlulu\u011fuyla hi\u00e7 durmadan \u00e7al\u0131\u015fmaya devam edece\u011fiz. Milletimizin 29 Ekim Cumhuriyet Bayram\u0131n\u0131 en i\u00e7ten dileklerimle kutluyorum.\u201d<\/span><\/p>\n<p>&nbsp;<\/p>\n","protected":false},"excerpt":{"rendered":"<p>T\u00fcrkiye M\u00fcteahhitler Birli\u011fi (TMB) Ba\u015fkan\u0131 M. Erdal Eren, Cumhuriyetimizin 102. y\u0131l\u0131 ve 29 Ekim Cumhuriyet Bayram\u0131 dolay\u0131s\u0131yla yay\u0131nlad\u0131\u011f\u0131 a\u00e7\u0131klamada, \u201cCumhuriyetimizin 102. y\u0131l\u0131; eme\u011fin, bilimin, \u00e7al\u0131\u015fman\u0131n ve dayan\u0131\u015fman\u0131n y\u00fczy\u0131l\u0131na d\u00f6n\u00fc\u015f\u00fcrken; T\u00fcrk m\u00fcteahhitleri olarak, \u00fclkemizin imar\u0131 i\u00e7in g\u00f6sterdi\u011fimiz gayreti, Cumhuriyetimizin de\u011ferlerine olan inanc\u0131m\u0131zla birle\u015ftiriyor; yaln\u0131z yap\u0131lar de\u011fil, gelecek nesiller i\u00e7in umut in\u015fa ediyoruz\u201d dedi. &nbsp; T\u00fcrkiye M\u00fcteahhitler [&hellip;]<\/p>\n","protected":false},"author":1,"featured_media":50171,"comment_status":"open","ping_status":"open","sticky":false,"template":"","format":"standard","meta":{"ngg_post_thumbnail":0},"categories":[5388],"tags":[],"_links":{"self":[{"href":"https:\/\/emlaktuel.com\/index.php?rest_route=\/wp\/v2\/posts\/50170"}],"collection":[{"href":"https:\/\/emlaktuel.com\/index.php?rest_route=\/wp\/v2\/posts"}],"about":[{"href":"https:\/\/emlaktuel.com\/index.php?rest_route=\/wp\/v2\/types\/post"}],"author":[{"embeddable":true,"href":"https:\/\/emlaktuel.com\/index.php?rest_route=\/wp\/v2\/users\/1"}],"replies":[{"embeddable":true,"href":"https:\/\/emlaktuel.com\/index.php?rest_route=%2Fwp%2Fv2%2Fcomments&post=50170"}],"version-history":[{"count":1,"href":"https:\/\/emlaktuel.com\/index.php?rest_route=\/wp\/v2\/posts\/50170\/revisions"}],"predecessor-version":[{"id":50172,"href":"https:\/\/emlaktuel.com\/index.php?rest_route=\/wp\/v2\/posts\/50170\/revisions\/50172"}],"wp:featuredmedia":[{"embeddable":true,"href":"https:\/\/emlaktuel.com\/index.php?rest_route=\/wp\/v2\/media\/50171"}],"wp:attachment":[{"href":"https:\/\/emlaktuel.com\/index.php?rest_route=%2Fwp%2Fv2%2Fmedia&parent=50170"}],"wp:term":[{"taxonomy":"category","embeddable":true,"href":"https:\/\/emlaktuel.com\/index.php?rest_route=%2Fwp%2Fv2%2Fcategories&post=50170"},{"taxonomy":"post_tag","embeddable":true,"href":"https:\/\/emlaktuel.com\/index.php?rest_route=%2Fwp%2Fv2%2Ftags&post=50170"}],"curies":[{"name":"wp","href":"https:\/\/api.w.org\/{rel}","templated":true}]}}