{"id":50123,"date":"2025-10-07T18:07:57","date_gmt":"2025-10-07T15:07:57","guid":{"rendered":"https:\/\/emlaktuel.com\/?p=50123"},"modified":"2025-10-07T18:07:57","modified_gmt":"2025-10-07T15:07:57","slug":"gayrimenkulde-guvenli-konut-donemi-qflats-ile-basliyor","status":"publish","type":"post","link":"https:\/\/emlaktuel.com\/?p=50123","title":{"rendered":"Gayrimenkulde g\u00fcvenli konut d\u00f6nemi QFlats ile ba\u015fl\u0131yor"},"content":{"rendered":"<p class=\"v1MsoNormal\" align=\"center\"><b>Gayrimenkul sekt\u00f6r\u00fcne &#8216;sigorta destekli g\u00fcvenli konut&#8217; modelini kazand\u0131ran QFlats, \u0130stanbul Kurtk\u00f6y&#8217;de h\u0131zla y\u00fckseliyor. Alan\u0131nda uzman isimlerin ortakl\u0131\u011f\u0131 ile hayata ge\u00e7en proje sekt\u00f6re \u00f6rnek olmay\u0131 hedefliyor. QFlats, 347 se\u00e7kin dairesiyle hem yat\u0131r\u0131mc\u0131lara hem de ya\u015famak i\u00e7in ev arayanlara hitap ediyor.<\/b><\/p>\n<p class=\"v1MsoNormal\">MHR GYO taraf\u0131ndan, \u0130stanbul&#8217;un y\u00fckselen ya\u015fam merkezi Kurtk\u00f6y&#8217;de hayata ge\u00e7irilen QFlats&#8217;in lansman\u0131, \u0130stanbul Feriye&#8217;de d\u00fczenlenen bas\u0131n toplant\u0131s\u0131 ile yap\u0131ld\u0131. Proje ile gayrimenkulde g\u00fcvenli konut d\u00f6nemi ba\u015flad\u0131. QFlats Gayrimenkul Projesi, ba\u015ftan sona Bina Tamamlama Sigortas\u0131 g\u00fcvencesiyle y\u00fcr\u00fct\u00fclecek.<\/p>\n<p class=\"v1MsoNormal\">TEM otoyoluna 1 dakika, Sabiha G\u00f6k\u00e7en Havaliman\u0131&#8217;na 8 dakika mesafe uzakl\u0131kta yer alan QFlats Kurtk\u00f6y, \u015f\u0131k ve konforlu tasar\u0131m\u0131 ile dikkat \u00e7ekiyor. 2027 Aral\u0131k tarihinde tamamlanacak olan proje; 70 adet 1+1 ve 277 adet 2+1 olmak \u00fczere toplam 347 konuttan olu\u015fuyor. QFlats ile gayrimenkul sekt\u00f6r\u00fcnde &#8216;sigorta destekli g\u00fcvenli konut&#8217; modeli de hayata ge\u00e7iyor.<\/p>\n<h2 class=\"v1MsoNormal\">B\u0130NA TAMAMLAMA S\u0130GORTASI<\/h2>\n<p class=\"v1MsoNormal\">Maher Holding Sigorta Grubu Ba\u015fkan\u0131 Ahmet Ya\u015far, sigorta destekli g\u00fcvenli konut modelinin detaylar\u0131n\u0131 payla\u015ft\u0131. Ahmet Ya\u015far, afetlere kar\u015f\u0131 toplumun direncini art\u0131rmak, kentsel d\u00f6n\u00fc\u015f\u00fcm\u00fc h\u0131zland\u0131rmak ve sigorta mekanizmalar\u0131n\u0131 hayata ge\u00e7irmenin yaln\u0131zca bir kamu politikas\u0131 olmad\u0131\u011f\u0131n\u0131 belirterek, &#8220;\u00dclkemizin gelece\u011fi i\u00e7in vazge\u00e7ilmez bir zorunluluktur. Biz Maher Holding Sigorta Grubu olarak, uzun s\u00fcredir dile getirdi\u011fimiz \u00f6nleyici sigortac\u0131l\u0131k misyonumuz gere\u011fi bu vizyonun tam merkezindeyiz. Quick Sigorta \u00f6nc\u00fcl\u00fc\u011f\u00fcnde T\u00fcrkiye&#8217;de ilk kez uygulamaya ald\u0131\u011f\u0131m\u0131z Bina Tamamlama Sigortas\u0131, kentsel d\u00f6n\u00fc\u015f\u00fcm\u00fcn ve yeni konut projelerinin g\u00fcvence alt\u0131na al\u0131nmas\u0131nda kritik bir ara\u00e7t\u0131r&#8221; dedi.<\/p>\n<p class=\"v1MsoNormal\">Bina Tamamlama Sigortas\u0131 sayesinde vatanda\u015flar\u0131n sadece ev sahibi olmakla kalmay\u0131p, ayn\u0131 zamanda oturacaklar\u0131 konutun tamamlanaca\u011f\u0131na dair kesin bir g\u00fcvence elde etiklerine dikkat \u00e7eken Ya\u015far, \u015funlar\u0131 s\u00f6yledi:<\/p>\n<p class=\"v1MsoNormal\">&#8220;Bina Tamamlama Sigortas\u0131, yaln\u0131zca finansal bir poli\u00e7e de\u011fil; toplumun gelece\u011fini, \u015fehirlerimizin g\u00fcvenli\u011fini ve ekonomimizin s\u00fcrd\u00fcr\u00fclebilirli\u011fini teminat alt\u0131na alan bir mekanizmad\u0131r. T\u00fcrkiye&#8217;nin \u00f6n\u00fcnde \u00e7ok b\u00fcy\u00fck bir kentsel d\u00f6n\u00fc\u015f\u00fcm ihtiyac\u0131 var. Bu d\u00f6n\u00fc\u015f\u00fcm\u00fcn sa\u011fl\u0131kl\u0131 ve g\u00fcvenli \u015fekilde ger\u00e7ekle\u015febilmesi i\u00e7in bina tamamlama sigortas\u0131n\u0131n yayg\u0131nla\u015ft\u0131r\u0131lmas\u0131 art\u0131k ka\u00e7\u0131n\u0131lmazd\u0131r. G\u00fc\u00e7l\u00fc sermaye yap\u0131m\u0131z, uluslararas\u0131 reas\u00fcrans ba\u011flant\u0131lar\u0131m\u0131z ve inovatif yakla\u015f\u0131m\u0131m\u0131zla bu alandaki \u00f6nc\u00fc rol\u00fcm\u00fcz\u00fc s\u00fcrd\u00fcrece\u011fiz.&#8221;<\/p>\n<h2 class=\"v1MsoNormal\">S\u0130GORTA G\u00dcVENCES\u0130 GAYR\u0130MENKUL S\u00dcRE\u00c7LER\u0130NE ENTEGRE ED\u0130LD\u0130<\/h2>\n<p class=\"v1MsoNormal\">MHR GYO Genel M\u00fcd\u00fcr\u00fc Nurkan Ka\u00e7maz, lansmanda yapt\u0131\u011f\u0131 konu\u015fmada, iki y\u0131l \u00f6nce ger\u00e7ekle\u015fen halka arz s\u00fcrecinde yat\u0131r\u0131m planlar\u0131 aras\u0131nda yer alan QFlats projenin hem yat\u0131r\u0131mc\u0131lara hem de gelece\u011fin \u015fehir ya\u015fam\u0131na de\u011fer kataca\u011f\u0131n\u0131 s\u00f6yledi. Ka\u00e7maz, MHR GYO&#8217;nun, bu y\u0131l tamamlanan sermaye art\u0131r\u0131m\u0131 ile \u015firket sermayesinin 1.24 milyar TL&#8217;ye y\u00fckseltildi\u011fini ifade ederek, &#8220;G\u00fc\u00e7l\u00fc \u00f6zkaynak yap\u0131m\u0131z ve s\u00fcrd\u00fcr\u00fclebilir b\u00fcy\u00fcme stratejimiz ile, sigortac\u0131l\u0131k g\u00fcvencesini gayrimenkul geli\u015ftirme s\u00fcre\u00e7lerine entegre eden Sigortal\u0131 Proje Geli\u015ftiricisi olma vizyonumuz do\u011frultusunda emin ad\u0131mlarla ilerliyoruz&#8221; dedi.<\/p>\n<p class=\"v1MsoNormal\">Ka\u00e7maz, MHR GYO taraf\u0131ndan geli\u015ftirilen QFlats projesinin, sekt\u00f6rde g\u00fc\u00e7l\u00fc ve g\u00fcvenilir payda\u015flar\u0131n bir araya geldi\u011fi yeni nesil bir i\u015f modeli ile hayata ge\u00e7irildi\u011fine de dikkat \u00e7ekerek, &#8220;Proje, yat\u0131r\u0131mc\u0131lara g\u00fcvenli ve s\u00fcrd\u00fcr\u00fclebilir bir yat\u0131r\u0131m f\u0131rsat\u0131 sunarken, kullan\u0131c\u0131lar\u0131na da modern, konforlu ve sigorta g\u00fcvencesiyle desteklenen bir ya\u015fam alan\u0131 vadediyor&#8221; \u015feklinde konu\u015ftu.<\/p>\n<h2 class=\"v1MsoNormal\">\u00dc\u00c7L\u00dc SACAYA\u011eI MODEL\u0130 GEL\u0130\u015eT\u0130R\u0130LD\u0130<\/h2>\n<p class=\"v1MsoNormal\">MHR GYO Gayrimenkul Yat\u0131r\u0131mlar\u0131 ve Proje Geli\u015ftirme Komitesi \u00dcyesi Emin Murat Kan, geli\u015ftirdikleri ilk konut projesi olan QFlats ile gayrimenkul sekt\u00f6r\u00fcnde yeni bir d\u00f6nemin \u00f6nc\u00fcl\u00fc\u011f\u00fcn\u00fc \u00fcstlendiklerini belirterek, &#8220;Bina tamamlama sigortas\u0131yla desteklenen kurumsal modelimiz sayesinde, T\u00fcrkiye&#8217;de konut \u00fcretiminde g\u00fcven, \u015feffafl\u0131k ve s\u00fcrd\u00fcr\u00fclebilirli\u011fe dayal\u0131 yeni bir yakla\u015f\u0131m\u0131 hayata ge\u00e7iriyoruz&#8221; dedi.<\/p>\n<p class=\"v1MsoNormal\">Emin Murat Kan, QFlats projesinde, gayrimenkul geli\u015ftirme g\u00f6revini \u00fcstlenirken, tasar\u0131m\u0131 Tago Mimarl\u0131k, ana y\u00fcklenicili\u011fi ise Tepe \u0130n\u015faat&#8217;\u0131n y\u00fcr\u00fctt\u00fc\u011f\u00fcn\u00fc kaydederek, \u015funlar\u0131 s\u00f6yledi:<\/p>\n<p class=\"v1MsoNormal\">&#8220;Projede, Allianz Teknik, deprem performans analizlerini ger\u00e7ekle\u015ftiriyor, Quick Sigorta bina tamamlama sigortas\u0131n\u0131 sa\u011fl\u0131yor, Corpus Sigorta ise t\u00fcm riskler ve sorumluluk sigortalar\u0131n\u0131 \u00fcstleniyor. Denetim hizmetlerimiz ise Entegre Proje Y\u00f6netimi taraf\u0131ndan y\u00fcr\u00fct\u00fcl\u00fcyor. Bu g\u00fc\u00e7l\u00fc i\u015f birli\u011fiyle, g\u00fcven, kalite ve teknik m\u00fckemmeliyeti merkeze alan bir konsorsiyum olu\u015fturduk. T\u00fcrkiye&#8217;nin tek akredite deprem laboratuvar\u0131 olarak hizmet veren Allianz Teknik, proje kapsam\u0131nda yap\u0131lar\u0131n performans analizlerini ger\u00e7ekle\u015ftirerek binalar\u0131m\u0131z\u0131n deprem g\u00fcvenli\u011fine ili\u015fkin t\u00fcm endi\u015feleri ortadan kald\u0131r\u0131yor. T\u00fcrkiye&#8217;nin en itibarl\u0131 in\u015faat firmalar\u0131ndan Tepe \u0130n\u015faat, sahip oldu\u011fu bilgi birikimi ve tecr\u00fcbeyi QFlats projemize aktararak yap\u0131m kalitemizi uluslararas\u0131 standartlara ta\u015f\u0131yor.&#8221;<\/p>\n<p class=\"v1MsoNormal\">Bu yap\u0131 sayesinde geli\u015ftirici, m\u00fcteahhit ve denetim mekanizmalar\u0131n\u0131n ba\u011f\u0131ms\u0131z olarak konumland\u0131\u011f\u0131 \u00fc\u00e7l\u00fc sa\u00e7 aya\u011f\u0131 modelinin hayata ge\u00e7ti\u011fine ve T\u00fcrkiye standartlar\u0131n\u0131n \u00f6tesinde bir sistem ortaya koyduklar\u0131na dikkat \u00e7eken Kan, s\u00f6zlerini \u015f\u00f6yle s\u00fcrd\u00fcrd\u00fc:<\/p>\n<p class=\"v1MsoNormal\">&#8220;Ayr\u0131ca, arkam\u0131zda yer alan reg\u00fcle sigorta \u015firketleri sayesinde y\u00fczde 100 bitim garantisi sunarak sekt\u00f6rde benzersiz bir g\u00fcven ortam\u0131 olu\u015fturuyoruz. MHR GYO olarak, QFlats projesiyle T\u00fcrkiye&#8217;de gayrimenkul \u00fcretiminde g\u00fcven temelli, sigorta destekli yeni bir modelin temsilcisi olmay\u0131 hedefliyoruz. Tasar\u0131m a\u015famas\u0131ndan yap\u0131m s\u00fcrecine kadar en y\u00fcksek kalite standartlar\u0131nda, deprem ve yang\u0131n g\u00fcvenli\u011fi ba\u015fta olmak \u00fczere t\u00fcm yasal y\u00f6netmeliklere tam uyumlu bu projemiz; sigorta temelli ve y\u00fczde 100 bitim garantili yap\u0131s\u0131yla gayrimenkul sekt\u00f6r\u00fcnde yeni bir referans noktas\u0131 olma \u00f6zelli\u011fi ta\u015f\u0131yor.&#8221;<\/p>\n<p class=\"v1MsoNormal\"><img loading=\"lazy\" class=\"alignnone size-full wp-image-50125\" src=\"https:\/\/emlaktuel.com\/wp-content\/uploads\/2025\/10\/IMG_7521.jpeg\" alt=\"\" width=\"1179\" height=\"743\"><\/p>\n<p class=\"v1MsoNormal\">MHR GYO HAKKINDA<\/p>\n<p class=\"v1MsoNormal\">Maher Yat\u0131r\u0131m Holding \u00e7at\u0131s\u0131 alt\u0131nda olan MHR GYO, sigorta \u015firketi i\u015ftiraki olan ilk GYO \u015firketi \u00f6zelli\u011fine sahip. 18 Ekim 2023 tarihinde Borsa \u0130stanbul&#8217;da sermayesinin y\u00fczde 25&#8217;i oran\u0131nda i\u015flem g\u00f6rmeye ba\u015flayan MHR GYO&#8217;nun sermayesinin y\u00fczde 64,98&#8217;i Quick Sigorta&#8217;ya, y\u00fczde 12,59&#8217;u Corpus Sigorta&#8217;ya ait ve geri kalan hisseler Borsa \u0130stanbul&#8217;da i\u015flem g\u00f6r\u00fcyor. MHR GYO&#8217;nun, sermayesi 1.24 milyar TL&#8217;ye, aktif b\u00fcy\u00fckl\u00fc\u011f\u00fc 8,26 milyar TL&#8217;ye, \u00f6zkayna\u011f\u0131 6,9 milyar TL&#8217;ye ula\u015fm\u0131\u015f durumda.<\/p>\n<h2 class=\"v1MsoNormal\">QFLATS KURTK\u00d6Y HAKKINDA<\/h2>\n<p class=\"v1MsoNormal\">QFlats, \u0130stanbul&#8217;un h\u0131zla de\u011fer kazanan b\u00f6lgelerinden Kurtk\u00f6y&#8217;de y\u00fckseliyor.<\/p>\n<p class=\"v1MsoNormal\">\ud83d\udc49 5.865.401 TL&#8217;den ba\u015flayan pe\u015fin fiyatlar<\/p>\n<p class=\"v1MsoNormal\">\ud83d\udc49 58 m\u00b2&#8217;den ba\u015flayan 1+1 ve 80 m\u00b2&#8217;den ba\u015flayan 2+1 daireler<\/p>\n<p class=\"v1MsoNormal\">\ud83d\udc49 48 aya varan vade se\u00e7enekleri<\/p>\n<p class=\"v1MsoNormal\">\ud83d\udc49 Quick Sigorta g\u00fcvencesiyle Bina Tamamlama Sigortas\u0131<\/p>\n<p class=\"v1MsoNormal\">\ud83d\udccd Konum: \u0130stanbul Anadolu Yakas\u0131, Pendik \u2013 Sabiha G\u00f6k\u00e7en Havaliman\u0131, Teknopark ve Viaport&#8217;a birka\u00e7 dakika mesafede.<\/p>\n<p class=\"v1MsoNormal\">\ud83c\udfd7\ufe0f Proje Detaylar\u0131:<\/p>\n<p class=\"v1MsoNormal\">&nbsp;&nbsp;&nbsp;&nbsp;&nbsp;&nbsp;&nbsp;&nbsp;&nbsp;&nbsp;&nbsp;&nbsp;&nbsp;&nbsp; \u2022&nbsp;&nbsp;&nbsp;&nbsp;&nbsp;&nbsp;&nbsp;&nbsp;&nbsp;&nbsp;&nbsp;&nbsp; 10.795 m\u00b2 arsa \u00fczerinde toplam 347 konut&nbsp; ( 70 ADET 1+1 277 ADET 2+1 )<\/p>\n<p class=\"v1MsoNormal\">&nbsp;&nbsp;&nbsp;&nbsp;&nbsp;&nbsp;&nbsp;&nbsp;&nbsp;&nbsp;&nbsp;&nbsp;&nbsp;&nbsp; \u2022&nbsp;&nbsp;&nbsp;&nbsp;&nbsp;&nbsp;&nbsp;&nbsp;&nbsp;&nbsp;&nbsp;&nbsp; Arsa Sahibi: QC \u0130n\u015faat<\/p>\n<p class=\"v1MsoNormal\">&nbsp;&nbsp;&nbsp;&nbsp;&nbsp;&nbsp;&nbsp;&nbsp;&nbsp;&nbsp;&nbsp;&nbsp;&nbsp;&nbsp; \u2022&nbsp;&nbsp;&nbsp;&nbsp;&nbsp;&nbsp;&nbsp;&nbsp;&nbsp;&nbsp;&nbsp;&nbsp; Geli\u015ftirici: MHR GYO<\/p>\n<p class=\"v1MsoNormal\">&nbsp;&nbsp;&nbsp;&nbsp;&nbsp;&nbsp;&nbsp;&nbsp;&nbsp;&nbsp;&nbsp;&nbsp;&nbsp;&nbsp; \u2022&nbsp;&nbsp;&nbsp;&nbsp;&nbsp;&nbsp;&nbsp;&nbsp;&nbsp;&nbsp;&nbsp;&nbsp; Y\u00fcklenici: Tepe \u0130n\u015faat<\/p>\n<p class=\"v1MsoNormal\">&nbsp;&nbsp;&nbsp;&nbsp;&nbsp;&nbsp;&nbsp;&nbsp;&nbsp;&nbsp;&nbsp;&nbsp;&nbsp;&nbsp; \u2022&nbsp;&nbsp;&nbsp;&nbsp;&nbsp;&nbsp;&nbsp;&nbsp;&nbsp;&nbsp;&nbsp;&nbsp; Mimari Tasar\u0131m: Tago Architects<\/p>\n<p class=\"v1MsoNormal\">&nbsp;&nbsp;&nbsp;&nbsp;&nbsp;&nbsp;&nbsp;&nbsp;&nbsp;&nbsp;&nbsp;&nbsp;&nbsp;&nbsp; \u2022&nbsp;&nbsp;&nbsp;&nbsp;&nbsp;&nbsp;&nbsp;&nbsp;&nbsp;&nbsp;&nbsp;&nbsp; Deprem Performans Analizi: Allianz Teknik<\/p>\n<p class=\"v1MsoNormal\">&nbsp;&nbsp;&nbsp;&nbsp;&nbsp;&nbsp;&nbsp;&nbsp;&nbsp;&nbsp;&nbsp;&nbsp;&nbsp;&nbsp; \u2022&nbsp;&nbsp;&nbsp;&nbsp;&nbsp;&nbsp;&nbsp;&nbsp;&nbsp;&nbsp;&nbsp;&nbsp; Bina Tamamlama Sigortas\u0131: Quick Sigorta<\/p>\n<p class=\"v1MsoNormal\">&nbsp;&nbsp;&nbsp;&nbsp;&nbsp;&nbsp;&nbsp;&nbsp;&nbsp;&nbsp;&nbsp;&nbsp;&nbsp;&nbsp; \u2022&nbsp;&nbsp;&nbsp;&nbsp;&nbsp;&nbsp;&nbsp;&nbsp;&nbsp;&nbsp;&nbsp;&nbsp; T\u00fcm Riskler Sigortas\u0131: Corpus Sigorta<\/p>\n<p class=\"v1MsoNormal\">&nbsp;&nbsp;&nbsp;&nbsp;&nbsp;&nbsp;&nbsp;&nbsp;&nbsp;&nbsp;&nbsp;&nbsp;&nbsp;&nbsp; \u2022&nbsp;&nbsp;&nbsp;&nbsp;&nbsp;&nbsp;&nbsp;&nbsp;&nbsp;&nbsp;&nbsp;&nbsp; Denetim: Entegre Proje Y\u00f6netim<\/p>\n<p class=\"v1MsoNormal\">\ud83d\udcc5 Takvim:<\/p>\n<p class=\"v1MsoNormal\">&nbsp;&nbsp;&nbsp;&nbsp;&nbsp;&nbsp;&nbsp;&nbsp;&nbsp;&nbsp;&nbsp;&nbsp;&nbsp;&nbsp; \u2022&nbsp;&nbsp;&nbsp;&nbsp;&nbsp;&nbsp;&nbsp;&nbsp;&nbsp;&nbsp;&nbsp;&nbsp; Temel atma t\u00f6reni: 28 May\u0131s 2025<\/p>\n<p class=\"v1MsoNormal\">&nbsp;&nbsp;&nbsp;&nbsp;&nbsp;&nbsp;&nbsp;&nbsp;&nbsp;&nbsp;&nbsp;&nbsp;&nbsp;&nbsp; \u2022&nbsp;&nbsp;&nbsp;&nbsp;&nbsp;&nbsp;&nbsp;&nbsp;&nbsp;&nbsp;&nbsp;&nbsp; Teslim tarihi: 2027 Aral\u0131k<\/p>\n<p class=\"v1MsoNormal\">\u23f0 Sat\u0131\u015f Ofisi \u00c7al\u0131\u015fma Saatleri:<\/p>\n<p class=\"v1MsoNormal\">&nbsp;&nbsp;&nbsp;&nbsp;&nbsp;&nbsp;&nbsp;&nbsp;&nbsp;&nbsp;&nbsp;&nbsp;&nbsp;&nbsp; \u2022&nbsp;&nbsp;&nbsp;&nbsp;&nbsp;&nbsp;&nbsp;&nbsp;&nbsp;&nbsp;&nbsp;&nbsp; Pazartesi \u2013 Cumartesi: 09:00 \u2013 18:00<\/p>\n<p class=\"v1MsoNormal\">&nbsp;&nbsp;&nbsp;&nbsp;&nbsp;&nbsp;&nbsp;&nbsp;&nbsp;&nbsp;&nbsp;&nbsp;&nbsp;&nbsp; \u2022&nbsp;&nbsp;&nbsp;&nbsp;&nbsp;&nbsp;&nbsp;&nbsp;&nbsp;&nbsp;&nbsp;&nbsp; Pazar: 10:30 \u2013 18:00<\/p>\n","protected":false},"excerpt":{"rendered":"<p>Gayrimenkul sekt\u00f6r\u00fcne &#8216;sigorta destekli g\u00fcvenli konut&#8217; modelini kazand\u0131ran QFlats, \u0130stanbul Kurtk\u00f6y&#8217;de h\u0131zla y\u00fckseliyor. Alan\u0131nda uzman isimlerin ortakl\u0131\u011f\u0131 ile hayata ge\u00e7en proje sekt\u00f6re \u00f6rnek olmay\u0131 hedefliyor. QFlats, 347 se\u00e7kin dairesiyle hem yat\u0131r\u0131mc\u0131lara hem de ya\u015famak i\u00e7in ev arayanlara hitap ediyor. MHR GYO taraf\u0131ndan, \u0130stanbul&#8217;un y\u00fckselen ya\u015fam merkezi Kurtk\u00f6y&#8217;de hayata ge\u00e7irilen QFlats&#8217;in lansman\u0131, \u0130stanbul Feriye&#8217;de d\u00fczenlenen bas\u0131n [&hellip;]<\/p>\n","protected":false},"author":1,"featured_media":50124,"comment_status":"open","ping_status":"open","sticky":false,"template":"","format":"standard","meta":{"ngg_post_thumbnail":0},"categories":[221,219,97,5388],"tags":[17453,17685,17684,17689,17686,17688,17687],"_links":{"self":[{"href":"https:\/\/emlaktuel.com\/index.php?rest_route=\/wp\/v2\/posts\/50123"}],"collection":[{"href":"https:\/\/emlaktuel.com\/index.php?rest_route=\/wp\/v2\/posts"}],"about":[{"href":"https:\/\/emlaktuel.com\/index.php?rest_route=\/wp\/v2\/types\/post"}],"author":[{"embeddable":true,"href":"https:\/\/emlaktuel.com\/index.php?rest_route=\/wp\/v2\/users\/1"}],"replies":[{"embeddable":true,"href":"https:\/\/emlaktuel.com\/index.php?rest_route=%2Fwp%2Fv2%2Fcomments&post=50123"}],"version-history":[{"count":1,"href":"https:\/\/emlaktuel.com\/index.php?rest_route=\/wp\/v2\/posts\/50123\/revisions"}],"predecessor-version":[{"id":50126,"href":"https:\/\/emlaktuel.com\/index.php?rest_route=\/wp\/v2\/posts\/50123\/revisions\/50126"}],"wp:featuredmedia":[{"embeddable":true,"href":"https:\/\/emlaktuel.com\/index.php?rest_route=\/wp\/v2\/media\/50124"}],"wp:attachment":[{"href":"https:\/\/emlaktuel.com\/index.php?rest_route=%2Fwp%2Fv2%2Fmedia&parent=50123"}],"wp:term":[{"taxonomy":"category","embeddable":true,"href":"https:\/\/emlaktuel.com\/index.php?rest_route=%2Fwp%2Fv2%2Fcategories&post=50123"},{"taxonomy":"post_tag","embeddable":true,"href":"https:\/\/emlaktuel.com\/index.php?rest_route=%2Fwp%2Fv2%2Ftags&post=50123"}],"curies":[{"name":"wp","href":"https:\/\/api.w.org\/{rel}","templated":true}]}}