{"id":50075,"date":"2025-09-20T08:34:39","date_gmt":"2025-09-20T05:34:39","guid":{"rendered":"https:\/\/emlaktuel.com\/?p=50075"},"modified":"2025-09-20T08:34:39","modified_gmt":"2025-09-20T05:34:39","slug":"elite-world-rezidans-konseptine-istanbulda-bir-yenisini-daha-ekledi","status":"publish","type":"post","link":"https:\/\/emlaktuel.com\/?p=50075","title":{"rendered":"Elite World, Rezidans Konseptine \u0130stanbul\u2019da Bir Yenisini Daha Ekledi\u00a0"},"content":{"rendered":"<p><strong>Elite World, Rezidans Konseptine&nbsp; <\/strong><strong>\u0130stanbul\u2019da Bir Halka Daha Ekledi&nbsp;<\/strong><\/p>\n<p><strong>Elite World Hotels &amp; Resorts, franchise i\u015f modeliyle b\u00fcy\u00fcmeye devam ediyor. Zincir, rezidans kategorisindeki yeni oteli Elite World Residence \u0130stanbul Ba\u015fak\u015fehir i\u00e7in Hayat Group \u0130n\u015faat ile anla\u015fma imzalad\u0131.<\/strong><\/p>\n<p>T\u00fcrkiye\u2019nin \u00f6nde gelen otel zincirlerinden Elite World Hotels &amp; Resorts, rezidans konseptindeki otellerine bir yenisini daha ekledi. Zincir, bu kapsamda \u0130stanbul\u2019un geli\u015fen b\u00f6lgesi Ba\u015fak\u015fehir\u2019de Hayat Group \u0130n\u015faat ile Elite World Residence \u0130stanbul Ba\u015fak\u015fehir projesi i\u00e7in franchise anla\u015fmas\u0131 imzalad\u0131.<\/p>\n<h2><strong>Konforlu Ya\u015fam Alanlar\u0131 ve Geni\u015f Sosyal Olanaklar<\/strong><\/h2>\n<p>2027 Ocak ay\u0131nda kap\u0131lar\u0131n\u0131 a\u00e7mas\u0131 planlanan Elite World Residence \u0130stanbul Ba\u015fak\u015fehir, 45 otel odas\u0131 ve 70 rezidans dairesi ile misafirlerini a\u011f\u0131rlayacak. 2 bloktan olu\u015fan ve 15 katl\u0131 ana binas\u0131 otel ve rezidans olarak konumland\u0131r\u0131lan proje, 600 metrekare alana sahip spa ve fitness alan\u0131, 250 metrekarelik restoran\u0131, a\u00e7\u0131k al\u0131\u015fveri\u015f alan\u0131, havuzu ve 400 ki\u015filik 2 toplant\u0131 salonuyla i\u015f ve tatil ama\u00e7l\u0131 konaklamalar i\u00e7in ideal bir deneyim sunacak. \u0130stanbul Havaliman\u0131 ve Taksim\u2019e 30 kilometre, \u00c7am Sakura Hastanesi\u2019ne y\u00fcr\u00fcme mesafesinde yer alan proje, hem uzun hem de k\u0131sa s\u00fcreli konaklamalarda i\u015f seyahati, tatil ve sa\u011fl\u0131k turizmi hedef kitlesine hitap edecek \u015fekilde tasarland\u0131.<\/p>\n<h2><strong>Yeni D\u00f6nem \u0130\u00e7in G\u00fc\u00e7l\u00fc Ad\u0131m<\/strong><\/h2>\n<p>Elite World Hotels &amp; Resorts Sat\u0131\u015f ve Pazarlamadan Sorumlu Y\u00f6netim Kurulu \u00dcyesi&nbsp;<strong>Emel Elik Bezaro\u011flu,&nbsp;<\/strong>&nbsp;\u201cElite World Hotels &amp; Resorts olarak, markam\u0131z\u0131 T\u00fcrkiye\u2019nin ve d\u00fcnyan\u0131n farkl\u0131 noktalar\u0131na ta\u015f\u0131mak i\u00e7in yat\u0131r\u0131mc\u0131lar\u0131m\u0131zla g\u00fc\u00e7 birli\u011fi yapmaya devam ediyoruz. Yeni otelimizle birlikte sadece konaklama de\u011fil; bulundu\u011fumuz \u015fehre de\u011fer katacak, istihdam ve turizm potansiyeli yaratacak ad\u0131mlar at\u0131yoruz. Elite World Residence \u0130stanbul Ba\u015fak\u015fehir, zincirimizin rezidans konseptindeki 3. oteli olarak s\u00fcrd\u00fcr\u00fclebilir b\u00fcy\u00fcmemizin \u00f6rne\u011fini te\u015fkil ediyor. Misafirlerimizin ihtiya\u00e7lar\u0131na uygun konfor ve hizmet standartlar\u0131m\u0131z\u0131 her ge\u00e7en g\u00fcn daha geni\u015f bir kitleyle bulu\u015fturmaktan mutluluk duyuyoruz.\u201d dedi.&nbsp;<\/p>\n<p>Elite World Hotels &amp; Resorts CEO\u2019su<strong>&nbsp;Orkun Petek\u00e7i&nbsp;<\/strong>ise<strong>&nbsp;&nbsp;<\/strong>\u201cBug\u00fcn imza att\u0131\u011f\u0131m\u0131z bu anla\u015fma, franchise i\u015f modeliyle b\u00fcy\u00fcme stratejimizdeki kararl\u0131l\u0131\u011f\u0131m\u0131z\u0131n \u00f6nemli bir \u00f6rne\u011fini olu\u015fturuyor. Zincirimizin \u0130stanbul\u2019daki 9\u2019uncu oteli olacak bu tesis, portf\u00f6y\u00fcm\u00fczdeki \u00e7e\u015fitlili\u011fin de \u00f6nemli bir par\u00e7as\u0131 olacak. Yeni otelimizin, \u0130stanbul turizminin geli\u015fimine katk\u0131 sa\u011flayaca\u011f\u0131na ve markam\u0131z\u0131n b\u00fcy\u00fcme yolculu\u011funda \u00f6nemli bir kilometre ta\u015f\u0131 olaca\u011f\u0131na inan\u0131yoruz. Yat\u0131r\u0131mc\u0131lar\u0131m\u0131z\u0131n vizyonunu Elite World\u2019\u00fcn uluslararas\u0131 hizmet kalitesiyle bulu\u015fturarak g\u00fc\u00e7l\u00fc ve s\u00fcrd\u00fcr\u00fclebilir b\u00fcy\u00fcmeye devam ediyoruz.\u201d diye konu\u015ftu.<\/p>\n<p>&nbsp;<\/p>\n<p>Hayat Group \u0130n\u015faat Y\u00f6netim Kurulu Ba\u015fkan\u0131&nbsp;<strong>Mohamed Abdel Halim<\/strong>&nbsp;ise yat\u0131r\u0131mla ilgili olarak \u015funlar\u0131 kaydetti: \u201cGayrimenkul ve karma ya\u015fam projelerinde edindi\u011fimiz deneyimi, turizm sekt\u00f6r\u00fcn\u00fcn g\u00fc\u00e7l\u00fc markalar\u0131ndan Elite World ile yeni bir boyuta ta\u015f\u0131yoruz. Elite World Residence \u0130stanbul Ba\u015fak\u015fehir, grup olarak markal\u0131 otel ve rezidans projelerimizdeki ilk b\u00fcy\u00fck ad\u0131m\u0131m\u0131z olacak. Elite World\u2019\u00fcn uluslararas\u0131 hizmet kalitesiyle b\u00f6lgeye ve \u0130stanbul\u2019a de\u011fer kataca\u011f\u0131m\u0131za inan\u0131yoruz.\u201d&nbsp;<\/p>\n<p>&nbsp;<\/p>\n","protected":false},"excerpt":{"rendered":"<p>Elite World, Rezidans Konseptine&nbsp; \u0130stanbul\u2019da Bir Halka Daha Ekledi&nbsp; Elite World Hotels &amp; Resorts, franchise i\u015f modeliyle b\u00fcy\u00fcmeye devam ediyor. Zincir, rezidans kategorisindeki yeni oteli Elite World Residence \u0130stanbul Ba\u015fak\u015fehir i\u00e7in Hayat Group \u0130n\u015faat ile anla\u015fma imzalad\u0131. T\u00fcrkiye\u2019nin \u00f6nde gelen otel zincirlerinden Elite World Hotels &amp; Resorts, rezidans konseptindeki otellerine bir yenisini daha ekledi. Zincir, [&hellip;]<\/p>\n","protected":false},"author":1,"featured_media":50076,"comment_status":"open","ping_status":"open","sticky":false,"template":"","format":"standard","meta":{"ngg_post_thumbnail":0},"categories":[58,97],"tags":[17683],"_links":{"self":[{"href":"https:\/\/emlaktuel.com\/index.php?rest_route=\/wp\/v2\/posts\/50075"}],"collection":[{"href":"https:\/\/emlaktuel.com\/index.php?rest_route=\/wp\/v2\/posts"}],"about":[{"href":"https:\/\/emlaktuel.com\/index.php?rest_route=\/wp\/v2\/types\/post"}],"author":[{"embeddable":true,"href":"https:\/\/emlaktuel.com\/index.php?rest_route=\/wp\/v2\/users\/1"}],"replies":[{"embeddable":true,"href":"https:\/\/emlaktuel.com\/index.php?rest_route=%2Fwp%2Fv2%2Fcomments&post=50075"}],"version-history":[{"count":1,"href":"https:\/\/emlaktuel.com\/index.php?rest_route=\/wp\/v2\/posts\/50075\/revisions"}],"predecessor-version":[{"id":50077,"href":"https:\/\/emlaktuel.com\/index.php?rest_route=\/wp\/v2\/posts\/50075\/revisions\/50077"}],"wp:featuredmedia":[{"embeddable":true,"href":"https:\/\/emlaktuel.com\/index.php?rest_route=\/wp\/v2\/media\/50076"}],"wp:attachment":[{"href":"https:\/\/emlaktuel.com\/index.php?rest_route=%2Fwp%2Fv2%2Fmedia&parent=50075"}],"wp:term":[{"taxonomy":"category","embeddable":true,"href":"https:\/\/emlaktuel.com\/index.php?rest_route=%2Fwp%2Fv2%2Fcategories&post=50075"},{"taxonomy":"post_tag","embeddable":true,"href":"https:\/\/emlaktuel.com\/index.php?rest_route=%2Fwp%2Fv2%2Ftags&post=50075"}],"curies":[{"name":"wp","href":"https:\/\/api.w.org\/{rel}","templated":true}]}}