{"id":49954,"date":"2025-08-02T09:40:07","date_gmt":"2025-08-02T06:40:07","guid":{"rendered":"https:\/\/emlaktuel.com\/?p=49954"},"modified":"2025-08-02T09:45:15","modified_gmt":"2025-08-02T06:45:15","slug":"gayrimenkul-sertifikasi-bilgilendirme-tir-ve-cadirlari-istanbulda-vatandaslarla-bulusmaya-basladi","status":"publish","type":"post","link":"https:\/\/emlaktuel.com\/?p=49954","title":{"rendered":"Gayrimenkul Sertifikas\u0131 bilgilendirme t\u0131r ve \u00e7ad\u0131rlar\u0131 \u0130stanbul\u2019da vatanda\u015flarla bulu\u015fmaya ba\u015flad\u0131"},"content":{"rendered":"<p>&#8211; \u201cGAYR\u0130MENKUL SERT\u0130F\u0130KASI B\u0130LG\u0130LEND\u0130RME TIR VE \u00c7ADIRLARI\u201d \u0130STANBUL<\/p>\n<p>MEYDANLARINDA<\/p>\n<p>&#8211; GAYR\u0130MENKUL SERT\u0130F\u0130KASI B\u0130LG\u0130LEND\u0130RME TIR VE \u00c7ADIRLARI \u0130STANBUL\u2019DA<\/p>\n<p>VATANDA\u015eLARA BULU\u015eMAYA BA\u015eLADI<\/p>\n<p>Emlak Konut GYO uzman ekipleri, Gayrimenkul Sertifikas\u0131 ve Damla Kent projesi hakk\u0131nda<\/p>\n<p>vatanda\u015flara y\u00fcz y\u00fcze daha detayl\u0131 bilgi vermek i\u00e7in sahaya indi. Emlak Konut GYO\u2019nun<\/p>\n<p>bilgilendirme ekipleri, Ba\u015fak\u015fehir\u2019de hayata ge\u00e7irilecek Damla Kent projesini tan\u0131t\u0131yor ve<\/p>\n<p>Gayrimenkul Sertifikas\u0131\u2019n\u0131n halka arz s\u00fcrecinde nas\u0131l al\u0131naca\u011f\u0131n\u0131 ad\u0131m ad\u0131m vatanda\u015flara<\/p>\n<p>anlat\u0131yor.<\/p>\n<p>TOK\u0130 ve Emlak Konut GYO i\u015f birli\u011fi ile hayata ge\u00e7irilen k\u00fc\u00e7\u00fck paylarla b\u00fcy\u00fck yat\u0131r\u0131m imk\u00e2n\u0131<\/p>\n<p>sunan Gayrimenkul Sertifikas\u0131 ve Damla Kent projesi b\u00fcy\u00fck ilgi g\u00f6rmeye devam ediyor.<\/p>\n<p>\u00c7evre \u015eehircilik ve \u0130klim De\u011fi\u015fikli\u011fi Bakan\u0131 Murat Kurum\u2019un 24 Temmuz\u2019da a\u00e7\u0131klad\u0131\u011f\u0131 yeni<\/p>\n<p>nesil yat\u0131r\u0131m modeli Gayrimenkul Sertifikas\u0131 ve Damla Kent projesinin detaylar\u0131n\u0131 anlatmak<\/p>\n<p>i\u00e7in haz\u0131rlanan \u201cBilgilendirme TIR ve \u00c7ad\u0131rlar\u0131\u201d, \u0130stanbul\u2019un merkezi noktalar\u0131nda<\/p>\n<p>vatanda\u015flarla bulu\u015fuyor. Bilgilendirme ekipleri, vatanda\u015flar\u0131 \u201cGayrimenkul Sertifikas\u0131\u2019n\u0131n<\/p>\n<p>Borsa \u0130stanbul\u2019dan nas\u0131l al\u0131naca\u011f\u0131\u2019 ve \u2018Damla Kent projesinin detaylar\u0131\u2019 hakk\u0131nda<\/p>\n<p>bilgilendirmeye ba\u015flad\u0131.<\/p>\n<p>Gayrimenkul Sertifikas\u0131 i\u00e7in talep toplama s\u00fcreci 4 A\u011fustos\u2019ta ba\u015flayacak ve 8 A\u011fustos\u2019ta<\/p>\n<p>sona erecek. Sertifikalar, Borsa \u0130stanbul\u2019da \u201cDMLKT\u201d i\u015flem kodu ile al\u0131nabilecek.<\/p>\n<p>EMLAK KONUT UZMANLARI ADIM ADIM ANLATIYOR<\/p>\n<p>Ba\u015fak\u015fehir\u2019de Emlak Konut g\u00fcvencesiyle hayata ge\u00e7irilecek Damla Kent projesi, yat\u0131r\u0131mc\u0131lara<\/p>\n<p>k\u00fc\u00e7\u00fck paylarla projeden ev sahibi olma veya gayrimenkul yat\u0131r\u0131m\u0131 yapma imk\u00e2n\u0131 sunuyor.<\/p>\n<p>Bilgilendirme TIR ve \u00c7ad\u0131rlar\u0131\u2019nda, vatanda\u015flar\u0131n \u201cGayrimenkul Sertifikas\u0131 nedir, nas\u0131l al\u0131n\u0131r,<\/p>\n<p>nas\u0131l yat\u0131r\u0131m yap\u0131l\u0131r?\u201d gibi sorular\u0131 y\u00fcz y\u00fcze yan\u0131tlan\u0131yor ve proje detaylar\u0131 payla\u015f\u0131l\u0131yor.<\/p>\n<p>Ziyaret\u00e7iler, VR g\u00f6zl\u00fcklerle \u00f6rnek daireleri gezebiliyor, kat planlar\u0131n\u0131 ve proje detaylar\u0131n\u0131<\/p>\n<p>inceleyebiliyor. Yat\u0131r\u0131m hesab\u0131 olanlar\u0131n talep toplama s\u00fcrecine kolayca kat\u0131labilece\u011fi<\/p>\n<p>anlat\u0131l\u0131rken, hesab\u0131 olmayanlara da hesap a\u00e7ma konusunda destek sa\u011flan\u0131yor. Projede<\/p>\n<p>sunulan farkl\u0131 daire tipleri, geni\u015f meydanlar, ye\u015fil parklar, sosyal donat\u0131 alanlar\u0131, \u00e7ocuk oyun<\/p>\n<p>alanlar\u0131, kapal\u0131 otoparklar ve y\u00fcr\u00fcy\u00fc\u015f yollar\u0131 vatanda\u015flara tan\u0131t\u0131l\u0131yor.<\/p>\n<p>1\u201cB\u0130LG\u0130LEND\u0130RME TIR VE \u00c7ADIRLARI\u201dNIN LOKASYONLARI<\/p>\n<p>Emlak Konut GYO taraf\u0131ndan, vatanda\u015flar\u0131n sorular\u0131n\u0131 cevaplayan uzman ekiplerin bulundu\u011fu<\/p>\n<p>\u201cBilgilendirme TIR ve \u00c7ad\u0131rlar\u0131\u201dn\u0131n hangi tarihte nerede olaca\u011f\u0131yla ilgili konum bilgileri<\/p>\n<p>payla\u015f\u0131ld\u0131. Yan\u0131 s\u0131ra TIR\u2019lar\u0131n\u0131n lokasyon bilgileri de Emlak Konut GYO\u2019nun resmi sosyal medya<\/p>\n<p>hesaplar\u0131ndan da payla\u015f\u0131lmaya devam ediyor.<\/p>\n<p>Bilgilendirme \u00e7ad\u0131rlar\u0131 1-8 A\u011fustos tarihleri aras\u0131nda \u0130stanbul\u2019da a\u015fa\u011f\u0131daki lokasyonlarda yer<\/p>\n<p>alacak:<\/p>\n<p>SAB\u0130T \u00c7ADIR LOKASYONLARI 1 \u2013 8 A\u011eUSTOS<\/p>\n<p>\u0130l\u00e7e Lokasyon<\/p>\n<p>\u00dcsk\u00fcdar Sahil Meydan\u0131<\/p>\n<p>Esenler D\u00f6rtyol Meydan\u0131<\/p>\n<p>\u00dcmraniye 15 Temmuz Meydan\u0131<\/p>\n<p>Ba\u015fak\u015fehir Kent Meydan\u0131<\/p>\n<p>Bilgilendirme TIR\u2019lar\u0131 ise 1-8 A\u011fustos tarihleri aras\u0131nda \u0130stanbul\u2019da a\u015fa\u011f\u0131daki lokasyonlarda yer<\/p>\n<p>alacak:<\/p>\n<p>Anadolu Yakas\u0131: \u00c7ekmek\u00f6y, \u00dcsk\u00fcdar, Kad\u0131k\u00f6y, Sultanbeyli<\/p>\n<p>Avrupa Yakas\u0131: Esenyurt, Emin\u00f6n\u00fc, Taksim, Ba\u011fc\u0131lar, Beylikd\u00fcz\u00fc, Arnavutk\u00f6y<\/p>\n<p>B\u0130LG\u0130LEND\u0130RME TIR&#8217;LARI LOKASYONLARI<\/p>\n<p>Anadolu Yakas\u0131 Avrupa Yakas\u0131<\/p>\n<p>1 A\u011fustos \u00c7ekmek\u00f6y Esenyurt<\/p>\n<p>2 A\u011fustos Kad\u0131k\u00f6y Taksim<\/p>\n<p>3 A\u011fustos Kad\u0131k\u00f6y Ba\u011fc\u0131lar<\/p>\n<p>4 A\u011fustos Kad\u0131k\u00f6y Emin\u00f6n\u00fc<\/p>\n<p>5 A\u011fustos \u00dcsk\u00fcdar Emin\u00f6n\u00fc<\/p>\n<p>6 A\u011fustos \u00dcsk\u00fcdar Beylikd\u00fcz\u00fc<\/p>\n<p>7 A\u011fustos Sultanbeyli Arnavutk\u00f6y<\/p>\n<p>28 A\u011fustos Kad\u0131k\u00f6y Emin\u00f6n\u00fc<\/p>\n<p>DETAYLI B\u0130LG\u0130 \u0130\u00c7\u0130N<\/p>\n<p>Detayl\u0131 bilgi almak isteyenler Emlak Konut\u2019un www.emlakkonut.com.tr web sitesini ziyaret<\/p>\n<p>edebilir veya 444 36 55 numaral\u0131 \u00e7a\u011fr\u0131 merkezini arayabilir.<\/p>\n","protected":false},"excerpt":{"rendered":"<p>&#8211; \u201cGAYR\u0130MENKUL SERT\u0130F\u0130KASI B\u0130LG\u0130LEND\u0130RME TIR VE \u00c7ADIRLARI\u201d \u0130STANBUL MEYDANLARINDA &#8211; GAYR\u0130MENKUL SERT\u0130F\u0130KASI B\u0130LG\u0130LEND\u0130RME TIR VE \u00c7ADIRLARI \u0130STANBUL\u2019DA VATANDA\u015eLARA BULU\u015eMAYA BA\u015eLADI Emlak Konut GYO uzman ekipleri, Gayrimenkul Sertifikas\u0131 ve Damla Kent projesi hakk\u0131nda vatanda\u015flara y\u00fcz y\u00fcze daha detayl\u0131 bilgi vermek i\u00e7in sahaya indi. Emlak Konut GYO\u2019nun bilgilendirme ekipleri, Ba\u015fak\u015fehir\u2019de hayata ge\u00e7irilecek Damla Kent projesini tan\u0131t\u0131yor ve [&hellip;]<\/p>\n","protected":false},"author":1,"featured_media":49939,"comment_status":"open","ping_status":"open","sticky":false,"template":"","format":"standard","meta":{"ngg_post_thumbnail":0},"categories":[221,97,5388],"tags":[2131,7024,17670,17674],"_links":{"self":[{"href":"https:\/\/emlaktuel.com\/index.php?rest_route=\/wp\/v2\/posts\/49954"}],"collection":[{"href":"https:\/\/emlaktuel.com\/index.php?rest_route=\/wp\/v2\/posts"}],"about":[{"href":"https:\/\/emlaktuel.com\/index.php?rest_route=\/wp\/v2\/types\/post"}],"author":[{"embeddable":true,"href":"https:\/\/emlaktuel.com\/index.php?rest_route=\/wp\/v2\/users\/1"}],"replies":[{"embeddable":true,"href":"https:\/\/emlaktuel.com\/index.php?rest_route=%2Fwp%2Fv2%2Fcomments&post=49954"}],"version-history":[{"count":1,"href":"https:\/\/emlaktuel.com\/index.php?rest_route=\/wp\/v2\/posts\/49954\/revisions"}],"predecessor-version":[{"id":49955,"href":"https:\/\/emlaktuel.com\/index.php?rest_route=\/wp\/v2\/posts\/49954\/revisions\/49955"}],"wp:featuredmedia":[{"embeddable":true,"href":"https:\/\/emlaktuel.com\/index.php?rest_route=\/wp\/v2\/media\/49939"}],"wp:attachment":[{"href":"https:\/\/emlaktuel.com\/index.php?rest_route=%2Fwp%2Fv2%2Fmedia&parent=49954"}],"wp:term":[{"taxonomy":"category","embeddable":true,"href":"https:\/\/emlaktuel.com\/index.php?rest_route=%2Fwp%2Fv2%2Fcategories&post=49954"},{"taxonomy":"post_tag","embeddable":true,"href":"https:\/\/emlaktuel.com\/index.php?rest_route=%2Fwp%2Fv2%2Ftags&post=49954"}],"curies":[{"name":"wp","href":"https:\/\/api.w.org\/{rel}","templated":true}]}}