{"id":49948,"date":"2025-07-31T11:12:55","date_gmt":"2025-07-31T08:12:55","guid":{"rendered":"https:\/\/emlaktuel.com\/?p=49948"},"modified":"2025-07-31T11:12:55","modified_gmt":"2025-07-31T08:12:55","slug":"dunya-sehir-maltepe-homeextension-konseptiyle-konutta-standartlari-yukseltiyor","status":"publish","type":"post","link":"https:\/\/emlaktuel.com\/?p=49948","title":{"rendered":"D\u00fcnya \u015eehir Maltepe, HOMEEXTENSION konseptiyle konutta standartlar\u0131 y\u00fckseltiyor"},"content":{"rendered":"<p class=\"s7\"><span class=\"s4\"><span class=\"bumpedFont15\">D\u00fcnya \u015eehir <\/span><\/span><span class=\"s4\"><span class=\"bumpedFont15\">Gayrimenkul, 168<\/span><\/span><span class=\"s4\"><span class=\"bumpedFont15\"> milyon dolar yat\u0131r\u0131m de\u011feriyle hayata ge\u00e7irdi\u011fi D\u00fcnya \u015eehir Maltepe ile \u0130stanbul Anadolu Yakas\u0131\u2019n\u0131n en de\u011ferli lokasyonlar\u0131ndan biri<\/span><\/span><span class=\"s4\"><span class=\"bumpedFont15\"> olan Esenkent\u2019te,<\/span><\/span><span class=\"s4\"><span class=\"bumpedFont15\"> g\u00fc\u00e7l\u00fc ve yenilik\u00e7i bir ya\u015fam vizyonu sunuyor.<\/span><\/span><span class=\"s4\"><span class=\"bumpedFont15\">HOMEEXTENSION konsepti ve geni\u015f sosyal olanaklar\u0131yla <\/span><\/span><span class=\"s4\"><span class=\"bumpedFont15\">ev sahiplerine standartlar\u0131n \u00fczerinde, s\u00fcrd\u00fcr\u00fclebilir bir ya\u015fam deneyimi vadeden 808 dairelik dev proje, b\u00f6lgenin konut standard\u0131n\u0131 da yukar\u0131 ta\u015f\u0131yor.<\/span><\/span><\/p>\n<p class=\"s10\"><span class=\"s9\"><span class=\"bumpedFont15\">Markal\u0131 konut anlay\u0131\u015f\u0131yla sadece yap\u0131 in\u015fa etmeyi de\u011fil, ya\u015fam bi\u00e7imlerini d\u00f6n\u00fc\u015ft\u00fcren kal\u0131c\u0131 de\u011ferler \u00fcretmeyi hedefleyen ve bu ba\u011flamda g<\/span><\/span><span class=\"s9\"><span class=\"bumpedFont15\">ayrimenkul sekt\u00f6r\u00fcnde modern ya\u015fam, kalite ve s\u00fcrd\u00fcr\u00fclebilirlik ilkelerini oda\u011f\u0131na alan D\u00fcnya \u015eehir Gayrimenkul Geli\u015ftirme ve \u0130n\u015faat<\/span><\/span><span class=\"s9\"><span class=\"bumpedFont15\">, <\/span><\/span><span class=\"s9\"><span class=\"bumpedFont15\">\u0130stanbul\u2019daki ikinci b\u00fcy\u00fck konut projesi<\/span><\/span><span class=\"s9\"><span class=\"bumpedFont15\">ni Maltepe\u2019de hayata ge\u00e7iriyor. <\/span><\/span><span class=\"s9\"><span class=\"bumpedFont15\">\u0130lk projesi olan D\u00fcnya \u015eehir Kartal ile b\u00f6lgenin ya\u015fam standartlar\u0131n\u0131 yukar\u0131lara ta\u015f\u0131yan <\/span><\/span><span class=\"s9\"><span class=\"bumpedFont15\">\u015f<\/span><\/span><span class=\"s9\"><span class=\"bumpedFont15\">irket, \u015fimdi D\u00fcnya \u015eehir Maltepe projesi ile Anadolu Yakas\u0131\u2019n\u0131n en de\u011ferli lokasyonlar\u0131ndan birinde g\u00fc\u00e7l\u00fc<\/span><\/span><span class=\"s9\"><span class=\"bumpedFont15\"> ve yenilik\u00e7i<\/span><\/span><span class=\"s9\"><span class=\"bumpedFont15\"> bir ya\u015fam vizyonu sunuyor.<\/span><\/span><\/p>\n<p class=\"s10\"><span class=\"s9\"><span class=\"bumpedFont15\">Maltepe Esenkent\u2019te 168 milyon dolarl\u0131k yat\u0131r\u0131m de\u011feriyle y\u00fckselen <\/span><\/span><span class=\"s9\"><span class=\"bumpedFont15\">D\u00fcnya \u015eehir Maltepe, <\/span><\/span><span class=\"s9\"><span class=\"bumpedFont15\">farkl\u0131 ya\u015fam tarzlar\u0131na hitap eden geni\u015f daire se\u00e7eneklerinin yan\u0131 s\u0131ra yenilik\u00e7i HOMEEXTENSION konseptiyle ayr\u0131cal\u0131kl\u0131 bir ya\u015fam deneyimi sunuyor. <\/span><\/span><span class=\"s9\"><span class=\"bumpedFont15\">808 daire ve 37 ticari alandan olu\u015fan <\/span><\/span><span class=\"s9\"><span class=\"bumpedFont15\">proje, <\/span><\/span><span class=\"s9\"><span class=\"bumpedFont15\">26 bin <\/span><\/span><span class=\"s9\"><span class=\"bumpedFont15\">500 metrekare arsa ve 140<\/span><\/span><span class=\"s9\"><span class=\"bumpedFont15\"> bin metrekare <\/span><\/span><span class=\"s9\"><span class=\"bumpedFont15\">in\u015faat alan\u0131na sahip<\/span><\/span><span class=\"s9\"><span class=\"bumpedFont15\">.<\/span><\/span> <span class=\"s9\"><span class=\"bumpedFont15\">5 ila 11 kat aras\u0131nda de\u011fi\u015fen <\/span><\/span><span class=\"s9\"><span class=\"bumpedFont15\">konut blo\u011funun yer ald\u0131\u011f\u0131 <\/span><\/span><span class=\"s9\"><span class=\"bumpedFont15\">D\u00fcnya \u015eehir Maltepe<\/span><\/span><span class=\"s9\"><span class=\"bumpedFont15\">\u2019de <\/span><\/span><span class=\"s9\"><span class=\"bumpedFont15\">b\u00fcy\u00fckl\u00fckleri 60 metrekare ile 230 metrekare aras\u0131nda de\u011fi\u015fen<\/span><\/span> <span class=\"s9\"><span class=\"bumpedFont15\">1+1<\/span><\/span><span class=\"s9\"><span class=\"bumpedFont15\">, 2+1, 3+1 ve 4+1\u2019e<\/span><\/span><span class=\"s9\"><span class=\"bumpedFont15\"> de\u011fi\u015fen daire <\/span><\/span><span class=\"s9\"><span class=\"bumpedFont15\">tiplerine yer veriliyor.<\/span><\/span><\/p>\n<h2 class=\"s11\"><span class=\"s4\"><span class=\"bumpedFont15\">Geni\u015f ye\u015fil ve sosyal alanlar<\/span><\/span><\/h2>\n<p class=\"s12\"><span class=\"s9\"><span class=\"bumpedFont15\">Toplam 15 bin 500 metrekareyi bulan geni\u015f peyzaj alanlar\u0131yla, ye\u015fille i\u00e7 i\u00e7e<\/span><\/span><span class=\"s9\"><span class=\"bumpedFont15\">,<\/span><\/span><span class=\"s9\"><span class=\"bumpedFont15\"> ferah bir ya\u015fam <\/span><\/span><span class=\"s9\"><span class=\"bumpedFont15\">imk\u00e2n\u0131<\/span><\/span><span class=\"s9\"><span class=\"bumpedFont15\"> sunan <\/span><\/span><span class=\"s9\"><span class=\"bumpedFont15\">D\u00fcnya \u015eehir Maltepe\u2019nin a\u00e7\u0131k ve kapal\u0131 sosyal alanlar\u0131n\u0131n b\u00fcy\u00fckl\u00fc\u011f\u00fc de <\/span><\/span><span class=\"s9\"><span class=\"bumpedFont15\">13 bin metrekareye ula\u015f\u0131yor. Projenin a\u00e7\u0131k alanlar\u0131nda iki a\u00e7\u0131k y\u00fczme havuzu, y\u00fcr\u00fcy\u00fc\u015f parkurlar\u0131, yapay g\u00f6letler, \u00e7ocuk oyun parklar\u0131, \u00e7ardak ve oturma alanlar\u0131, a\u00e7\u0131k hava sinemas\u0131 ile \u00e7ok ama\u00e7l\u0131 spor kompleksi yer al\u0131rken <\/span><\/span><span class=\"s9\"><span class=\"bumpedFont15\">k<\/span><\/span><span class=\"s9\"><span class=\"bumpedFont15\">apal\u0131 sosyal donat\u0131 alanlar\u0131nda kapal\u0131 y\u00fczme havuzu, fitness center, SPA merkezi, sinema salonu, kapal\u0131 oyun alan\u0131, toplant\u0131 odalar\u0131 ve HOMEEXTENSION konsepti kapsam\u0131nda misafirlerin konaklayabilece\u011fi \u00f6zel misafirhaneler bulunuyor. <\/span><\/span><\/p>\n<h2 class=\"s11\"><span class=\"s4\"><span class=\"bumpedFont15\">S\u00fcrd\u00fcr\u00fclebilir bir ya\u015fam yakla\u015f\u0131m\u0131<\/span><\/span><\/h2>\n<p class=\"s12\"><span class=\"s9\"><span class=\"bumpedFont15\">D\u00fcnya \u015eehir Maltepe, yaln\u0131zca mimari ve sosyal olanaklar\u0131yla de\u011fil, ayn\u0131 zamanda \u00e7evreye duyarl\u0131 uygulamalar\u0131yla da s\u00fcrd\u00fcr\u00fclebilir ya\u015fam anlay\u0131\u015f\u0131n\u0131 destekliyor. Proje kapsam\u0131nda kullan\u0131lan g\u00fcne\u015f panelleri, ortak alanlarda enerji verimlili\u011fini art\u0131r\u0131rken ya\u011fmur suyu toplama sistemleri, geni\u015f peyzaj alanlar\u0131n\u0131n sulamas\u0131nda do\u011fal kaynaklar\u0131n kullan\u0131lmas\u0131na olanak tan\u0131yor. Bu sistemler sayesinde hem su tasarrufu sa\u011flan\u0131yor hem de do\u011faya sayg\u0131l\u0131 bir ya\u015fam altyap\u0131s\u0131 olu\u015fturuluyor. Ayr\u0131ca 15<\/span><\/span><span class=\"s9\"><span class=\"bumpedFont15\"> bin <\/span><\/span><span class=\"s9\"><span class=\"bumpedFont15\">500 metrekarelik geni\u015f ye\u015fil alan, projeye sadece estetik de\u011fil, ekolojik bir de\u011fer de kat\u0131yor. D\u00fcnya \u015eehir, her detay\u0131nda \u00e7evreyle uyumlu ve uzun \u00f6m\u00fcrl\u00fc bir ya\u015fam alan\u0131 olu\u015fturma vizyonunu ortaya koyuyor.<\/span><\/span><\/p>\n<p class=\"s11\"><span class=\"s4\"><span class=\"bumpedFont15\">\u0130nsan\u0131 oda\u011f\u0131na alan proje<\/span><\/span><\/p>\n<p class=\"s15\"><span class=\"s13\"><span class=\"bumpedFont15\">D\u00fcnya \u015eehir Y\u00f6netim Kurulu Ba\u015fkan Vekili \u015eevket Bilal Irmak, <\/span><\/span><span class=\"s14\"><span class=\"bumpedFont15\">D\u00fcnya \u015eehir Maltepe ile \u0130stanbul\u2019un merkezine yak\u0131n, ayn\u0131 zamanda do\u011fayla dengeli bir ya\u015fam arayanlar i\u00e7in \u00f6zel bir alternatif sunmay\u0131 hedeflediklerini s\u00f6yledi. D\u00fcnya \u015eehir Maltepe\u2019yi bir konut projesi olman\u0131n \u00f6tesinde insan\u0131 oda\u011f\u0131na alan ve ya\u015fam bi\u00e7imlerine y\u00f6n veren bir proje olarak tasarlad\u0131klar\u0131n\u0131 anlatan Irmak, \u201c<\/span><\/span><span class=\"s14\"><span class=\"bumpedFont15\">Yeni projemizi, grubumuzun en g\u00fc\u00e7l\u00fc y\u00f6nlerinden olan m\u00fchendislik ve taahh\u00fct tecr\u00fcbesi ile D\u00fcnya \u015eehir Kartal\u2019da edindi\u011fimiz deneyimlerin bir yans\u0131mas\u0131 olarak hayata ge\u00e7iriyoruz.<\/span><\/span><span class=\"s14\"><span class=\"bumpedFont15\">D\u00fcnya \u015eehir Maltepe\u2019de, modern \u015fehir hayat\u0131n\u0131n ihtiya\u00e7lar\u0131n\u0131 kar\u015f\u0131layan, g\u00fcvenli, estetik ve sosyal a\u00e7\u0131dan zengin bir ya\u015fam kurgulad\u0131k\u201d dedi. <\/span><\/span><\/p>\n<p class=\"s11\"><span class=\"s4\"><span class=\"bumpedFont15\">Yenilik\u00e7i ya\u015fam konsepti HOMEEXTENSION<\/span><\/span><\/p>\n<p class=\"s17\"><span class=\"s9\"><span class=\"bumpedFont15\">Projede, D\u00fcnya \u015eehir taraf\u0131ndan geli\u015ftirilen yenilik\u00e7i ya\u015fam konsepti HOMEEXTENSION ile ev sahiplerine standartlar\u0131n \u00fczerinde bir ya\u015fam deneyimi sunacaklar\u0131n\u0131 anlatan Irmak, \u015funlar\u0131 s\u00f6yledi:<\/span><\/span><\/p>\n<p class=\"s12\"><span class=\"s16\"><span class=\"bumpedFont15\">\u201c<\/span><\/span><span class=\"s9\"><span class=\"bumpedFont15\">HOMEEXTENSION konsepti ile hem kullan\u0131c\u0131lar\u0131n ya\u015fam kalitesini art\u0131rmay\u0131 hem de modern \u015fehir ya\u015fam\u0131n\u0131n getirdi\u011fi alan k\u0131s\u0131tlar\u0131n\u0131 \u00e7\u00f6zmeyi hedefliyoruz. Bu sayede, ev sahipleri ihtiya\u00e7 duyduklar\u0131nda evlerinin s\u0131n\u0131rlar\u0131n\u0131 esnetebilecek, ya\u015fam alanlar\u0131n\u0131 geni\u015fleten, fonksiyonel ve \u00e7ok y\u00f6nl\u00fc bir ya\u015fam altyap\u0131s\u0131na sahip olacaklar. Bu hedefle site i\u00e7inde ortak ama ihtiya\u00e7lar\u0131 olmas\u0131 halinde site sakinlerinin \u00f6zel kullan\u0131m\u0131na sunaca\u011f\u0131m\u0131z alanlar geli\u015ftirdik. Konuklar i\u00e7in tasarlanm\u0131\u015f misafirhane odalar\u0131, \u00f6zel toplant\u0131lar ve \u00e7al\u0131\u015fmalar i\u00e7in toplant\u0131 <\/span><\/span><span class=\"s9\"><span class=\"bumpedFont15\">salonlar\u0131, sosyal<\/span><\/span><span class=\"s9\"><span class=\"bumpedFont15\"> bulu\u015fmalar veya bireysel keyif anlar\u0131 i\u00e7in sinema odalar\u0131, oyun alanlar\u0131 gibi \u00e7ok ama\u00e7l\u0131 ve fonksiyonel alanlar, istedikleri zaman site sakinlerinin kullan\u0131m\u0131na a\u00e7\u0131k olacak.\u201d<\/span><\/span><\/p>\n<p class=\"s18\"><span class=\"s13\"><span class=\"bumpedFont15\">Avantajl\u0131 konum, kolay ula\u015f\u0131m<\/span><\/span><\/p>\n<p class=\"s18\">&nbsp;<\/p>\n<p class=\"s15\"><span class=\"s14\"><span class=\"bumpedFont15\">D\u00fcnya \u015eehir Maltepe projesi, avantajl\u0131 lokasyonuyla, \u0130stanbul\u2019un merkezi noktalar\u0131na kolay ula\u015f\u0131m imkan\u0131 sunuyor. <\/span><\/span><span class=\"s14\"><span class=\"bumpedFont15\">E-5 karayolu \u00fczerinde, M4 Metro hatt\u0131 Esenkent dura\u011f\u0131na birka\u00e7 ad\u0131m uzakl\u0131kta <\/span><\/span><span class=\"s14\"><span class=\"bumpedFont15\">yer alan<\/span><\/span><span class=\"s14\"><span class=\"bumpedFont15\"> proje, Marmaray, sahil yolu ve TEM ba\u011flant\u0131 yollar\u0131na olan yak\u0131nl\u0131\u011f\u0131yla <\/span><\/span><span class=\"s14\"><span class=\"bumpedFont15\">dikkat \u00e7ekiyor. <\/span><\/span><span class=\"s14\"><span class=\"bumpedFont15\">Sabiha G\u00f6k\u00e7en Havaliman\u0131\u2019na 14 <\/span><\/span><span class=\"s14\"><span class=\"bumpedFont15\">kilometre<\/span><\/span><span class=\"s14\"><span class=\"bumpedFont15\">, Maltepe Sahili\u2019ne 2,8 <\/span><\/span><span class=\"s14\"><span class=\"bumpedFont15\">kilometre<\/span><\/span><span class=\"s14\"><span class=\"bumpedFont15\">, \u0130DO Bostanc\u0131 \u0130skelesi\u2019ne 9 kilometre, Avrasya T\u00fcneli\u2019ne 15 kilometre<\/span><\/span><span class=\"s14\"><span class=\"bumpedFont15\"> mesafede bulunan D\u00fcnya \u015eehir Maltepe, <\/span><\/span><span class=\"s14\"><span class=\"bumpedFont15\">bu \u00f6zelli\u011fiyle <\/span><\/span><span class=\"s14\"><span class=\"bumpedFont15\">hem \u015fehir i\u00e7i hem \u015fehirler<\/span><\/span><span class=\"s14\"><span class=\"bumpedFont15\">aras\u0131 eri\u015fim kolayl\u0131\u011f\u0131 <\/span><\/span><span class=\"s14\"><span class=\"bumpedFont15\">sa\u011fl\u0131yor.<\/span><\/span> <span class=\"s14\"><span class=\"bumpedFont15\">Projenin yak\u0131n \u00e7evresinde yer<\/span><\/span><span class=\"s14\"><span class=\"bumpedFont15\">L\u00fctf\u00fc <\/span><\/span><span class=\"s14\"><span class=\"bumpedFont15\">K\u0131rdar \u015eehir Hastanesi<\/span><\/span><span class=\"s14\"><span class=\"bumpedFont15\">, 5 b\u00fcy\u00fck al\u0131\u015fveri\u015f merkezi ile<\/span><\/span><span class=\"s14\"><span class=\"bumpedFont15\"> \u00f6zel okullar ve devlet okullar\u0131 <\/span><\/span><span class=\"s14\"><span class=\"bumpedFont15\">ise sa\u011fl\u0131k, e\u011fitim, al\u0131\u015fveri\u015f ve sosyal ihtiya\u00e7lara kolayca ula\u015fma imkan\u0131 sa\u011fl\u0131yor. <\/span><\/span><\/p>\n<h2 class=\"s11\"><span class=\"s4\"><span class=\"bumpedFont15\">Esnek \u00f6deme se\u00e7enekleri<\/span><\/span><\/h2>\n<p class=\"s11\"><span class=\"s9\"><span class=\"bumpedFont15\">Daire fiyatlar\u0131n\u0131n 8 milyon 450 bin TL\u2019den ba\u015flad\u0131\u011f\u0131 projeden y\u00fczde<\/span><\/span><span class=\"s9\"><span class=\"bumpedFont15\"> 40<\/span><\/span><span class=\"s9\"><span class=\"bumpedFont15\"> pe\u015finat ve 24 ay s\u0131f\u0131r faizle bir ev sahibi olunabiliyor. Daireler i\u00e7in ayr\u0131ca ayl\u0131k y\u00fczde 2,49\u2019den ba\u015flayan faiz oranlar\u0131yla 120 aya varan vadelerle banka kredisi kullanmak m\u00fcmk\u00fcn. <\/span><\/span><span class=\"s9\"><span class=\"bumpedFont15\">Kaba in\u015faat\u0131 y\u00fczde 70 oran\u0131nda tamamlanan projede, ilk teslim tarihi ise <\/span><\/span><span class=\"s9\"><span class=\"bumpedFont15\">Mart<\/span><\/span><span class=\"s9\"><span class=\"bumpedFont15\"> 2026 <\/span><\/span><span class=\"s9\"><span class=\"bumpedFont15\">olarak a\u00e7\u0131kland\u0131. <\/span><\/span><\/p>\n<p class=\"s15\">&nbsp;<\/p>\n","protected":false},"excerpt":{"rendered":"<p>D\u00fcnya \u015eehir Gayrimenkul, 168 milyon dolar yat\u0131r\u0131m de\u011feriyle hayata ge\u00e7irdi\u011fi D\u00fcnya \u015eehir Maltepe ile \u0130stanbul Anadolu Yakas\u0131\u2019n\u0131n en de\u011ferli lokasyonlar\u0131ndan biri olan Esenkent\u2019te, g\u00fc\u00e7l\u00fc ve yenilik\u00e7i bir ya\u015fam vizyonu sunuyor.HOMEEXTENSION konsepti ve geni\u015f sosyal olanaklar\u0131yla ev sahiplerine standartlar\u0131n \u00fczerinde, s\u00fcrd\u00fcr\u00fclebilir bir ya\u015fam deneyimi vadeden 808 dairelik dev proje, b\u00f6lgenin konut standard\u0131n\u0131 da yukar\u0131 ta\u015f\u0131yor. Markal\u0131 [&hellip;]<\/p>\n","protected":false},"author":1,"featured_media":49949,"comment_status":"open","ping_status":"open","sticky":false,"template":"","format":"standard","meta":{"ngg_post_thumbnail":0},"categories":[5388],"tags":[16302,17672],"_links":{"self":[{"href":"https:\/\/emlaktuel.com\/index.php?rest_route=\/wp\/v2\/posts\/49948"}],"collection":[{"href":"https:\/\/emlaktuel.com\/index.php?rest_route=\/wp\/v2\/posts"}],"about":[{"href":"https:\/\/emlaktuel.com\/index.php?rest_route=\/wp\/v2\/types\/post"}],"author":[{"embeddable":true,"href":"https:\/\/emlaktuel.com\/index.php?rest_route=\/wp\/v2\/users\/1"}],"replies":[{"embeddable":true,"href":"https:\/\/emlaktuel.com\/index.php?rest_route=%2Fwp%2Fv2%2Fcomments&post=49948"}],"version-history":[{"count":1,"href":"https:\/\/emlaktuel.com\/index.php?rest_route=\/wp\/v2\/posts\/49948\/revisions"}],"predecessor-version":[{"id":49950,"href":"https:\/\/emlaktuel.com\/index.php?rest_route=\/wp\/v2\/posts\/49948\/revisions\/49950"}],"wp:featuredmedia":[{"embeddable":true,"href":"https:\/\/emlaktuel.com\/index.php?rest_route=\/wp\/v2\/media\/49949"}],"wp:attachment":[{"href":"https:\/\/emlaktuel.com\/index.php?rest_route=%2Fwp%2Fv2%2Fmedia&parent=49948"}],"wp:term":[{"taxonomy":"category","embeddable":true,"href":"https:\/\/emlaktuel.com\/index.php?rest_route=%2Fwp%2Fv2%2Fcategories&post=49948"},{"taxonomy":"post_tag","embeddable":true,"href":"https:\/\/emlaktuel.com\/index.php?rest_route=%2Fwp%2Fv2%2Ftags&post=49948"}],"curies":[{"name":"wp","href":"https:\/\/api.w.org\/{rel}","templated":true}]}}