{"id":49895,"date":"2025-07-23T07:56:07","date_gmt":"2025-07-23T04:56:07","guid":{"rendered":"https:\/\/emlaktuel.com\/?p=49895"},"modified":"2025-07-23T23:37:34","modified_gmt":"2025-07-23T20:37:34","slug":"deniz-otesi-insaata-buyuk-odul-jaqlan-a-design-awardi-kazandi","status":"publish","type":"post","link":"https:\/\/emlaktuel.com\/?p=49895","title":{"rendered":"Deniz \u00d6tesi \u0130n\u015faat\u2019a B\u00fcy\u00fck \u00d6d\u00fcl"},"content":{"rendered":"<p class=\"s6\"><span class=\"s5\"><span class=\"bumpedFont15\">\u0130stanbul\u2019un do\u011fayla b\u00fct\u00fcnle\u015fen en prestijli lokasyonlar\u0131ndan Zekeriyak\u00f6y\u2019de y\u00fckselen <\/span><\/span><span class=\"s5\"><span class=\"bumpedFont15\">Jaqlan<\/span><\/span><span class=\"s5\"><span class=\"bumpedFont15\">, mimarl\u0131k d\u00fcnyas\u0131n\u0131n k\u00fcresel \u00e7apta en sayg\u0131n \u00f6d\u00fcllerinden biri olan A&#8217; Design <\/span><\/span><span class=\"s5\"><span class=\"bumpedFont15\">Award\u2019a<\/span><\/span><span class=\"s5\"><span class=\"bumpedFont15\"> lay\u0131k g\u00f6r\u00fcld\u00fc.<\/span><\/span><\/p>\n<p class=\"s6\"><span class=\"s5\"><span class=\"bumpedFont15\">Estetikten s\u00fcrd\u00fcr\u00fclebilirli\u011fe, topluluk ya\u015fam\u0131na katk\u0131dan yenilik\u00e7i mimari \u00e7\u00f6z\u00fcmlere kadar bir\u00e7ok kriterin de\u011ferlendirildi\u011fi bu prestijli \u00f6d\u00fcl, <\/span><\/span><span class=\"s5\"><span class=\"bumpedFont15\">Jaqlan\u2019\u0131n<\/span><\/span><span class=\"s5\"><span class=\"bumpedFont15\">vizyoner tasar\u0131m anlay\u0131\u015f\u0131n\u0131 uluslararas\u0131 \u00f6l\u00e7ekte tescilledi.<\/span><\/span><\/p>\n<p class=\"s6\"><span class=\"s5\"><span class=\"bumpedFont15\">Deniz \u00d6tesi \u0130n\u015faat<\/span><\/span> <span class=\"s5\"><span class=\"bumpedFont15\">imzas\u0131n\u0131 ta\u015f\u0131yan <\/span><\/span><span class=\"s5\"><span class=\"bumpedFont15\">Jaqlan<\/span><\/span><span class=\"s5\"><span class=\"bumpedFont15\">, \u00e7a\u011fda\u015f mimariyle ya\u015fam k\u00fclt\u00fcr\u00fcn\u00fc bulu\u015fturan bir vizyonun \u00fcr\u00fcn\u00fc<\/span><\/span><span class=\"s5\"><span class=\"bumpedFont15\"> olarak <\/span><\/span><span class=\"s5\"><span class=\"bumpedFont15\">hayata<\/span><\/span><span class=\"s5\"><span class=\"bumpedFont15\"> ge\u00e7iyor<\/span><\/span><span class=\"s5\"><span class=\"bumpedFont15\">. Alba Villalar\u0131 ve 7 House 5 <\/span><\/span><span class=\"s5\"><span class=\"bumpedFont15\">Thickness<\/span><\/span><span class=\"s5\"><span class=\"bumpedFont15\"> gibi dikkat \u00e7eken projeleriyle Zekeriyak\u00f6y\u2019de fark yaratan <\/span><\/span><span class=\"s5\"><span class=\"bumpedFont15\">\u015firket<\/span><\/span><span class=\"s5\"><span class=\"bumpedFont15\">, <\/span><\/span><span class=\"s5\"><span class=\"bumpedFont15\">Jaqlan<\/span><\/span><span class=\"s5\"><span class=\"bumpedFont15\"> ile villa ya\u015fam\u0131na estetik, fonksiyon ve do\u011fayla uyum ekseninde bamba\u015fka bir boyut kazand\u0131r\u0131yor.<\/span><\/span><\/p>\n<h2 class=\"s7\"><span class=\"s8\"><span class=\"bumpedFont15\">Fonksiyonun Estetikle Bulu\u015ftu\u011fu Ya\u015fam Formu<\/span><\/span><\/h2>\n<p class=\"s6\"><span class=\"s5\"><span class=\"bumpedFont15\">Design imzas\u0131n\u0131 ta\u015f\u0131yan <\/span><\/span><span class=\"s5\"><span class=\"bumpedFont15\">Jaqlan<\/span><\/span><span class=\"s5\"><span class=\"bumpedFont15\">, 1<\/span><\/span><span class=\"s5\"><span class=\"bumpedFont15\">.<\/span><\/span><span class=\"s5\"><span class=\"bumpedFont15\">538 <\/span><\/span><span class=\"s5\"><span class=\"bumpedFont15\">metrekarelik <\/span><\/span><span class=\"s5\"><span class=\"bumpedFont15\">\u00f6zel bir arazi \u00fczerinde konumlanan iki ayr\u0131 bloktan <\/span><\/span><span class=\"s5\"><span class=\"bumpedFont15\">olu\u015fuyor. Proje; t<\/span><\/span><span class=\"s5\"><span class=\"bumpedFont15\">oplamda 1<\/span><\/span><span class=\"s5\"><span class=\"bumpedFont15\">.<\/span><\/span><span class=\"s5\"><span class=\"bumpedFont15\">300 metre karelik kullan\u0131m alan\u0131, 970 metre karelik geni\u015f bah\u00e7e<\/span><\/span><span class=\"s5\"><span class=\"bumpedFont15\">li<\/span><\/span><span class=\"s5\"><span class=\"bumpedFont15\"> peyzaj alanlar\u0131 ve zengin sosyal donat\u0131lar\u0131yla<\/span><\/span><span class=\"s5\"><span class=\"bumpedFont15\">malikane konforunu \u00e7a\u011fda\u015f ya\u015famla harmanl\u0131yor. <\/span><\/span><span class=\"s5\"><span class=\"bumpedFont15\">A<\/span><\/span><span class=\"s5\"><span class=\"bumpedFont15\">raziye ustal\u0131kla yerle\u015ftirilen formu, 8 metreye ula\u015fan tavan y\u00fcksekli\u011fi, geni\u015f teraslar\u0131 ve panoramik a\u00e7\u0131kl\u0131klar\u0131yla sadece g\u00f6z al\u0131c\u0131 bir siluet de\u011fil; ayn\u0131 zamanda \u0131\u015f\u0131k, hava ve manzarayla b\u00fct\u00fcnle\u015fen bir ya\u015fam deneyimi sunuyor. \u0130\u00e7 ve d\u0131\u015f mek\u00e2nlar aras\u0131nda kurdu\u011fu kesintisiz ge\u00e7i\u015flerle, do\u011fayla uyum i\u00e7inde tasarlanm\u0131\u015f bir hayat\u0131n kap\u0131lar\u0131n\u0131 aral\u0131yor.<\/span><\/span><\/p>\n<h2 class=\"s7\"><span class=\"s8\"><span class=\"bumpedFont15\">Do\u011fan\u0131n enerjisiyle ayd\u0131nlanan teknoloji<\/span><\/span><\/h2>\n<p class=\"s6\"><span class=\"s5\"><span class=\"bumpedFont15\">Jaqlan<\/span><\/span><span class=\"s5\"><span class=\"bumpedFont15\">, s\u00fcrd\u00fcr\u00fclebilirli\u011fi sadece bir \u00f6zellik de\u011fil, tasar\u0131m\u0131n kalbi olarak ele al\u0131yor. G\u00fcne\u015f enerjisi sistemlerinden ya\u011fmur suyu toplama altyap\u0131s\u0131na, do\u011fal havaland\u0131rma a\u00e7\u0131kl\u0131klar\u0131ndan \u00e7evre dostu malzeme tercihlerine kadar her detay, \u00e7evreyle uyumlu bir ya\u015fam i\u00e7in titizlikle kurguland\u0131. 750 m2 solar panel kullan\u0131lan proje, mod\u00fcler yap\u0131m teknikleri ve enerji verimlili\u011fi odakl\u0131 \u00e7\u00f6z\u00fcmleriyle do\u011fa ve teknolojiyi kusursuz bir dengede bulu\u015fturuyor.<\/span><\/span><\/p>\n","protected":false},"excerpt":{"rendered":"<p>\u0130stanbul\u2019un do\u011fayla b\u00fct\u00fcnle\u015fen en prestijli lokasyonlar\u0131ndan Zekeriyak\u00f6y\u2019de y\u00fckselen Jaqlan, mimarl\u0131k d\u00fcnyas\u0131n\u0131n k\u00fcresel \u00e7apta en sayg\u0131n \u00f6d\u00fcllerinden biri olan A&#8217; Design Award\u2019a lay\u0131k g\u00f6r\u00fcld\u00fc. Estetikten s\u00fcrd\u00fcr\u00fclebilirli\u011fe, topluluk ya\u015fam\u0131na katk\u0131dan yenilik\u00e7i mimari \u00e7\u00f6z\u00fcmlere kadar bir\u00e7ok kriterin de\u011ferlendirildi\u011fi bu prestijli \u00f6d\u00fcl, Jaqlan\u2019\u0131nvizyoner tasar\u0131m anlay\u0131\u015f\u0131n\u0131 uluslararas\u0131 \u00f6l\u00e7ekte tescilledi. Deniz \u00d6tesi \u0130n\u015faat imzas\u0131n\u0131 ta\u015f\u0131yan Jaqlan, \u00e7a\u011fda\u015f mimariyle ya\u015fam k\u00fclt\u00fcr\u00fcn\u00fc bulu\u015fturan [&hellip;]<\/p>\n","protected":false},"author":1,"featured_media":49896,"comment_status":"open","ping_status":"open","sticky":false,"template":"","format":"standard","meta":{"ngg_post_thumbnail":0},"categories":[5388],"tags":[],"_links":{"self":[{"href":"https:\/\/emlaktuel.com\/index.php?rest_route=\/wp\/v2\/posts\/49895"}],"collection":[{"href":"https:\/\/emlaktuel.com\/index.php?rest_route=\/wp\/v2\/posts"}],"about":[{"href":"https:\/\/emlaktuel.com\/index.php?rest_route=\/wp\/v2\/types\/post"}],"author":[{"embeddable":true,"href":"https:\/\/emlaktuel.com\/index.php?rest_route=\/wp\/v2\/users\/1"}],"replies":[{"embeddable":true,"href":"https:\/\/emlaktuel.com\/index.php?rest_route=%2Fwp%2Fv2%2Fcomments&post=49895"}],"version-history":[{"count":3,"href":"https:\/\/emlaktuel.com\/index.php?rest_route=\/wp\/v2\/posts\/49895\/revisions"}],"predecessor-version":[{"id":49899,"href":"https:\/\/emlaktuel.com\/index.php?rest_route=\/wp\/v2\/posts\/49895\/revisions\/49899"}],"wp:featuredmedia":[{"embeddable":true,"href":"https:\/\/emlaktuel.com\/index.php?rest_route=\/wp\/v2\/media\/49896"}],"wp:attachment":[{"href":"https:\/\/emlaktuel.com\/index.php?rest_route=%2Fwp%2Fv2%2Fmedia&parent=49895"}],"wp:term":[{"taxonomy":"category","embeddable":true,"href":"https:\/\/emlaktuel.com\/index.php?rest_route=%2Fwp%2Fv2%2Fcategories&post=49895"},{"taxonomy":"post_tag","embeddable":true,"href":"https:\/\/emlaktuel.com\/index.php?rest_route=%2Fwp%2Fv2%2Ftags&post=49895"}],"curies":[{"name":"wp","href":"https:\/\/api.w.org\/{rel}","templated":true}]}}