{"id":49890,"date":"2025-07-19T10:23:21","date_gmt":"2025-07-19T07:23:21","guid":{"rendered":"https:\/\/emlaktuel.com\/?p=49890"},"modified":"2025-07-19T10:23:21","modified_gmt":"2025-07-19T07:23:21","slug":"konutder-baskani-ziya-yilmaz-konut-satislari-artiyor-sira-kredide-ve-uygun-arsada","status":"publish","type":"post","link":"https:\/\/emlaktuel.com\/?p=49890","title":{"rendered":"KONUTDER BA\u015eKANI Ziya Y\u0131lmaz:  \u201cKonut Sat\u0131\u015flar\u0131 Art\u0131yor, S\u0131ra Kredide ve Uygun Arsada\u201d"},"content":{"rendered":"<div class=\"quoted-text\">\n<p><b>KONUTDER BA\u015eKANI Ziya Y\u0131lmaz:<\/b><\/p>\n<p><b>\u201cKonut Sat\u0131\u015flar\u0131 Art\u0131yor, S\u0131ra Kredide ve Uygun Arsada\u201d<\/b><\/p>\n<p><b>KONUTDER Ba\u015fkan\u0131 Ziya Y\u0131lmaz<\/b>, bug\u00fcn T\u00dc\u0130K ziya<\/p>\n<p>a\u00e7\u0131klanan Haziran 2025 Konut Sat\u0131\u015f \u0130statistiklerini de\u011ferlendirdi.<\/p>\n<\/div>\n<p><b><u>Son 3 y\u0131l\u0131n en iyi ilk 6 ay sat\u0131\u015f\u0131<\/u><\/b><\/p>\n<div class=\"quoted-text\">\n<p>T\u00fcrkiye genelinde konut sat\u0131\u015flar\u0131 2025 Haziran ay\u0131nda bir \u00f6nceki y\u0131l\u0131n ayn\u0131 ay\u0131na g\u00f6re %35,8 oran\u0131nda artarak 107.723 oldu. T\u00fcrkiye genelinde 1.El konut sat\u0131\u015f\u0131 ise Haziran ay\u0131nda bir \u00f6nceki y\u0131l\u0131n ayn\u0131 ay\u0131na g\u00f6re %32,0 oran\u0131nda artarak 33 bin 569 oldu. Toplam konut sat\u0131\u015flar\u0131 i\u00e7inde 1.El konut sat\u0131\u015f\u0131n\u0131n pay\u0131 %31,2 oldu.<\/p>\n<\/div>\n<p>2025\u2019in ilk yar\u0131s\u0131ndaki T\u00fcrkiye geneli sat\u0131\u015flara bak\u0131ld\u0131\u011f\u0131nda toplamda 691.893 ile son 3 y\u0131l\u0131n en b\u00fcy\u00fck art\u0131\u015f\u0131 oldu\u011funu g\u00f6r\u00fcyoruz. 2024\u2019teki 1 milyon 478 binlik toplam sat\u0131\u015f\u0131n enflasyonun d\u00fc\u015fmesi ve faizlerin inmesiyle birlikte bu y\u0131l 1,5 milyonun \u00fczerine \u00e7\u0131kaca\u011f\u0131n\u0131 d\u00fc\u015f\u00fcn\u00fcyoruz.<\/p>\n<div class=\"quoted-text\">\n<p>Sat\u0131\u015flarda \u00f6nceki y\u0131llara g\u00f6re bir art\u0131\u015f s\u00f6z konusu ancak 1.El konut sat\u0131\u015flar\u0131n\u0131n ve kredili sat\u0131\u015flar\u0131n\u0131n pay\u0131n\u0131n artmas\u0131 gerekiyor. 2016-2020 aras\u0131nda 1. El sat\u0131\u015flar\u0131n ilk 6 ay ortalamas\u0131 %45\u2019ti. Son 5 y\u0131lda bu oran %30\u2019a geriledi. Ayn\u0131 \u015fekilde kredili sat\u0131\u015flar da 2016-2020 aras\u0131 ilk 6 aylarda ortalama %31 iken son 5 y\u0131lda bu oran ortalama olarak neredeyse yar\u0131ya yak\u0131n eriyerek %17\u2019lere geriledi.<\/p>\n<p><b><u>Konut finansman\u0131ndaki k\u0131s\u0131tlar kald\u0131r\u0131lmal\u0131<\/u><\/b><\/p>\n<p>Konut arz\u0131 ve kredi olanaklar\u0131n\u0131 iyile\u015ftirmedik\u00e7e konut ve kira fiyatlar\u0131n\u0131n kontrol\u00fc de g\u00fc\u00e7le\u015fiyor. Bu noktada&nbsp;<b>Hazine ve Maliye Bakan\u0131 Say\u0131n Mehmet \u015eim\u015fek<\/b>\u2019in \u201c<i>Konuttaki arz a\u00e7\u0131\u011f\u0131n\u0131 kapatmadan, fiyatlar istenilen noktaya gelmez. \u00c7\u00fcnk\u00fc arz a\u00e7\u0131\u011f\u0131 var. Dar gelirli kesimin ev sahibi olabilmesi i\u00e7in gerekirse uzun vadelerle konut sahibi olmas\u0131 sa\u011flanmal\u0131\u201d&nbsp;<\/i>a\u00e7\u0131klamalar\u0131n\u0131 olduk\u00e7a olumlu buluyoruz. KONUTDER olarak bu noktada BDDK\u2019n\u0131n kredi k\u0131s\u0131tlar\u0131n\u0131n kald\u0131r\u0131lmas\u0131yla ilk etapta kredili ve 1. El konut sat\u0131\u015flar\u0131n daha iyi bir noktaya gelece\u011fini d\u00fc\u015f\u00fcn\u00fcyoruz.<\/p>\n<p><b><u>Uygun Arsa Geli\u015ftirilmesi: Konut maliyetlerini d\u00fc\u015f\u00fcrmenin anahtar\u0131<\/u><\/b><\/p>\n<p>Sat\u0131\u015flar\u0131n yan\u0131 s\u0131ra konut arz\u0131n\u0131 art\u0131rmaya y\u00f6nelik arsa maliyetlerini a\u015fa\u011f\u0131ya \u00e7ekecek uygulamalar\u0131n da h\u0131zla devreye al\u0131nmas\u0131 laz\u0131m. Ge\u00e7ti\u011fimiz aylarda kamuoyu ile payla\u015ft\u0131\u011f\u0131m\u0131z uygun arsa modeli de bu noktada \u00e7ok \u00f6nemli katk\u0131 sa\u011flayacakt\u0131r. Arsa maliyetinin en y\u00fcksek oldu\u011fu \u00fclkelerden birisiyiz. Arsan\u0131n in\u015faat i\u00e7indeki maliyeti \u00fclkemizde %50 ortalamalar\u0131nda, oysa Avrupa ve Amerika\u2019da en de\u011ferli lokasyonlarda bile arsa maliyetleri %20\u2019ler seviyesinde. Bu durum \u00f6zellikle \u0130stanbul gibi b\u00fcy\u00fck \u015fehirlerde konutun eri\u015filebilirli\u011fini do\u011frudan olumsuz etkiliyor.<\/p>\n<p>Konut ihtiyac\u0131n\u0131n ve arz eksikli\u011finin fazla oldu\u011fu b\u00f6lgelerde kamunun \u00fcretece\u011fi arsalar\u0131n; toplam geli\u015ftirme maliyeti i\u00e7indeki pay\u0131 yerine ve b\u00f6lgesine g\u00f6re y\u00fczde 10 ila 20\u2019yi ge\u00e7meyecek \u015fekilde geli\u015ftirilebilir. Bu da beraberinde toplumun bir\u00e7ok kesimini de konut sahibi yapabiliriz. Bu sayede hem konuta eri\u015fimin zorluklar\u0131 ortadan kalkar hem de enflasyonla m\u00fccadelede de ciddi kazan\u0131mlar elde edilir.<\/p>\n<\/div>\n","protected":false},"excerpt":{"rendered":"<p>KONUTDER BA\u015eKANI Ziya Y\u0131lmaz: \u201cKonut Sat\u0131\u015flar\u0131 Art\u0131yor, S\u0131ra Kredide ve Uygun Arsada\u201d KONUTDER Ba\u015fkan\u0131 Ziya Y\u0131lmaz, bug\u00fcn T\u00dc\u0130K ziya a\u00e7\u0131klanan Haziran 2025 Konut Sat\u0131\u015f \u0130statistiklerini de\u011ferlendirdi. Son 3 y\u0131l\u0131n en iyi ilk 6 ay sat\u0131\u015f\u0131 T\u00fcrkiye genelinde konut sat\u0131\u015flar\u0131 2025 Haziran ay\u0131nda bir \u00f6nceki y\u0131l\u0131n ayn\u0131 ay\u0131na g\u00f6re %35,8 oran\u0131nda artarak 107.723 oldu. T\u00fcrkiye genelinde [&hellip;]<\/p>\n","protected":false},"author":1,"featured_media":49891,"comment_status":"open","ping_status":"open","sticky":false,"template":"","format":"standard","meta":{"ngg_post_thumbnail":0},"categories":[221,97,5388],"tags":[],"_links":{"self":[{"href":"https:\/\/emlaktuel.com\/index.php?rest_route=\/wp\/v2\/posts\/49890"}],"collection":[{"href":"https:\/\/emlaktuel.com\/index.php?rest_route=\/wp\/v2\/posts"}],"about":[{"href":"https:\/\/emlaktuel.com\/index.php?rest_route=\/wp\/v2\/types\/post"}],"author":[{"embeddable":true,"href":"https:\/\/emlaktuel.com\/index.php?rest_route=\/wp\/v2\/users\/1"}],"replies":[{"embeddable":true,"href":"https:\/\/emlaktuel.com\/index.php?rest_route=%2Fwp%2Fv2%2Fcomments&post=49890"}],"version-history":[{"count":1,"href":"https:\/\/emlaktuel.com\/index.php?rest_route=\/wp\/v2\/posts\/49890\/revisions"}],"predecessor-version":[{"id":49892,"href":"https:\/\/emlaktuel.com\/index.php?rest_route=\/wp\/v2\/posts\/49890\/revisions\/49892"}],"wp:featuredmedia":[{"embeddable":true,"href":"https:\/\/emlaktuel.com\/index.php?rest_route=\/wp\/v2\/media\/49891"}],"wp:attachment":[{"href":"https:\/\/emlaktuel.com\/index.php?rest_route=%2Fwp%2Fv2%2Fmedia&parent=49890"}],"wp:term":[{"taxonomy":"category","embeddable":true,"href":"https:\/\/emlaktuel.com\/index.php?rest_route=%2Fwp%2Fv2%2Fcategories&post=49890"},{"taxonomy":"post_tag","embeddable":true,"href":"https:\/\/emlaktuel.com\/index.php?rest_route=%2Fwp%2Fv2%2Ftags&post=49890"}],"curies":[{"name":"wp","href":"https:\/\/api.w.org\/{rel}","templated":true}]}}