{"id":49741,"date":"2025-05-26T16:10:34","date_gmt":"2025-05-26T13:10:34","guid":{"rendered":"https:\/\/emlaktuel.com\/?p=49741"},"modified":"2025-06-07T13:33:44","modified_gmt":"2025-06-07T10:33:44","slug":"cerkezkoyun-yeni-yasam-projesi-eska-edition-yuksek-prim-potansiyeli-sunuyor","status":"publish","type":"post","link":"https:\/\/emlaktuel.com\/?p=49741","title":{"rendered":"\u00c7erkezk\u00f6y\u2019\u00fcn yeni ya\u015fam projesi Eska Edition sat\u0131\u015fa \u00e7\u0131kt\u0131, eska edition fiyatlar\u0131 a\u00e7\u0131kland\u0131!"},"content":{"rendered":"<h4 data-removefontsize=\"true\" data-originalcomputedfontsize=\"28\"><img loading=\"lazy\" class=\"alignnone size-full wp-image-49743\" src=\"https:\/\/emlaktuel.com\/wp-content\/uploads\/2025\/05\/IMG_4020.jpeg\" alt=\"\" width=\"1179\" height=\"592\"><\/h4>\n<h4 data-removefontsize=\"true\" data-originalcomputedfontsize=\"28\"><b data-removefontsize=\"true\" data-originalcomputedfontsize=\"14\">Eska Group\u2019un 1,2 milyar TL yat\u0131r\u0131mla \u00c7erkezk\u00f6y\u2019de in\u015fa edece\u011fi Eska Edition\u2019da sat\u0131\u015f ba\u015fl\u0131yor. 346 konut, 42 ma\u011faza ve 40 ofisten olu\u015fan projede 1+1 ve 2+1 daire se\u00e7eneklerinin yer ald\u0131\u011f\u0131 Eska Edition, T\u00fcrkiye\u2019nin \u00f6nemli ticaret ve ula\u015f\u0131m yat\u0131r\u0131mlar\u0131n\u0131n kalbinde, \u0130stanbul\u2019a yak\u0131n konumuyla \u00f6ne \u00e7\u0131k\u0131yor. H\u0131zla geli\u015fen ve \u00e7ok h\u0131zl\u0131 g\u00f6\u00e7 alan b\u00f6lgenin t\u00fcm ihtiya\u00e7lar\u0131n\u0131 g\u00f6z \u00f6n\u00fcnde bulundurularak karma bir proje olarak tasarlanan Eska Edition, ya\u015fam kalitesini art\u0131rmak isteyenler i\u00e7in oldu\u011fu kadar yat\u0131r\u0131mc\u0131lar i\u00e7in de b\u00fcy\u00fck bir f\u0131rsat sunuyor.&nbsp;<br \/>\n<\/b><\/h4>\n<h4 data-removefontsize=\"true\" data-originalcomputedfontsize=\"14\">Eska Referans ve Eska Premium\u2019la b\u00fcy\u00fck ilgi g\u00f6ren Eska Group, sanayi, ticaret ve ula\u015f\u0131m yat\u0131r\u0131mlar\u0131n\u0131n merkezi haline gelen ve \u0130stanbul\u2019a yak\u0131nl\u0131\u011f\u0131yla dikkat \u00e7eken \u00c7erkezk\u00f6y\u2019de hayata ge\u00e7irdi\u011fi nitelikli konut projelerine bir yenisini ekliyor.&nbsp; \u00c7erkezk\u00f6y\u2019\u00fcn kalbinde, Gazi Mustafa Kemal Pa\u015fa Mahallesi\u2019nde iki etap halinde y\u00fckselecek olan Eska Edition, toplam 346 konut, 42 ma\u011faza ve 40 ofisten olu\u015fuyor. \u0130lk etab\u0131n\u0131n 24 ay i\u00e7inde tamamlanmas\u0131 hedeflenen projenin ayr\u0131ca d\u00fcnyaca \u00fcnl\u00fc Accor Grup\u2019a ait 146 odal\u0131 IBIS Otel\u2019e de ev sahipli\u011fi yapmas\u0131 planlan\u0131yor.&nbsp;<\/h4>\n<h4><b data-removefontsize=\"true\" data-originalcomputedfontsize=\"14\">\u201cG\u00fcven alg\u0131s\u0131 y\u00fcksek bir markay\u0131z\u201d<\/b><\/h4>\n<h4 data-removefontsize=\"true\" data-originalcomputedfontsize=\"14\"><b data-removefontsize=\"true\" data-originalcomputedfontsize=\"14\">Eska Group\u2019un Krucu Orta\u011f\u0131 Giray Engin Baysak<\/b>, 2020 y\u0131l\u0131ndan bu yana tamam\u0131 \u00c7erkezk\u00f6y\u2019de olmak \u00fczere 4 markal\u0131 konut projesi ger\u00e7ekle\u015ftirdiklerini belirterek bug\u00fcne kadar yakla\u015f\u0131k 150.000 metrekare in\u015faat alan\u0131nda 850 konut ve 100\u2019e yak\u0131n ticari \u00fcniteyi ba\u015far\u0131yla tamamlay\u0131p teslim ettiklerini a\u00e7\u0131klad\u0131. Eska Group\u2019un h\u0131zl\u0131 proje geli\u015ftirebilen, geli\u015ftirdi\u011fi projeleri s\u00fcresinde teslim edebilen, maliyet kontrol\u00fcn\u00fc profesyonelce y\u00f6neten, \u00c7erkezk\u00f6y\u2019de gayrimenkul al\u0131c\u0131s\u0131 nezdinde g\u00fcven alg\u0131s\u0131 y\u00fcksek bir marka oldu\u011funu ifade eden Baysak,&nbsp; \u201cDinamik yap\u0131m\u0131zla \u00fcretime ve istihdama katk\u0131 sa\u011flayan, istikrarl\u0131 b\u00fcy\u00fcme hedefinde olan bir grup yap\u0131m\u0131z var. \u0130n\u015faat\u0131n yan\u0131 s\u0131ra yeme-i\u00e7me ve kuyumculuk sekt\u00f6rlerinde yat\u0131r\u0131mlar\u0131m\u0131z bulunuyor. Accor grubun d\u00fcnyaca \u00fcnl\u00fc IBIS oteline projemizde yer vererek turizm sekt\u00f6r\u00fcne de girmi\u015f bulunuyorum. Ayr\u0131ca enerji sekt\u00f6r\u00fcnde yeni bir giri\u015fimimiz bulunmakta\u201d dedi. Eska Group\u2019un bu g\u00fcne kadarki t\u00fcm projelerini kendi arsalar\u0131 \u00fczerinde ger\u00e7ekle\u015ftirdi\u011fine dikkat \u00e7eken Baysak, \u015firketin \u00c7erkezk\u00f6y\u2019de proje geli\u015ftirmek \u00fczere olu\u015fturdu\u011fu bir arsa portf\u00f6y\u00fc bulundu\u011funu kaydetti.&nbsp;<\/h4>\n<h4><b data-removefontsize=\"true\" data-originalcomputedfontsize=\"14\">T\u00fcrkiye\u2019nin y\u00fckselen de\u011feri \u00c7erkezk\u00f6y<\/b><\/h4>\n<h4 data-removefontsize=\"true\" data-originalcomputedfontsize=\"14\">Eska Edition projesini 1,2 milyar TL yat\u0131r\u0131mla hayata ge\u00e7irdiklerini a\u00e7\u0131klayan Baysak, \u201cSon d\u00f6nemde ya\u015fanan geli\u015fmeler, yat\u0131r\u0131mlar\u0131m\u0131z\u0131 \u00c7erkezk\u00f6y\u2019de devam ettirme konusunda bizi \u00e7ok daha fazla motive etti\u201d diye konu\u015ftu. \u00c7erkezk\u00f6y son y\u0131llarda on binlerce g\u00f6\u00e7 ald\u0131\u011f\u0131n\u0131 ve h\u0131zla almaya davam etti\u011fini vurgulayan Baysak, \u015funlar\u0131 s\u00f6yledi:<\/h4>\n<h4 data-removefontsize=\"true\" data-originalcomputedfontsize=\"14\">\u201cKuzey Marmara Otoyolu ile \u0130stanbul\u2019dan 1 saate rahatl\u0131kla ula\u015f\u0131labiliyor olmas\u0131, T\u00fcrkiye\u2019nin en b\u00fcy\u00fck 500 sanayi kurulu\u015fundan pek \u00e7o\u011funun \u00c7erkezk\u00f6y Organize Sanayi B\u00f6lgesi\u2019nde (\u00c7OBS) faaliyet g\u00f6stermesi, bu firmalar\u0131n yaratt\u0131\u011f\u0131 i\u015f hacmi ve istihdam imkanlar\u0131 ile b\u00f6lgeye yap\u0131lan dev yat\u0131r\u0131mlar \u00c7erkezk\u00f6y\u2019\u00fc son y\u0131llar\u0131n y\u00fckselen de\u011feri haline getirdi. Ula\u015ft\u0131rma Bakanl\u0131\u011f\u0131\u2019n\u0131n sitesinde verdi\u011fi bilgilere g\u00f6re \u0130stanbul-Edirne-Kap\u0131kule aras\u0131ndaki s\u00fcreyi 1,5 saate indiren y\u00fcksek h\u0131zl\u0131 trenin \u00c7erkezk\u00f6y-Kap\u0131kule hatt\u0131, bu y\u0131lsonunda a\u00e7\u0131l\u0131yor. \u0130n\u015faat\u0131n\u0131n yakla\u015f\u0131k y\u00fczde 40\u2019\u0131 tamamlanan Halkal\u0131- \u00c7erkezk\u00f6y H\u0131zl\u0131 Tren Hatt\u0131 ise 2 y\u0131l sonra tamamlanarak \u0130stanbul ile \u00c7erkezk\u00f6y aras\u0131n\u0131 20 dakikaya d\u00fc\u015f\u00fcrecek. Ayr\u0131ca TOK\u0130 projesi olarak Kapakl\u0131\u2019da Ye\u015fil OSB konseptinde yepyeni bir organize sanayi b\u00f6lgesi de hayata ge\u00e7irecek.\u201d<\/h4>\n<h4><b data-removefontsize=\"true\" data-originalcomputedfontsize=\"14\">Flora etab\u0131 24 ayda teslim edilecek<\/b><\/h4>\n<h4 data-removefontsize=\"true\" data-originalcomputedfontsize=\"14\"><b data-removefontsize=\"true\" data-originalcomputedfontsize=\"14\">Eska Grup\u2019un Kurucu Orta\u011f\u0131 Semih Arda da<\/b> Eska Group\u2019un 5 y\u0131lda 5\u2019inci projesi olan Eska Edition\u2019\u0131n yakla\u015f\u0131k 15 bin metrekare arsa \u00fczerinde 346 konut, 42 ma\u011faza, 40 ofis ve bir otel yap\u0131s\u0131ndan olu\u015ftu\u011funu s\u00f6yledi. Projenin ilk etab\u0131 olan ve iki bloktan olu\u015fan Flora\u2019daki 192 konutu 24 ay i\u00e7inde teslim etmeyi planlad\u0131klar\u0131n\u0131 ifade eden Arda \u201cY\u00fczde 60\u2019\u0131 peyzaj alanlar\u0131ndan olu\u015fan projemizde y\u00fcr\u00fcy\u00fc\u015f yollar\u0131, su formlar\u0131, \u00e7e\u015fitli bitki ve a\u011fa\u00e7 t\u00fcrlerinden olu\u015fan ye\u015fil alanlar, sosyal tesisler, spor tesisleri, otopark alanlar\u0131 ve ma\u011fazalar yer al\u0131yor\u201d \u015feklinde konu\u015ftu. Flora etab\u0131ndaki dairelerin 1+1 ve 2+1 olarak tasarland\u0131\u011f\u0131n\u0131 anlatan Arda, \u015f\u00f6yle devam etti:<\/h4>\n<h4><b data-removefontsize=\"true\" data-originalcomputedfontsize=\"14\">\u201cB\u00f6lgenin geli\u015fimine katk\u0131 sunacak\u201d<\/b><\/h4>\n<h4 data-removefontsize=\"true\" data-originalcomputedfontsize=\"14\">\u201cGelece\u011fin ya\u015fam alanlar\u0131n\u0131 in\u015fa etmek \u00fczere yola \u00e7\u0131kan Eska Group olarak \u00c7erkezk\u00f6y\u2019de b\u00f6lgenin geli\u015fimine \u00f6nemli \u00f6l\u00e7\u00fcde katk\u0131da bulunaca\u011f\u0131na inand\u0131\u011f\u0131m\u0131z Eska Edition\u2019\u0131 karma ya\u015fam konseptiyle tasarlad\u0131k. Yatay mimarinin \u00f6ne \u00e7\u0131kt\u0131\u011f\u0131 proje, giri\u015f katlar\u0131nda ma\u011fazalar\u0131n yer ald\u0131\u011f\u0131 8 katl\u0131 bloklardan olu\u015fuyor. Bu projemizde enerji verimlili\u011fine b\u00fcy\u00fck \u00f6nem verdik. Cephede enerji verimlili\u011fin \u00f6n planda oldu\u011fu farkl\u0131 malzemeler kulland\u0131k. Ayr\u0131ca geri d\u00f6n\u00fc\u015f\u00fcme uygun alt yap\u0131 ve peyzaj yap\u0131s\u0131, ara\u00e7 \u015farj \u00fcniteleri gibi yenilik\u00e7i yakla\u015f\u0131mlar, bu projenin en \u00f6nemli \u00f6zellikleri aras\u0131nda yer al\u0131yor.\u201d&nbsp;<\/h4>\n<h4><b data-removefontsize=\"true\" data-originalcomputedfontsize=\"14\">Y\u00fcksek prim vadediyor<\/b><\/h4>\n<h4 data-removefontsize=\"true\" data-originalcomputedfontsize=\"14\"><b data-removefontsize=\"true\" data-originalcomputedfontsize=\"14\">Eska Grup Kurucu Orta\u011f\u0131 G\u00f6khan Kavlak<\/b> ise Eska Edition\u2019\u0131n sundu\u011fu y\u00fcksek ya\u015fam kalitesinin yan\u0131 s\u0131ra yat\u0131r\u0131m de\u011ferine dikkat \u00e7ekti. \u00c7erkezk\u00f6y\u2019\u00fcn hem h\u0131zl\u0131 g\u00f6\u00e7 alan hem de h\u0131zla de\u011ferlenen bir b\u00f6lge oldu\u011funu ifade eden Kavlak,&nbsp; \u201cBiz de b\u00f6lgede h\u0131zla artan konut ihtiyac\u0131n\u0131 kar\u015f\u0131lamak \u00fczere \u00c7erkezk\u00f6y\u2019de 5 y\u0131lda 5\u2019inci projemiz olan Eska Edition\u2019\u0131 hayata ge\u00e7iriyoruz\u201d dedi.&nbsp;<\/h4>\n<h4 data-removefontsize=\"true\" data-originalcomputedfontsize=\"14\">T\u00fcrkiye genelinde son 1 y\u0131lda ev sahipli\u011fi oran\u0131n\u0131n y\u00fczde 61\u2019den y\u00fczde 56\u2019ya geriledi\u011fini dile getiren Kavlak, \u201cBunun en \u00f6nemli sebepleri konut fiyatlar\u0131n\u0131n ula\u015f\u0131labilirli\u011finin ve kredi imkanlar\u0131n\u0131n azalm\u0131\u015f olmas\u0131. Bir di\u011fer neden de \u0130stanbul gibi b\u00fcy\u00fck \u015fehirlerde a\u015f\u0131r\u0131 y\u00fckselen gayrimenkul fiyatlar\u0131n\u0131n yat\u0131r\u0131mc\u0131lara eskiden oldu\u011fu gibi y\u00fcksek prim vadetmemesi. Tam da bu noktada mega projelerle h\u0131zla geli\u015fen \u00c7erkezk\u00f6y, gerek ya\u015fam ve gerek yat\u0131r\u0131m i\u00e7in al\u0131c\u0131lara tam da arad\u0131klar\u0131 f\u0131rsat\u0131 sunuyor\u201d diye konu\u015ftu. Ula\u015f\u0131labilir daire fiyatlar\u0131, esnek \u00f6deme planlar\u0131 ve y\u00fcksek prim vaadi ile Eska Edition\u2019\u0131n konut sahipli\u011fini tekrardan m\u00fcmk\u00fcn k\u0131laca\u011f\u0131n\u0131 ifade eden Kavlak, \u015funlar\u0131 s\u00f6yledi:<\/h4>\n<h4><b data-removefontsize=\"true\" data-originalcomputedfontsize=\"14\">Hedefte \u0130stanbul var<\/b><\/h4>\n<h4 data-removefontsize=\"true\" data-originalcomputedfontsize=\"14\">\u201cBir \u00f6nceki projemiz Eska Premium bundan yakla\u015f\u0131k 2,5 y\u0131l \u00f6nce sat\u0131\u015fa \u00e7\u0131km\u0131\u015ft\u0131 ve tam 2 y\u0131l i\u00e7inde al\u0131c\u0131s\u0131na y\u00fczde 300\u2019\u00fcn \u00fczerinde prim kazand\u0131rd\u0131. \u00dcstelik b\u00f6lgedeki y\u00fcksek kira getirisi, dairelerin amortisman s\u00fcresini 12 ila 14 y\u0131la kadar indirmi\u015f durumda. B\u00f6lgeye yap\u0131lan dev yat\u0131r\u0131mlar tamamland\u0131\u011f\u0131nda, yo\u011fun g\u00f6\u00e7 ve olu\u015fan nitelikli konut talebiyle beraber Eska Edition projemizin de Eska Premium gibi 24 ayda al\u0131c\u0131s\u0131na y\u00fcksek kazan\u00e7 sa\u011flayaca\u011f\u0131n\u0131 rahatl\u0131kla s\u00f6yleyebilirim. Eska Group olarak \u00c7erkezk\u00f6y\u2019\u00fcn geli\u015fimine olan inanc\u0131m\u0131zla, ba\u015fta in\u015faat sekt\u00f6r\u00fc olmak \u00fczere faaliyet g\u00f6sterdi\u011fimiz t\u00fcm sekt\u00f6rlerde b\u00f6lgeye yat\u0131r\u0131m yapmaya devam edece\u011fiz. Bununla birlikte \u0130stanbul\u2019da proje geli\u015ftirme planlar\u0131m\u0131z bulunuyor. Yak\u0131n gelecekte, \u00fclkemizdeki ekonomik parametreler giderek daha olumlu bir tablo sergiledi\u011finde, konut faizleri d\u00fc\u015f\u00fc\u015f e\u011filimine ge\u00e7ti\u011finde bu konuda \u00e7al\u0131\u015fmalar\u0131m\u0131z olacak. \u0130stanbul\u2019da G\u00f6kt\u00fcrk ve Kemerburgaz\u2019da yeni projeler geli\u015ftirmek istiyoruz.\u201d&nbsp;<\/h4>\n<h4><b data-removefontsize=\"true\" data-originalcomputedfontsize=\"14\">Eska Edition\u2019\u0131n ba\u015flang\u0131\u00e7 fiyatlar\u0131 dikkat \u00e7ekiyor<\/b><\/h4>\n<h4>&nbsp;<\/h4>\n<h4 data-removefontsize=\"true\" data-originalcomputedfontsize=\"14\">Eska Edition projesinde 96 adet 1+1, 96 adet 2+1 daire yer al\u0131yor. 1+1 daireler 60 metrekare ve ba\u015flang\u0131\u00e7 fiyat\u0131, pe\u015fin \u00f6demelerde 2.720.000 TL. 2+1 daireler de iki farkl\u0131 tip bulunuyor. 78 metrekare 2+1 dairelerin pe\u015fin \u00f6demelerde ba\u015flang\u0131\u00e7 fiyat\u0131 3.600.000 TL iken 86 metrekare 2+1 dairelerin ba\u015flang\u0131\u00e7 fiyatlar\u0131 pe\u015fin \u00f6demelerde 4.200.000 TL\u2019den ba\u015fl\u0131yor. Pe\u015fin \u00f6deme imkan\u0131n yan\u0131 s\u0131ra vadeli fiyatlardan y\u00fczde 30 pe\u015fin, 18 ay taksitli \u00f6deme alternatifi sunan Eska Edition\u2019da k\u0131sa s\u00fcre i\u00e7in pe\u015fin fiyat\u0131na y\u00fczde 50 pe\u015finat, di\u011fer y\u00fczde 50 i\u00e7in vade farks\u0131z 12 ay taksit uygulan\u0131yor.<\/h4>\n","protected":false},"excerpt":{"rendered":"<p>Eska Group\u2019un 1,2 milyar TL yat\u0131r\u0131mla \u00c7erkezk\u00f6y\u2019de in\u015fa edece\u011fi Eska Edition\u2019da sat\u0131\u015f ba\u015fl\u0131yor. 346 konut, 42 ma\u011faza ve 40 ofisten olu\u015fan projede 1+1 ve 2+1 daire se\u00e7eneklerinin yer ald\u0131\u011f\u0131 Eska Edition, T\u00fcrkiye\u2019nin \u00f6nemli ticaret ve ula\u015f\u0131m yat\u0131r\u0131mlar\u0131n\u0131n kalbinde, \u0130stanbul\u2019a yak\u0131n konumuyla \u00f6ne \u00e7\u0131k\u0131yor. H\u0131zla geli\u015fen ve \u00e7ok h\u0131zl\u0131 g\u00f6\u00e7 alan b\u00f6lgenin t\u00fcm ihtiya\u00e7lar\u0131n\u0131 g\u00f6z \u00f6n\u00fcnde [&hellip;]<\/p>\n","protected":false},"author":1,"featured_media":49742,"comment_status":"open","ping_status":"open","sticky":false,"template":"","format":"standard","meta":{"ngg_post_thumbnail":0},"categories":[221,97,5388],"tags":[17652,17642,17648,17646,17645,17651,17647,17641,17650,17649],"_links":{"self":[{"href":"https:\/\/emlaktuel.com\/index.php?rest_route=\/wp\/v2\/posts\/49741"}],"collection":[{"href":"https:\/\/emlaktuel.com\/index.php?rest_route=\/wp\/v2\/posts"}],"about":[{"href":"https:\/\/emlaktuel.com\/index.php?rest_route=\/wp\/v2\/types\/post"}],"author":[{"embeddable":true,"href":"https:\/\/emlaktuel.com\/index.php?rest_route=\/wp\/v2\/users\/1"}],"replies":[{"embeddable":true,"href":"https:\/\/emlaktuel.com\/index.php?rest_route=%2Fwp%2Fv2%2Fcomments&post=49741"}],"version-history":[{"count":2,"href":"https:\/\/emlaktuel.com\/index.php?rest_route=\/wp\/v2\/posts\/49741\/revisions"}],"predecessor-version":[{"id":49787,"href":"https:\/\/emlaktuel.com\/index.php?rest_route=\/wp\/v2\/posts\/49741\/revisions\/49787"}],"wp:featuredmedia":[{"embeddable":true,"href":"https:\/\/emlaktuel.com\/index.php?rest_route=\/wp\/v2\/media\/49742"}],"wp:attachment":[{"href":"https:\/\/emlaktuel.com\/index.php?rest_route=%2Fwp%2Fv2%2Fmedia&parent=49741"}],"wp:term":[{"taxonomy":"category","embeddable":true,"href":"https:\/\/emlaktuel.com\/index.php?rest_route=%2Fwp%2Fv2%2Fcategories&post=49741"},{"taxonomy":"post_tag","embeddable":true,"href":"https:\/\/emlaktuel.com\/index.php?rest_route=%2Fwp%2Fv2%2Ftags&post=49741"}],"curies":[{"name":"wp","href":"https:\/\/api.w.org\/{rel}","templated":true}]}}