{"id":49515,"date":"2025-04-16T15:13:30","date_gmt":"2025-04-16T12:13:30","guid":{"rendered":"https:\/\/emlaktuel.com\/?p=49515"},"modified":"2025-04-16T15:13:30","modified_gmt":"2025-04-16T12:13:30","slug":"cihat-algun-gayrimenkul-sektoru-yeniden-yukselis-donemine-girecek","status":"publish","type":"post","link":"https:\/\/emlaktuel.com\/?p=49515","title":{"rendered":"Cihat Alg\u00fcn: \u201cGayrimenkul sekt\u00f6r\u00fc yeniden y\u00fckseli\u015f d\u00f6nemine girecek\u201d"},"content":{"rendered":"<p style=\"font-weight: 400;\">T\u00fcrkiye genelinde konut sat\u0131\u015flar\u0131 Mart ay\u0131nda bir \u00f6nceki y\u0131la g\u00f6re y\u00fczde 5,1 oran\u0131nda artarak 110 bin 795 oldu.<\/p>\n<p style=\"font-weight: 400;\">-T\u00fcrkiye genelinde Ocak-Mart d\u00f6neminde bir \u00f6nceki y\u0131l\u0131n ayn\u0131 d\u00f6nemine g\u00f6re y\u00fczde 20,1 oran\u0131nda artarak 335 bin 786 olarak ger\u00e7ekle\u015fti.<\/p>\n<p style=\"font-weight: 400;\">-T\u00fcrkiye genelinde ipotekli konut sat\u0131\u015flar\u0131 Mart ay\u0131nda bir \u00f6nceki y\u0131l\u0131n ayn\u0131 ay\u0131na g\u00f6re y\u00fczde 41,5 oran\u0131nda artarak 18 bin 225 oldu,.<\/p>\n<p style=\"font-weight: 400;\"><u>T\u00dc\u0130K Mart 2025 Konut Sat\u0131\u015f \u0130statistikleri\u2019nden yola \u00e7\u0131kan in\u015faat ve gayrimenkul sekt\u00f6r\u00fc temsilcilerinden&nbsp;<\/u><\/p>\n<p>Cihat Alg\u00fcn \/ Alg\u00fcn Y\u00f6netim Kurulu Ba\u015fkan\u0131: aciklamada bulundu.<\/p>\n<p>\u201cGayrimenkul sekt\u00f6r\u00fc yeniden y\u00fckseli\u015f d\u00f6nemine girecek\u201d<\/p>\n<p>Konut sat\u0131\u015f rakamlar\u0131ndaki art\u0131\u015f trendi devam ediyor, bundan sonra bu tablonun yukar\u0131 y\u00f6nl\u00fc rakamlarla desteklenece\u011fini s\u00f6yleyebiliriz. Bu nedenle bu y\u0131la ait beklentilerimiz son derece olumlu diyebilirim. \u00d6zellikle ikinci \u00e7eyrek itibar\u0131yla sekt\u00f6rdeki hareketlili\u011fin daha da dikkat \u00e7ekici hale gelece\u011fini \u00f6ng\u00f6r\u00fcyoruz. Y\u0131l\u0131n d\u00f6rd\u00fcnc\u00fc \u00e7eyre\u011finde ise konut sat\u0131\u015flar\u0131nda ciddi bir ivmelenme bekliyoruz. Burada, konut kredi faiz oranlar\u0131ndaki beklenen d\u00fc\u015f\u00fc\u015f\u00fcn etkileri \u00f6nemli rol oynayacakt\u0131r. Konut sat\u0131n almay\u0131 bekleyen ama talebini piyasa \u015fartlar\u0131 nedeniyle erteleyen kesim, daha makul seviyelerde konut sahibi olma imkan\u0131 ortaya \u00e7\u0131k\u0131nca harekete ge\u00e7ecektir. \u00d6zetle yenilenen ekonomik politikalar ve piyasalardaki toparlanma s\u00fcreciyle birlikte, gayrimenkul sekt\u00f6r\u00fc yeniden bir y\u00fckseli\u015f d\u00f6nemine girecek diyebiliriz.<\/p>\n<p>&nbsp;<\/p>\n","protected":false},"excerpt":{"rendered":"<p>T\u00fcrkiye genelinde konut sat\u0131\u015flar\u0131 Mart ay\u0131nda bir \u00f6nceki y\u0131la g\u00f6re y\u00fczde 5,1 oran\u0131nda artarak 110 bin 795 oldu. -T\u00fcrkiye genelinde Ocak-Mart d\u00f6neminde bir \u00f6nceki y\u0131l\u0131n ayn\u0131 d\u00f6nemine g\u00f6re y\u00fczde 20,1 oran\u0131nda artarak 335 bin 786 olarak ger\u00e7ekle\u015fti. -T\u00fcrkiye genelinde ipotekli konut sat\u0131\u015flar\u0131 Mart ay\u0131nda bir \u00f6nceki y\u0131l\u0131n ayn\u0131 ay\u0131na g\u00f6re y\u00fczde 41,5 oran\u0131nda artarak 18 [&hellip;]<\/p>\n","protected":false},"author":1,"featured_media":0,"comment_status":"open","ping_status":"open","sticky":false,"template":"","format":"standard","meta":{"ngg_post_thumbnail":0},"categories":[1],"tags":[],"_links":{"self":[{"href":"https:\/\/emlaktuel.com\/index.php?rest_route=\/wp\/v2\/posts\/49515"}],"collection":[{"href":"https:\/\/emlaktuel.com\/index.php?rest_route=\/wp\/v2\/posts"}],"about":[{"href":"https:\/\/emlaktuel.com\/index.php?rest_route=\/wp\/v2\/types\/post"}],"author":[{"embeddable":true,"href":"https:\/\/emlaktuel.com\/index.php?rest_route=\/wp\/v2\/users\/1"}],"replies":[{"embeddable":true,"href":"https:\/\/emlaktuel.com\/index.php?rest_route=%2Fwp%2Fv2%2Fcomments&post=49515"}],"version-history":[{"count":1,"href":"https:\/\/emlaktuel.com\/index.php?rest_route=\/wp\/v2\/posts\/49515\/revisions"}],"predecessor-version":[{"id":49516,"href":"https:\/\/emlaktuel.com\/index.php?rest_route=\/wp\/v2\/posts\/49515\/revisions\/49516"}],"wp:attachment":[{"href":"https:\/\/emlaktuel.com\/index.php?rest_route=%2Fwp%2Fv2%2Fmedia&parent=49515"}],"wp:term":[{"taxonomy":"category","embeddable":true,"href":"https:\/\/emlaktuel.com\/index.php?rest_route=%2Fwp%2Fv2%2Fcategories&post=49515"},{"taxonomy":"post_tag","embeddable":true,"href":"https:\/\/emlaktuel.com\/index.php?rest_route=%2Fwp%2Fv2%2Ftags&post=49515"}],"curies":[{"name":"wp","href":"https:\/\/api.w.org\/{rel}","templated":true}]}}