{"id":49477,"date":"2025-04-10T18:51:16","date_gmt":"2025-04-10T15:51:16","guid":{"rendered":"https:\/\/emlaktuel.com\/?p=49477"},"modified":"2025-04-10T18:51:16","modified_gmt":"2025-04-10T15:51:16","slug":"akyapi-en-buyuk-ticarethane-projesini-dudulluda-hayata-geciriyor","status":"publish","type":"post","link":"https:\/\/emlaktuel.com\/?p=49477","title":{"rendered":"Akyap\u0131 en b\u00fcy\u00fck \u2018Ticarethane\u2019 projesini Dudullu\u2019da hayata ge\u00e7iriyor"},"content":{"rendered":"<p><strong><span data-originalfontsize=\"20px\" data-originalcomputedfontsize=\"20\">27 y\u0131ldan bu yana \u00fcretti\u011fi konut ve sanayi projeleriile gayrimenkul sekt\u00f6r\u00fcne y\u00f6n veren Akyap\u0131, \u00fc\u00e7 y\u0131l \u00f6nce ba\u015flatt\u0131\u011f\u0131 Ticarethane projelerinin en b\u00fcy\u00fc\u011f\u00fcn\u00fc Dudullu Organize Sanayi B\u00f6lgesi\u2019nin merkezinde hayata ge\u00e7iriyor.<br \/>\n310 bin metrekarelik in\u015faat alan\u0131nda ba\u015flanan projede 555 adet ba\u011f\u0131ms\u0131z b\u00f6l\u00fcm, bug\u00fcn sat\u0131\u015fa \u00e7\u0131kar\u0131ld\u0131.Proje, yakla\u015f\u0131k 8 bin ki\u015fiye tek ba\u015f\u0131na istihdam sa\u011flayacak.<\/span><\/strong><\/p>\n<p><strong><span data-originalfontsize=\"20px\" data-originalcomputedfontsize=\"20\"><img loading=\"lazy\" class=\"alignnone size-full wp-image-49479\" src=\"https:\/\/emlaktuel.com\/wp-content\/uploads\/2025\/04\/IMG_2556.jpeg\" alt=\"\" width=\"1179\" height=\"689\"><br \/>\n&nbsp;<\/span><\/strong><\/p>\n<p><span data-originalfontsize=\"19px\" data-originalcomputedfontsize=\"19\">Ger\u00e7ekle\u015ftirdi\u011fi pek \u00e7ok konut, ofis, al\u0131\u015fveri\u015f, ya\u015fam merkezi, \u00fcretim ve lojistik tesisi ile gayrimenkul sekt\u00f6r\u00fcne 27 y\u0131ld\u0131r y\u00f6n veren Akyap\u0131, 3 y\u0131l \u00f6nce sanayi konseptiyle geli\u015ftirdi\u011fi Ticarethane projelerinin en b\u00fcy\u00fc\u011f\u00fcn\u00fc \u015fimdi Dudullu\u2019da sat\u0131\u015fa \u00e7\u0131kar\u0131yor. Ticarethane Metkap, Ticarethane Had\u0131mk\u00f6y ve Ticarethane Ba\u015fak\u015fehir projelerinin ard\u0131ndan al\u0131c\u0131lar\u0131na sunulmaya haz\u0131rlanan <strong data-removefontsize=\"true\" data-originalcomputedfontsize=\"19\">Ticarethane Dudullu<\/strong>, T\u00fcrkiye\u2019nin en \u00f6nemli \u00fcretim \u00fcslerinden biri olan Dudullu Organize Sanayi B\u00f6lgesi\u2019nin(OSB) merkezindeki tek parselde hayata ge\u00e7irilecek.&nbsp;<\/span><\/p>\n<p><span data-originalfontsize=\"19px\" data-originalcomputedfontsize=\"19\">Kooperatifleri, fabrika alanlar\u0131 ve ba\u011f\u0131ms\u0131z firmalar\u0131yla y\u0131ll\u0131k 2 Milyar Dolar\u0131 a\u015fan ihracata sahip Dudullu OSB\u2019nin kalbinde yer alan 555 adet ba\u011f\u0131ms\u0131z b\u00f6l\u00fcm\u00fcn yer alaca\u011f\u0131 Ticarethane Dudullu\u2019nun lansman\u0131,&nbsp;<\/span><span data-originalfontsize=\"19px\" data-originalcomputedfontsize=\"19\">10 Nisan Per\u015fembe g\u00fcn\u00fc projenin sat\u0131\u015f ofisinde ger\u00e7ekle\u015ftirildi. Akyap\u0131 Y\u00f6netim Kurulu Ba\u015fkanlar\u0131 Mahmut Asmal\u0131 ve H\u00fcseyin Din\u00e7el\u2019in kat\u0131l\u0131mlar\u0131yla d\u00fczenlenen lansman ile birlikte projenin sat\u0131\u015flar\u0131 da ba\u015flad\u0131.<\/span><\/p>\n<h2><strong><span data-originalfontsize=\"19px\" data-originalcomputedfontsize=\"19\">\u201c\u00dcretimi yeni teknolojilerle art\u0131rarak ekonomiye katk\u0131da bulunma zaman\u0131\u201d<\/span><\/strong><\/h2>\n<p><span data-originalfontsize=\"19px\" data-originalcomputedfontsize=\"19\">Bug\u00fcne kadar yat\u0131r\u0131m yapt\u0131klar\u0131 4 sanayi konseptli Ticarethane projesi ile yakla\u015f\u0131k 21 bin ki\u015fiye istihdam sa\u011flamay\u0131 ve bu \u00f6nemli yat\u0131r\u0131mlarla ekonomiye b\u00fcy\u00fck katk\u0131 sa\u011flamay\u0131 hedeflediklerini kaydeden <strong data-removefontsize=\"true\" data-originalcomputedfontsize=\"19\">Akyap\u0131 Y\u00f6netim Kurulu Ba\u015fkan\u0131 Mahmut Asmal\u0131<\/strong>, i\u00e7inde bulundu\u011fumuz konjonkt\u00fcrde \u00fclkemizin ekonomisine, \u00fcretim ve istihdam\u0131na \u00f6nemli katk\u0131lar sunacak projelerin artmas\u0131nda sekt\u00f6r liderlerinin sorumluluk almas\u0131 gerekti\u011fine dikkat \u00e7ekti.&nbsp;<\/span><\/p>\n<p><span data-originalfontsize=\"19px\" data-originalcomputedfontsize=\"19\">Se\u00e7imlerin ve sava\u015flar\u0131n damga vurdu\u011fu 2024 y\u0131l\u0131nda her \u015feye ra\u011fmen ekonomimizin y\u00fczde 3,2 b\u00fcy\u00fcme kaydetti\u011fini ve ki\u015fi ba\u015f\u0131na d\u00fc\u015fen gelirin 15 bin Dolar\u0131 a\u015farak rekor seviyeye \u00e7\u0131kt\u0131\u011f\u0131n\u0131 hat\u0131rlatan Asmal\u0131, \u201c\u0130<\/span><span data-originalfontsize=\"19px\" data-originalcomputedfontsize=\"19\">n\u015faat sekt\u00f6r\u00fcm\u00fcz y\u00fczde 9,3 b\u00fcy\u00fcyerek bu b\u00fcy\u00fcmeye en fazla katk\u0131 veren sekt\u00f6r oldu. H\u00fck\u00fcmetimizin ekosistemi g\u00fc\u00e7lendirecek politikalar y\u00fcr\u00fcterek ekonomik toparlanman\u0131n g\u00fc\u00e7l\u00fc sinyallerini almaya ba\u015flad\u0131\u011f\u0131 bug\u00fcnlerde, bu \u00e7al\u0131\u015fmalara sekt\u00f6r olarak katk\u0131da bulunmam\u0131z gereken bir d\u00f6nemdeyiz. T\u00fcrk i\u015f d\u00fcnyas\u0131n\u0131n temsilcileri olarak bize d\u00fc\u015fen g\u00f6rev; her zamankinden&nbsp;daha rekabet\u00e7i bir vizyonla \u00e7al\u0131\u015farak&nbsp;mevcut \u00fcretim ve ihracat g\u00fcc\u00fcm\u00fcz\u00fc art\u0131rmakt\u0131r. Bundan hareketle,&nbsp;\u00fclkemizin \u00fcretim kapasitesini y\u00fckselterek yakla\u015f\u0131k 8 bin ki\u015fiye istihdam, ekonomimize b\u00fcy\u00fck katk\u0131 sa\u011flayacak d\u00f6rd\u00fcnc\u00fc Ticarethane projemiz olan Ticarethane Dudullu\u2019yu sanayimize kazand\u0131rmaktan onur duyuyoruz\u201d de\u011ferlendirmesini yapt\u0131.&nbsp;<\/span><\/p>\n<h2><strong><span data-originalfontsize=\"19px\" data-originalcomputedfontsize=\"19\">\u201cKapasitelerini art\u0131rmak isteyen sanayicilerimizin talebini dikkate ald\u0131k\u201d<\/span><\/strong><\/h2>\n<p><span data-originalfontsize=\"19px\" data-originalcomputedfontsize=\"19\">4 Ticarethane projesinde toplam 625 bin metrekare in\u015faat alan\u0131 ve 1.313 adet ba\u011f\u0131ms\u0131z b\u00f6l\u00fcm yer ald\u0131\u011f\u0131n\u0131 kaydeden Asmal\u0131,\u0130stanbul\u2019un en \u00f6nemli lojistik ve \u00fcretim merkezlerinde bulunan bu projelerin son teknolojiye sahip alanlarda i\u015fini b\u00fcy\u00fctmek isteyen \u015firket, imalathane, ma\u011faza ve yat\u0131r\u0131mc\u0131lara hitap etti\u011fini kaydetti.&nbsp;<\/span><\/p>\n<p><span data-originalfontsize=\"19px\" data-originalcomputedfontsize=\"19\">Projelerin sadece g\u00fcn\u00fcm\u00fcz ko\u015fullar\u0131 ile de\u011fil, gelecekte de ayn\u0131 verimlilikle faaliyetg\u00f6stermeye olanak tan\u0131d\u0131\u011f\u0131na dikkat \u00e7eken Asmal\u0131, \u201cTicarethane projelerini hayatage\u00e7irirken, \u00fcretim hatlar\u0131n\u0131 geni\u015fletmeye ve kapasitelerini artt\u0131rmaya ihtiya\u00e7 duyansanayicilerimizin taleplerini dikkate ald\u0131k.\u00c7eyrek as\u0131r\u0131 geride b\u0131rakt\u0131\u011f\u0131m\u0131z sekt\u00f6rde,sanayicilerimizin daha iyi imkanlarla \u00fcretim yapmalar\u0131n\u0131 destekleyerek \u00fcretime, teknoloji ve inovasyon odakl\u0131 daha g\u00fc\u00e7l\u00fc bir T\u00fcrkiye i\u00e7in \u00e7al\u0131\u015fmaya devam edece\u011fiz\u201d diye konu\u015ftu. <\/span><strong>&nbsp;<\/strong><\/p>\n<h2><strong><span data-originalfontsize=\"19px\" data-originalcomputedfontsize=\"19\">\u201c<\/span><\/strong><strong><span data-originalfontsize=\"19px\" data-originalcomputedfontsize=\"19\">Sanayi merkezlerinin yeni ihtiya\u00e7 ve teknolojilerle d\u00f6n\u00fc\u015ft\u00fcr\u00fclmesi \u015fart\u201d<\/span><\/strong><\/h2>\n<p><span data-originalfontsize=\"19px\" data-originalcomputedfontsize=\"19\">T\u00fcrkiye\u2019deki sanayi b\u00f6lgelerinin 45-50 y\u0131l \u00f6ncesinin ihtiya\u00e7lar\u0131yla yap\u0131ld\u0131\u011f\u0131n\u0131 ve bu b\u00f6lgelerin \u00f6zellikle deprem dayan\u0131kl\u0131l\u0131\u011f\u0131 a\u00e7\u0131s\u0131ndan ciddi s\u0131k\u0131nt\u0131lar ta\u015f\u0131d\u0131\u011f\u0131n\u0131 kaydeden&nbsp;<\/span><strong><span data-originalfontsize=\"19px\" data-originalcomputedfontsize=\"19\">Akyap\u0131 Y\u00f6netim Kurulu Ba\u015fkan\u0131 H\u00fcseyin Din\u00e7el<\/span><\/strong><span data-originalfontsize=\"19px\" data-originalcomputedfontsize=\"19\">ise \u201cKonutlar i\u00e7in bug\u00fcn nas\u0131l d\u00f6n\u00fc\u015f\u00fcm gerekiyorsa,bug\u00fcn\u00fcn ihtiya\u00e7lar\u0131na ve teknolojik beklentilerine cevap veremeyensanayi b\u00f6lgelerimizin de d\u00f6n\u00fc\u015f\u00fcm\u00fc \u015fart. Bu ihtiyac\u0131 da g\u00f6rerek Ticarethane projelerine ba\u015flad\u0131k.Ticarethane Dudullu; \u00fcreticilere her olana\u011f\u0131 sunan, modern ve donan\u0131ml\u0131bir sanayi kompleksi olacak\u201d dedi.&nbsp;<\/span><\/p>\n<p><span data-originalfontsize=\"19px\" data-originalcomputedfontsize=\"19\">Din\u00e7el, \u015f\u00f6yle devam etti: \u201cNet 68 bin metrekare arazide310 bin metrekarelik in\u015faat alanl\u0131projemizde,3 blokta 555 adet ba\u011f\u0131ms\u0131z b\u00f6l\u00fcm yer alacak.&nbsp;Bloklar\u0131n her katta sirk\u00fclasyon sistemi ve k\u00f6pr\u00fcler ile birbirine ba\u011fl\u0131 olaca\u011f\u0131 projede b\u00f6l\u00fcmler, 200m<sup data-removefontsize=\"true\" data-originalcomputedfontsize=\"15.833333\">2<\/sup>\u2019den ba\u015flay\u0131p 32.000 m<sup data-removefontsize=\"true\" data-originalcomputedfontsize=\"15.833333\">2<\/sup>\u2019ye kadar birle\u015ftirilebilecek. 8 metreye varan kat y\u00fcksekli\u011fi ve 13 metreye varan kolon a\u00e7\u0131kl\u0131\u011f\u0131 ile t\u0131r ge\u00e7i\u015flerine uygunolanprojede\u2018Ticarethane Dinamik\u2019 ad\u0131nda bir de sosyal tesis planlad\u0131k. Burada dinlenme alanlar\u0131, ortak \u00e7al\u0131\u015fma ve toplant\u0131 alanlar\u0131, kafe ve yeme-i\u00e7me alanlar\u0131,fitness merkezi, oyun salonu ve mescit yer alacak.&nbsp;<\/span><span data-originalfontsize=\"19px\" data-originalcomputedfontsize=\"19\">\u0130malathane, \u00f6zel teknik alan, s\u0131\u011f\u0131nak, elektrikli ara\u00e7 ve scooter \u00fcniteleri, depo alanlar\u0131, jenerat\u00f6r, 7\/24 g\u00fcvenlik ve&nbsp;<\/span><span data-originalfontsize=\"19px\" data-originalcomputedfontsize=\"19\">her ba\u011f\u0131ms\u0131z b\u00f6l\u00fcme \u00f6zel otopark bulunan proje, ayr\u0131ca \u2018Ye\u015fil Bina Sertifikas\u0131\u2019na da sahip.&nbsp;<\/span><span data-originalfontsize=\"17px\" data-originalcomputedfontsize=\"17\">\u201c<\/span><span data-originalfontsize=\"19px\" data-originalcomputedfontsize=\"19\">Ye\u015fil Bina Sertifikas\u0131\u201d ile Ticarethane projelerinde i\u015fyeri sahibi olanlar\u0131n, Avrupa Ekonomik Toplulu\u011fu (AB) gibi d\u00fcnyan\u0131n en \u00f6nemli ekonomik b\u00f6lgelerine d\u00fc\u015f\u00fck vergi avantaj\u0131 ve ihracat kolayl\u0131\u011f\u0131 bulunuyor. Buna ek olarak d\u00fc\u015f\u00fck enerji ve su t\u00fcketimi, s\u00fcrd\u00fcr\u00fclebilirlik ve d\u00fc\u015f\u00fck maliyetler gibi bir\u00e7ok avantaj\u0131 da bulunuyor. Ticarethane Dudullu, OSB i\u00e7inde yer almas\u0131 sebebiyle al\u0131c\u0131lar\u0131na uygun enerji maliyeti, yat\u0131r\u0131m te\u015fvikleri ve vergi muafiyeti gibi ekstra avantajlar ve kolayl\u0131klar da sa\u011fl\u0131yor.\u201d<\/span><\/p>\n<h2><strong><span data-originalfontsize=\"19px\" data-originalcomputedfontsize=\"19\">\u201cTicarethanekonsepti,getiri ve geri d\u00f6n\u00fc\u015f s\u00fcresi a\u00e7\u0131s\u0131ndan da avantajl\u0131\u201d&nbsp;<\/span><\/strong><\/h2>\n<p><span data-originalfontsize=\"19px\" data-originalcomputedfontsize=\"19\">Gayrimenkul\u00fcn d\u00f6viz, alt\u0131n, borsa gibi di\u011fer yat\u0131r\u0131m ara\u00e7lar\u0131yla k\u0131yasland\u0131\u011f\u0131nda her zaman en fazla kazand\u0131ran, en az riski olan yat\u0131r\u0131m arac\u0131 oldu\u011funu kaydeden Din\u00e7el, 2025\u2019in ilk \u00e7eyre\u011finden itibaren yat\u0131r\u0131mlar\u0131n gayrimenkule y\u00f6nelece\u011fini d\u00fc\u015f\u00fcnd\u00fc\u011f\u00fcn\u00fc dile getirdi. Ticarethanelerin ise bug\u00fcn konuta k\u0131yasla getiri ve de\u011ferlenme bak\u0131m\u0131ndan y\u00fcksek olmas\u0131yladikkat \u00e7ekti\u011fini belirten Din\u00e7el, \u201cTicari yat\u0131r\u0131m, konuta g\u00f6re %25 daha y\u00fcksek getiri elde etme imkan\u0131 sa\u011fl\u0131yor. Yat\u0131r\u0131m\u0131n geri d\u00f6n\u00fc\u015f s\u00fcreleri ise konutta ortalama 18y\u0131l iken ticari gayrimenkulde 15 y\u0131l civar\u0131nda. Hatta lokasyonuna g\u00f6re 15 y\u0131l\u0131n alt\u0131nda olan b\u00f6lgeler de var. Ticari gayrimenkulde lokasyon, yat\u0131r\u0131m\u0131n de\u011ferini art\u0131ran bir fakt\u00f6r. \u0130stanbul Havaliman\u0131\u2019na 75 km, Sabiha G\u00f6k\u00e7en\u2019e 20 km uzakl\u0131kta bulunan Ticarethane Dudullu,&nbsp;<\/span><span data-originalfontsize=\"19px\" data-originalcomputedfontsize=\"19\">\u00f6n\u00fcnde metro istasyonu bulunmas\u0131&nbsp;<\/span><span data-originalfontsize=\"19px\" data-originalcomputedfontsize=\"19\">veE-5, TEM, Kuzey Marmara Otoyolu gibi ana akslara olan yak\u0131nl\u0131\u011f\u0131yla yat\u0131r\u0131mc\u0131 a\u00e7\u0131s\u0131ndan b\u00fcy\u00fck de\u011fer sa\u011flayacak\u201d dedi.&nbsp;<\/span><\/p>\n<h2>\n<strong data-removefontsize=\"true\" data-originalcomputedfontsize=\"19\">2025 Y\u0131l\u0131na Teslim Projeleriyle Damga Vuruyor<\/strong><\/h2>\n<p><span data-originalfontsize=\"19px\" data-originalcomputedfontsize=\"19\">Akyap\u0131, 2023 ve 2024 y\u0131llar\u0131nda hayata ge\u00e7irdi\u011fi projelerle in\u015faat sekt\u00f6r\u00fcndeki g\u00fcvenilirli\u011fini bir kez daha kan\u0131tlad\u0131. 2023 y\u0131l\u0131nda teslim edilen projeler aras\u0131nda 706 konut ve 128 ticari alanla T\u00fcrkiye\u2019nin deprem izolat\u00f6rl\u00fc ilk toplu konut projesi olan Mavera Comfort yer al\u0131rken, 2024\u2019te teslim edilen projeler aras\u0131nda ise 179 konut ve 10 ticari alanla Mavera Homes, 21 adet villadan olu\u015fan Mavera Villalar\u0131 ile 485 adet konut ve 11 ticari alanla Mavera Residence yer al\u0131yor. 2025 y\u0131l\u0131nda ise Akyap\u0131, Anadolu Yakas\u0131\u2019n\u0131n ve \u00dcmraniye\u2019nin en de\u011ferli lokasyonunda yer alan, 509 konut ve 148 ticari alandan olu\u015fan Limonlu Bah\u00e7e Konaklar\u0131, B\u00fcy\u00fck\u00e7ekmece\u2019de g\u00f6l ve deniz manzaral\u0131, 128 adet prestijli villadan olu\u015fan Big Country ve kendi b\u00fcnyesinde yer alan ar\u0131tma tesisi ile sekt\u00f6r\u00fc i\u00e7in b\u00fcy\u00fck bir yenilik getiren, 137 adet ba\u011f\u0131ms\u0131z b\u00f6l\u00fcmden olu\u015fan Ticarethane METKAP sanayi projelerini teslim ediyor.<\/span><\/p>\n<p><strong><u><span data-originalfontsize=\"17px\" data-originalcomputedfontsize=\"17\">Akyap\u0131 Hakk\u0131nda<\/span><\/u><\/strong><\/p>\n<p><span data-originalfontsize=\"17px\" data-originalcomputedfontsize=\"17\">27 y\u0131ll\u0131k tecr\u00fcbesi ve deneyimli kadrosuyla konut, villa, ofis,i\u015f, al\u0131\u015fveri\u015f ve ya\u015fam merkezi,sanayi ve lojistik merkezleri gibi gayrimenkul\u00fcn her alan\u0131nda projeler \u00fcreten Akyap\u0131, bug\u00fcne kadar \u00fcretti\u011fi projelerle birlikte toplam 4 bu\u00e7uk milyon metrekarenin \u00fczerinde in\u015faat alan\u0131na ula\u015ft\u0131.&nbsp;<\/span><\/p>\n<p><strong><span data-originalfontsize=\"17px\" data-originalcomputedfontsize=\"17\">\u0130stanbul\u2019da AirportHill, Lale\u015fehir Konaklar\u0131, Seyran\u015fehir, Beyzade Kona\u011f\u0131,Bah\u00e7etepe \u0130stanbul, Mavera Homes, Mavera Residence, Mavera Comfort, Mavera Villalar\u0131, Park Mavera 1 ve 2 olmak \u00fczere&nbsp;<\/span><\/strong><span data-originalfontsize=\"17px\" data-originalcomputedfontsize=\"17\">gibi&nbsp;<\/span><span data-originalfontsize=\"17px\" data-originalcomputedfontsize=\"17\">\u015fehre de\u011fer katan<strong>bir\u00e7ok konut&nbsp;<\/strong>ve villa projesini <strong>tamamlayan Akyap\u0131\u2019n\u0131n devam eden projeleri aras\u0131nda,<\/strong>az katl\u0131 mimarinin en modern \u00f6rneklerinden biri olan, 509 konut ve 148 ticari alandan olu\u015fan \u00dcmraniye\u2019deki Limonlu Bah\u00e7e Konaklar\u0131 ve B\u00fcy\u00fck\u00e7ekmece\u2019deki g\u00f6l ve deniz manzaral\u0131 126 \u00f6zel villadan olu\u015fan Big Country yer al\u0131yor<strong>.&nbsp;<\/strong><\/span><\/p>\n<p><strong><span data-originalfontsize=\"17px\" data-originalcomputedfontsize=\"17\">TEM34 Tahtakale, TEM34 Esenyurt 1-2, TEM34 Ekspres, TEM34 \u0130kitelli, Metro 34, EN Plaza, Ba\u015fak\u015fehir Ticaret ve E\u011fitim Portal\u0131 ile Plaza 34 gibi \u00f6nemli sanayi, ticari ve i\u015f merkezi projelerini tamamlayan \u015firket, sanayi konseptli 4 farkl\u0131 Ticarethane projesi ile \u00fcretimin kalbi 4 b\u00f6lgede sanayi tesislerinin in\u015faat\u0131yla modern d\u00f6n\u00fc\u015f\u00fcm\u00fcn\u00fc ger\u00e7ekle\u015ftirerek ekonomiye katma de\u011fer sa\u011fl\u0131yor.<\/span><\/strong><\/p>\n","protected":false},"excerpt":{"rendered":"<p>27 y\u0131ldan bu yana \u00fcretti\u011fi konut ve sanayi projeleriile gayrimenkul sekt\u00f6r\u00fcne y\u00f6n veren Akyap\u0131, \u00fc\u00e7 y\u0131l \u00f6nce ba\u015flatt\u0131\u011f\u0131 Ticarethane projelerinin en b\u00fcy\u00fc\u011f\u00fcn\u00fc Dudullu Organize Sanayi B\u00f6lgesi\u2019nin merkezinde hayata ge\u00e7iriyor. 310 bin metrekarelik in\u015faat alan\u0131nda ba\u015flanan projede 555 adet ba\u011f\u0131ms\u0131z b\u00f6l\u00fcm, bug\u00fcn sat\u0131\u015fa \u00e7\u0131kar\u0131ld\u0131.Proje, yakla\u015f\u0131k 8 bin ki\u015fiye tek ba\u015f\u0131na istihdam sa\u011flayacak. &nbsp; Ger\u00e7ekle\u015ftirdi\u011fi pek \u00e7ok [&hellip;]<\/p>\n","protected":false},"author":1,"featured_media":49478,"comment_status":"open","ping_status":"open","sticky":false,"template":"","format":"standard","meta":{"ngg_post_thumbnail":0},"categories":[221,5219,97,5388],"tags":[],"_links":{"self":[{"href":"https:\/\/emlaktuel.com\/index.php?rest_route=\/wp\/v2\/posts\/49477"}],"collection":[{"href":"https:\/\/emlaktuel.com\/index.php?rest_route=\/wp\/v2\/posts"}],"about":[{"href":"https:\/\/emlaktuel.com\/index.php?rest_route=\/wp\/v2\/types\/post"}],"author":[{"embeddable":true,"href":"https:\/\/emlaktuel.com\/index.php?rest_route=\/wp\/v2\/users\/1"}],"replies":[{"embeddable":true,"href":"https:\/\/emlaktuel.com\/index.php?rest_route=%2Fwp%2Fv2%2Fcomments&post=49477"}],"version-history":[{"count":1,"href":"https:\/\/emlaktuel.com\/index.php?rest_route=\/wp\/v2\/posts\/49477\/revisions"}],"predecessor-version":[{"id":49480,"href":"https:\/\/emlaktuel.com\/index.php?rest_route=\/wp\/v2\/posts\/49477\/revisions\/49480"}],"wp:featuredmedia":[{"embeddable":true,"href":"https:\/\/emlaktuel.com\/index.php?rest_route=\/wp\/v2\/media\/49478"}],"wp:attachment":[{"href":"https:\/\/emlaktuel.com\/index.php?rest_route=%2Fwp%2Fv2%2Fmedia&parent=49477"}],"wp:term":[{"taxonomy":"category","embeddable":true,"href":"https:\/\/emlaktuel.com\/index.php?rest_route=%2Fwp%2Fv2%2Fcategories&post=49477"},{"taxonomy":"post_tag","embeddable":true,"href":"https:\/\/emlaktuel.com\/index.php?rest_route=%2Fwp%2Fv2%2Ftags&post=49477"}],"curies":[{"name":"wp","href":"https:\/\/api.w.org\/{rel}","templated":true}]}}