{"id":49412,"date":"2025-03-16T10:21:34","date_gmt":"2025-03-16T07:21:34","guid":{"rendered":"https:\/\/emlaktuel.com\/?p=49412"},"modified":"2025-03-16T10:22:25","modified_gmt":"2025-03-16T07:22:25","slug":"yeni-opel-grandland-intelli-lux-hd-led-farlariyla-2025-dvn-odulunun-sahibi-oldu","status":"publish","type":"post","link":"https:\/\/emlaktuel.com\/?p=49412","title":{"rendered":"Yeni Opel Grandland Intelli-Lux HD LED\u00ae Farlar\u0131yla 2025 DVN \u00d6d\u00fcl\u00fc\u2019n\u00fcn Sahibi Oldu!"},"content":{"rendered":"<p>Yeni Opel Grandland Intelli-Lux HD LED\u00ae Farlar\u0131yla 2025 DVN \u00d6d\u00fcl\u00fc\u2019n\u00fcn Sahibi Oldu!<\/p>\n<p>Opel Grandland Yenilik\u00e7i \u00d6zellikleriyle Oldu\u011fu Kadar S\u00fcr\u00fc\u015f G\u00fcvenli\u011finde de \u0130ddias\u0131n\u0131 Bir Kere Daha Kan\u0131tlad\u0131!<\/p>\n<p><img loading=\"lazy\" class=\"alignnone size-full wp-image-49414\" src=\"https:\/\/emlaktuel.com\/wp-content\/uploads\/2025\/03\/IMG_20250316_101751.jpg\" alt=\"\" width=\"1080\" height=\"660\"><\/p>\n<p>Alman otomotiv \u00fcreticisi Opel, yenilik\u00e7i \u00fcr\u00fcn gam\u0131n\u0131n son \u00fcyesi yeni Grandland ile dikkat \u00e7ekmeye devam ediyor. Bu kapsamda, yeni Opel Grandland, \u00fcst\u00fcn ayd\u0131nlatma teknolojisine sahip yeni Intelli-Lux HD LED\u00ae farlar\u0131yla Driving Vision News (DVN) toplulu\u011funun d\u00fczenledi\u011fi ve ayd\u0131nlatma yeniliklerini \u00f6d\u00fcllendirdi\u011fi DVN \u00d6d\u00fclleri\u2019nde \u201cEn \u0130yi \u00d6n Farlar\u201d kategorisinde birincilik kazand\u0131. M\u00fcnih&#8217;te d\u00fczenlenen DVN sempozyumunda Opel ad\u0131na \u00f6d\u00fcl\u00fc alan Stellantis Kompleks Ayd\u0131nlatma K\u00fcresel Lideri Philipp Roeckl, \u015fu ifadeleri kulland\u0131: \u201cUyarlanabilir ve g\u00f6z kama\u015ft\u0131rmayan Intelli-Lux HD LED\u00ae far sistemi ile yeni Opel Grandland i\u00e7in \u00f6nc\u00fc bir ayd\u0131nlatma \u00e7\u00f6z\u00fcm\u00fc geli\u015ftirdik. Farlarda ilk kez kullan\u0131lan 50.000&#8217;den fazla ba\u011f\u0131ms\u0131z piksel, her ko\u015fulda y\u00fcksek \u00e7\u00f6z\u00fcn\u00fcrl\u00fckl\u00fc ve duruma uygun bir \u0131\u015f\u0131k da\u011f\u0131l\u0131m\u0131 sa\u011fl\u0131yor. Bu yenilik, sadece s\u00fcr\u00fcc\u00fcn\u00fcn konforunu artt\u0131rmakla kalmay\u0131p, yolu kullanan di\u011fer t\u00fcm ki\u015filerin g\u00fcvenli\u011fini de sa\u011fl\u0131yor.\u201d<\/p>\n<p><img loading=\"lazy\" class=\"alignnone size-full wp-image-49415\" src=\"https:\/\/emlaktuel.com\/wp-content\/uploads\/2025\/03\/IMG_20250316_101740.jpg\" alt=\"\" width=\"1080\" height=\"667\"><\/p>\n<p>Alman kalitesini \u00fcst\u00fcn s\u00fcr\u00fc\u015f keyfiyle birle\u015ftiren Opel, geli\u015ftirdi\u011fi ileri teknolojiler ile d\u00fcnya \u00e7ap\u0131nda dikkat \u00e7ekmeye devam ediyor. Opel\u2019in adeta ayr\u0131 bir marka haline gelen Intelli-Lux HD LED\u00ae farlar\u0131, Driving Vision News (DVN) toplulu\u011funun d\u00fczenledi\u011fi ve \u00f6nc\u00fc ayd\u0131nlatma yeniliklerini \u00f6d\u00fcllendirdi\u011fi DVN \u00d6d\u00fcl t\u00f6reninde \u201cEn \u0130yi \u00d6n Farlar\u201d kategorisinin 2025 y\u0131l\u0131ndaki sahibi oldu. B\u00f6ylece uyarlanabilir, g\u00f6z kama\u015ft\u0131rmayan, 50.000&#8217;den fazla ba\u011f\u0131ms\u0131z piksele sahip Intelli-Lux HD LED\u00ae farlar\u0131n ba\u015far\u0131s\u0131 Driving Vision News&#8217;\u0131n uzman kadrosu taraf\u0131ndan da do\u011frulanm\u0131\u015f oldu.<\/p>\n<h2>S\u00fcr\u00fcc\u00fcn\u00fcn yan\u0131 s\u0131ra yol g\u00fcvenli\u011fini de art\u0131r\u0131yor!<\/h2>\n<p>M\u00fcnih&#8217;te d\u00fczenlenen DVN sempozyumunda verilen \u00f6d\u00fcl\u00fc Opel ad\u0131na Stellantis&#8217;in Kompleks Ayd\u0131nlatma K\u00fcresel Lideri Philipp Roeckl ald\u0131. \u00d6d\u00fcl t\u00f6reninde konu\u015fan Philipp Roeckl, \u201cUyarlanabilir ve g\u00f6z kama\u015ft\u0131rmayan Intelli-Lux HD LED\u00ae far sistemi ile yeni Opel Grandland i\u00e7in \u00f6nc\u00fc bir ayd\u0131nlatma \u00e7\u00f6z\u00fcm\u00fc geli\u015ftirdik. Farlarda ilk kez kullan\u0131lan 50.000&#8217;den fazla ba\u011f\u0131ms\u0131z piksel, her ko\u015fulda y\u00fcksek \u00e7\u00f6z\u00fcn\u00fcrl\u00fckl\u00fc ve duruma uygun bir \u0131\u015f\u0131k da\u011f\u0131l\u0131m\u0131 sa\u011fl\u0131yor. Bu yenilik, sadece s\u00fcr\u00fcc\u00fcn\u00fcn konforunu artt\u0131rmakla kalmay\u0131p, yolu kullanan di\u011fer t\u00fcm ki\u015filerin g\u00fcvenli\u011fini de sa\u011fl\u0131yor. DVN toplulu\u011funun bunu 2025 DVN \u00d6d\u00fcl\u00fc ile onurland\u0131rmas\u0131ndan b\u00fcy\u00fck memnuniyet duyuyoruz\u201d dedi.<\/p>\n<p>Driving Vision News; ayd\u0131nlatma teknolojisi, s\u00fcr\u00fcc\u00fc destek sistemleri, lidar ve ara\u00e7 i\u00e7 mekanlar\u0131 alanlar\u0131nda uzmanlardan olu\u015fan bir a\u011f olarak \u00f6ne \u00e7\u0131k\u0131yor. Yay\u0131mlad\u0131\u011f\u0131 b\u00fcltenler, raporlar ve d\u00fczenledi\u011fi \u00e7al\u0131\u015ftaylarla bu uzmanl\u0131k alan\u0131ndaki teknolojik geli\u015fmeleri payla\u015fan kurulu\u015f, bu y\u0131lki DVN \u00d6d\u00fclleri&#8217;nde 6 kategoride \u00e7ok say\u0131da ayd\u0131nlatma inovasyonunu de\u011ferlendirdi.<\/p>\n<h2>Daha hassas, daha keskin, daha iyi!<\/h2>\n<p>Opel Grandland&#8217;in ileri teknoloji \u00fcr\u00fcn\u00fc Intelli-Lux HD LED\u00ae farlar\u0131, s\u00fcr\u00fcc\u00fc i\u00e7in geceyi g\u00fcnd\u00fcze \u00e7evirirken ayn\u0131 zamanda g\u00fczergah\u0131 ve \u00e7evreyi de hassas bir \u015fekilde ayd\u0131nlat\u0131yor. Ge\u00e7erli trafik durumuna ba\u011fl\u0131 olarak, kamera \u00f6ndeki s\u00fcr\u00fcc\u00fcleri ve kar\u015f\u0131dan gelen trafi\u011fi alg\u0131l\u0131yor ve Intelli-Lux HD LED\u00ae farlar onlar\u0131 \u0131\u015f\u0131k huzmesinin alan\u0131ndan \u00e7\u0131kar\u0131yor. Standart Matrix Light teknolojilerine k\u0131yasla daha h\u0131zl\u0131 ve hassas \u00e7al\u0131\u015fan sistem; &#8216;I\u015f\u0131k t\u00fcneli&#8217; yani \u0131\u015f\u0131k huzmesinin d\u0131\u015f\u0131nda kalan alan\u0131 daralt\u0131rken, yolun geri kalan\u0131n\u0131 daha iyi ayd\u0131nlat\u0131yor. Bu sayede sistem, insanlar\u0131n g\u00f6zlerini kama\u015ft\u0131rmadan daha ayd\u0131nl\u0131k ve e\u015fit bir \u0131\u015f\u0131k da\u011f\u0131l\u0131m\u0131 sa\u011fl\u0131yor. Farlar\u0131n g\u00fcvenlik a\u00e7\u0131s\u0131ndan faydalar\u0131 da bilimsel \u00e7al\u0131\u015fmalarla kan\u0131tlanm\u0131\u015f durumda. Bu farlar sayesinde ara\u00e7 \u00f6n\u00fcndeki nesneler klasik halojen farlara k\u0131yasla 80 km\/s h\u0131zda yakla\u015f\u0131k 30 ila 40 metre daha erken alg\u0131lanabiliyor. Bu sayede s\u00fcr\u00fcc\u00fc olas\u0131 bir engele bir ila iki saniye daha erken tepki verebiliyor ve bu kazan\u0131lan s\u00fcre de olas\u0131 bir kazay\u0131 \u00f6nleme de b\u00fcy\u00fck \u00f6nem ta\u015f\u0131yor.<\/p>\n<h2>Yeni i\u015flevler ve grafik animasyonlar da geli\u015ftirildi!<\/h2>\n<p>Opel, \u015fehir ve k\u0131rsal ayd\u0131nlatmas\u0131ndan viraj ayd\u0131nlatmas\u0131 ve k\u00f6t\u00fc hava ayd\u0131nlatmas\u0131na kadar t\u00fcm otomatik Intelli-Lux i\u015flevlerini iyile\u015ftirdi ve yeni bir seviyeye ta\u015f\u0131d\u0131. Ara\u00e7 \u00f6n\u00fcndeki \u0131\u015f\u0131k konisi 50.000&#8217;den fazla ba\u011f\u0131ms\u0131z piksel kullan\u0131larak tamamen dijital olarak ayarlanabiliyor, b\u00f6ylece viraj al\u0131rken s\u00fcr\u00fcc\u00fcn\u00fcn bak\u0131\u015f a\u00e7\u0131s\u0131n\u0131n yol boyunca sezgisel olarak y\u00f6nlendirilmesini sa\u011fl\u0131yor. I\u015f\u0131k konisinin dijital olarak ayarlanmas\u0131na ek olarak, d\u00f6n\u00fc\u015f a\u00e7\u0131s\u0131na ba\u011fl\u0131 olarak arac\u0131n ilgili taraf\u0131nda ek bir \u0131\u015f\u0131k mod\u00fcl\u00fc etkinle\u015ftiriliyor. B\u00f6ylece, yol kenar\u0131 daha da iyi ayd\u0131nlat\u0131labiliyor ve viraj al\u0131rken &#8220;kara delik&#8221; etkisini \u00f6nl\u00fcyor. K\u00f6t\u00fc hava ko\u015fullar\u0131nda veya sis modunda Intelli-Lux HD, ya\u011fmurdan dolay\u0131 \u0131slanan sokaklar\u0131n yol a\u00e7abilece\u011fi parlama etkisini hesaba kat\u0131yor ve kar\u015f\u0131dan gelen trafikte bu etkiyi azaltmak i\u00e7in \u0131\u015f\u0131k yo\u011funlu\u011funu buna g\u00f6re ayarl\u0131yor. Buna ek olarak, y\u00fcksek \u00e7\u00f6z\u00fcn\u00fcrl\u00fckl\u00fc \u0131\u015f\u0131k teknolojisi sadece di\u011fer s\u00fcr\u00fcc\u00fclerin de\u011fil ayn\u0131 zamanda Grandland s\u00fcr\u00fcc\u00fcs\u00fcn\u00fcn de g\u00f6zlerinin korunmas\u0131n\u0131 sa\u011fl\u0131yor. Yolda bulunan trafik i\u015faretlerini tan\u0131yan sistem, i\u015faretlerin yans\u0131mas\u0131n\u0131n s\u00fcr\u00fcc\u00fcn\u00fcn g\u00f6z\u00fcn\u00fc kama\u015ft\u0131rmamas\u0131 i\u00e7in LED&#8217;leri karart\u0131yor. &#8216;Turist modu&#8217; ise Intelli-Lux HD LED\u00ae far\u0131n trafi\u011fin soldan akt\u0131\u011f\u0131 \u00fclkelerde bile tam performans\u0131n\u0131 ve t\u00fcm i\u015flevlerini kullanabilmesini sa\u011fl\u0131yor. \u00d6te yandan Grandland, yolcular\u0131n\u0131 kar\u015f\u0131lamak ve u\u011furlamak i\u00e7in arac\u0131n \u00f6n\u00fcne yans\u0131t\u0131lan grafik videolar \u015feklindeki yeni animasyonlar, gelece\u011fin ayd\u0131nlatma teknolojilerinden ipu\u00e7lar\u0131 sunuyor.<\/p>\n<h2>3D Vizor, ayd\u0131nlat\u0131lm\u0131\u015f Opel \u015eim\u015fe\u011fi ve kenar ayd\u0131nlatma teknolojisi!<\/h2>\n<p>Yeni Opel Grandland\u2019in standartlar\u0131 belirleyen tek \u00f6zelli\u011fi yenilik\u00e7i Intelli-Lux HD farlar\u0131 de\u011fil. Yeni Grandland ayn\u0131 zamanda, \u00f6zellikle de karanl\u0131kta \u00f6ne \u00e7\u0131kan, kusursuz stiliyle dikkat \u00e7ekiyor. Opel marka y\u00fcz\u00fcn\u00fcn yeni far sisteminin bu etkileyici stile mutlak bir katk\u0131 sa\u011flad\u0131\u011f\u0131 ka\u00e7\u0131n\u0131lmaz bir ger\u00e7ek: yeni 3D Vizor, ilk kez \u0131\u015f\u0131kland\u0131r\u0131lan Opel \u015eim\u015fe\u011fini ve ara\u00e7 boyunca uzanan yenilik\u00e7i &#8220;kenar ayd\u0131nlatmas\u0131&#8221; teknolojisini tek bir ak\u0131c\u0131 unsur olarak birle\u015ftiriyor.<\/p>\n","protected":false},"excerpt":{"rendered":"<p>Yeni Opel Grandland Intelli-Lux HD LED\u00ae Farlar\u0131yla 2025 DVN \u00d6d\u00fcl\u00fc\u2019n\u00fcn Sahibi Oldu! Opel Grandland Yenilik\u00e7i \u00d6zellikleriyle Oldu\u011fu Kadar S\u00fcr\u00fc\u015f G\u00fcvenli\u011finde de \u0130ddias\u0131n\u0131 Bir Kere Daha Kan\u0131tlad\u0131! Alman otomotiv \u00fcreticisi Opel, yenilik\u00e7i \u00fcr\u00fcn gam\u0131n\u0131n son \u00fcyesi yeni Grandland ile dikkat \u00e7ekmeye devam ediyor. Bu kapsamda, yeni Opel Grandland, \u00fcst\u00fcn ayd\u0131nlatma teknolojisine sahip yeni Intelli-Lux HD LED\u00ae [&hellip;]<\/p>\n","protected":false},"author":1,"featured_media":49413,"comment_status":"open","ping_status":"open","sticky":false,"template":"","format":"standard","meta":{"ngg_post_thumbnail":0},"categories":[5215],"tags":[17246],"_links":{"self":[{"href":"https:\/\/emlaktuel.com\/index.php?rest_route=\/wp\/v2\/posts\/49412"}],"collection":[{"href":"https:\/\/emlaktuel.com\/index.php?rest_route=\/wp\/v2\/posts"}],"about":[{"href":"https:\/\/emlaktuel.com\/index.php?rest_route=\/wp\/v2\/types\/post"}],"author":[{"embeddable":true,"href":"https:\/\/emlaktuel.com\/index.php?rest_route=\/wp\/v2\/users\/1"}],"replies":[{"embeddable":true,"href":"https:\/\/emlaktuel.com\/index.php?rest_route=%2Fwp%2Fv2%2Fcomments&post=49412"}],"version-history":[{"count":2,"href":"https:\/\/emlaktuel.com\/index.php?rest_route=\/wp\/v2\/posts\/49412\/revisions"}],"predecessor-version":[{"id":49417,"href":"https:\/\/emlaktuel.com\/index.php?rest_route=\/wp\/v2\/posts\/49412\/revisions\/49417"}],"wp:featuredmedia":[{"embeddable":true,"href":"https:\/\/emlaktuel.com\/index.php?rest_route=\/wp\/v2\/media\/49413"}],"wp:attachment":[{"href":"https:\/\/emlaktuel.com\/index.php?rest_route=%2Fwp%2Fv2%2Fmedia&parent=49412"}],"wp:term":[{"taxonomy":"category","embeddable":true,"href":"https:\/\/emlaktuel.com\/index.php?rest_route=%2Fwp%2Fv2%2Fcategories&post=49412"},{"taxonomy":"post_tag","embeddable":true,"href":"https:\/\/emlaktuel.com\/index.php?rest_route=%2Fwp%2Fv2%2Ftags&post=49412"}],"curies":[{"name":"wp","href":"https:\/\/api.w.org\/{rel}","templated":true}]}}