{"id":49388,"date":"2025-03-08T15:35:13","date_gmt":"2025-03-08T12:35:13","guid":{"rendered":"https:\/\/emlaktuel.com\/?p=49388"},"modified":"2025-03-08T15:35:13","modified_gmt":"2025-03-08T12:35:13","slug":"guclu-kadinlar-guclu-turkiye-icin-bulustu","status":"publish","type":"post","link":"https:\/\/emlaktuel.com\/?p=49388","title":{"rendered":"G\u00fc\u00e7l\u00fc Kad\u0131nlar, G\u00fc\u00e7l\u00fc T\u00fcrkiye i\u00e7in Bulu\u015ftu!"},"content":{"rendered":"<p><strong>G\u00fc\u00e7l\u00fc Kad\u0131nlar, G\u00fc\u00e7l\u00fc T\u00fcrkiye i\u00e7in Bulu\u015ftu!<\/strong><\/p>\n<p><strong>Turkuvaz Medya taraf\u0131ndan d\u00fczenlenen&nbsp;\u201cG\u00fc\u00e7l\u00fc T\u00fcrkiye\u2019nin G\u00fc\u00e7l\u00fc Kad\u0131nlar\u0131 Zirvesi\u201d Turkuvaz Medya Merkezi \u0130stanbul\u2019da, T\u00fcrkiye\u2019nin g\u00fc\u00e7l\u00fc kad\u0131nlar\u0131n\u0131 ilham veren hikayeleri ve vizyonlar\u0131yla bir kez daha bir araya getirdi!<\/strong><strong> \u0130\u015f, siyaset, akademi, teknoloji, sanat ve spor d\u00fcnyas\u0131n\u0131n \u00f6nde gelen isimleri, kad\u0131nlar\u0131n ekonomik ve toplumsal ya\u015famdaki g\u00fcc\u00fcn\u00fc vurgulad\u0131.<\/strong><\/p>\n<p>Turkuvaz Medya taraf\u0131ndan geleneksel olarak d\u00fczenlenen&nbsp;<strong>G\u00fc\u00e7l\u00fc T\u00fcrkiye\u2019nin G\u00fc\u00e7l\u00fc Kad\u0131nlar\u0131 Zirvesi 2025<\/strong>, ilham verici oturumlar ve \u00e7arp\u0131c\u0131 konu\u015fmalara sahne oldu. Zirve i\u015f, siyaset, akademi, spor, teknoloji ve sanat d\u00fcnyas\u0131ndan \u00f6nde gelen isimleri bir araya getirerek toplumsal cinsiyet e\u015fitli\u011fi ve kad\u0131n\u0131n g\u00fcc\u00fcne dair \u00f6nemli mesajlar verdi.<\/p>\n<h2><strong>Afyonkarahisar Valisi Do\u00e7. Dr. K\u00fcbra G\u00fcran Yi\u011fitba\u015f\u0131: &#8220;Kad\u0131nlar\u0131n katk\u0131s\u0131ndan bu \u00fclkeyi mahrum etmemeliyiz&#8221;<\/strong><\/h2>\n<p><strong>Afyonkarahisar Valisi Do\u00e7. Dr. K\u00fcbra G\u00fcran Yi\u011fitba\u015f\u0131<\/strong>, etkinlikte yapt\u0131\u011f\u0131 konu\u015fmada kad\u0131nlar\u0131n y\u00f6netimde daha fazla yer almas\u0131n\u0131n \u00f6nemine vurgu yapt\u0131. \u201cM\u00fclki idare, erkek egemen bir alan. Bug\u00fcn T\u00fcrkiye\u2019de 135 m\u00fclki idari amir i\u00e7inde sadece 10 kad\u0131n vali bulunuyor\u201d diyen Yi\u011fitba\u015f\u0131, kad\u0131nlar\u0131n bu alandaki varl\u0131\u011f\u0131n\u0131n artmas\u0131n\u0131n topluma farkl\u0131 bir vizyon kazand\u0131rd\u0131\u011f\u0131n\u0131 belirtti.<\/p>\n<p>T\u00fcrkiye Cumhuriyeti tarihinde ilk kad\u0131n valinin 1991-1995 y\u0131llar\u0131 aras\u0131nda Lale Aytaman oldu\u011funu, di\u011fer 9 kad\u0131n valinin ise Cumhurba\u015fkan\u0131 Recep Tayyip Erdo\u011fan taraf\u0131ndan atand\u0131\u011f\u0131n\u0131 ifade eden Yi\u011fitba\u015f\u0131, bu s\u00fcrecin kad\u0131nlar\u0131n y\u00f6neticilikte daha fazla temsil edilmesi a\u00e7\u0131s\u0131ndan kritik bir d\u00f6n\u00fcm noktas\u0131 oldu\u011funu s\u00f6yledi. \u201cBir kad\u0131n\u0131n, bir ilin en \u00fcst d\u00fczey y\u00f6neticisi, Cumhurba\u015fkan\u0131&#8217;n\u0131n temsilcisi, kolluk kuvvetlerinin ba\u015f\u0131nda bir idareci olarak g\u00f6rev almas\u0131; toplumdaki alg\u0131y\u0131 de\u011fi\u015ftiriyor, yeni bir ufuk a\u00e7\u0131yor\u201d s\u00f6zleriyle kad\u0131nlar\u0131n liderlik pozisyonlar\u0131nda daha fazla yer almas\u0131n\u0131n \u00f6nemine dikkat \u00e7ekti.<\/p>\n<p>Kariyerine akademisyen olarak ba\u015flad\u0131\u011f\u0131n\u0131 ve medya \u00e7al\u0131\u015fmalar\u0131 alan\u0131nda \u00f6nemli projelere imza att\u0131\u011f\u0131n\u0131 belirten Yi\u011fitba\u015f\u0131, 15 Temmuz\u2019daki kad\u0131n direni\u015fini konu alan \u2018Kalplerin Direni\u015fi\u2019 belgeselini e\u015fiyle birlikte haz\u0131rlad\u0131\u011f\u0131n\u0131 da s\u00f6zlerine ekledi.<\/p>\n<p>Afyonkarahisar\u2019da g\u00f6rev yapt\u0131\u011f\u0131 s\u00fcre boyunca halkla g\u00fc\u00e7l\u00fc bir ba\u011f kurdu\u011funu ve kendisine \u201cDevlet Ana\u201d s\u0131fat\u0131n\u0131n yak\u0131\u015ft\u0131r\u0131ld\u0131\u011f\u0131n\u0131 belirten Yi\u011fitba\u015f\u0131, \u201cKad\u0131nlar\u0131n y\u00f6netime kat\u0131lmas\u0131, toplumun gelece\u011fini \u015fekillendiren en \u00f6nemli unsurlardan biri. Bu g\u00fcc\u00fc daha fazla g\u00f6r\u00fcn\u00fcr k\u0131lmal\u0131 ve kad\u0131nlar\u0131n her alanda daha fazla s\u00f6z sahibi olmas\u0131n\u0131 desteklemeliyiz.\u201d diyerek konu\u015fmas\u0131n\u0131 tamamlad\u0131.<\/p>\n<h2><strong>\u201cBu g\u00fc\u00e7l\u00fc \u00fclkenin g\u00fc\u00e7l\u00fc kad\u0131n m\u00fchendisi olarak, tarihe tan\u0131kl\u0131k edip tarih yazmaktan gurur duyuyorum\u201d<\/strong><\/h2>\n<p>TUSA\u015e Elektrik ve Elektronik M\u00fchendisi ve Milli Y\u00fcz\u00fcc\u00fc Hilal Zeyneb Sara\u00e7, etkinlikte yapt\u0131\u011f\u0131 konu\u015fmada, zorluklara ra\u011fmen pes etmeyen bir kad\u0131n\u0131n nas\u0131l tarih yazd\u0131\u011f\u0131n\u0131 etkileyici bir \u015fekilde anlatt\u0131. \u201cBu g\u00fc\u00e7l\u00fc \u00fclkenin g\u00fc\u00e7l\u00fc kad\u0131n m\u00fchendisi olarak, TUSA\u015e ailesinin bir par\u00e7as\u0131 olmaktan, teknoloji geli\u015ftirmekten, tarihe tan\u0131kl\u0131k edip tarih yazmaktan gurur duyuyorum.\u201d diyen Sara\u00e7, gen\u00e7 kad\u0131nlara ilham verdi.<\/p>\n<p>Hen\u00fcz 13 ya\u015f\u0131ndayken milli tak\u0131ma se\u00e7ilen ancak talihsiz bir sakatl\u0131k sonucu bu hayalini ertelemek zorunda kalan Sara\u00e7, azimle y\u00fcr\u00fcd\u00fc\u011f\u00fc yolda TED \u00dcniversitesi Elektrik ve Elektronik M\u00fchendisli\u011fi b\u00f6l\u00fcm\u00fcn\u00fc y\u00fczde y\u00fcz \u00d6SYM bursuyla birincilikle tamamlad\u0131. 2022 y\u0131l\u0131nda Marmara Denizi&#8217;ni y\u00fczerek ge\u00e7en ilk T\u00fcrk kad\u0131n sporcu olman\u0131n yan\u0131 s\u0131ra, 2024 y\u0131l\u0131nda Katar\u2019da d\u00fczenlenen D\u00fcnya \u015eampiyonas\u0131&#8217;nda masterlar kategorisinde d\u00fcnya ikincisi oldu.<\/p>\n<p>TUSA\u015e\u2019ta \u00fcstlendi\u011fi m\u00fchendislik g\u00f6revinde ise H\u00fcrjet ve Milli Muharip U\u00e7ak Kaan gibi stratejik projelerde yer alan Sara\u00e7, T\u00fcrkiye\u2019nin savunma sanayindeki g\u00fcc\u00fcn\u00fc peki\u015ftiren ba\u015far\u0131lar\u0131n\u0131 anlatarak salondan b\u00fcy\u00fck alk\u0131\u015f ald\u0131.<\/p>\n<h2><strong>Robopsikolog ve NASA Ba\u015f M\u00fchendisi Ecem Tu\u011flan Bate: &#8220;Kad\u0131nlar Teknolojide Lider Olmal\u0131&#8221;<\/strong><\/h2>\n<p>\u00c7ocukluk y\u0131llar\u0131ndan itibaren yapay zekaya ve robotik teknolojilere duydu\u011fu ilgiyle bilim d\u00fcnyas\u0131nda iz b\u0131rakan bir lider haline gelen Robopsikolog Ecem Tu\u011flan Bate konu\u015fmas\u0131nda, teknolojinin ve yapay zekan\u0131n toplumsal cinsiyetle nas\u0131l \u015fekillendi\u011fini ve kad\u0131nlar\u0131n bu alandaki temsilinin \u00f6nemini vurgulad\u0131. Yapay zekaya dair toplumsal alg\u0131lar\u0131n, genellikle erkek fig\u00fcrlere odakland\u0131\u011f\u0131na dikkat \u00e7eken Bate, toplumda bilim insan\u0131 denince akla erkeklerin gelmesinin, dilin ve toplumsal cinsiyet rollerinin bir yans\u0131mas\u0131 oldu\u011funu belirtti.<\/p>\n<p>Kad\u0131nlar\u0131n teknolojinin &#8220;yard\u0131mc\u0131&#8221; rollerine hapsolmalar\u0131n\u0131n, toplumsal normlardan kaynakland\u0131\u011f\u0131n\u0131 ifade eden Bate, bu ayr\u0131m\u0131n teknolojik alanda daha da belirginle\u015fti\u011fini belirtti. \u201cKad\u0131n seslerinin, \u00f6zellikle sesli asistanlar gibi hizmet robotlar\u0131nda kullan\u0131lmas\u0131, toplumsal cinsiyetin teknolojiyi nas\u0131l \u015fekillendirdi\u011finin bir \u00f6rne\u011fi olarak g\u00f6sterildi. Erkek sesleri ise g\u00fc\u00e7 ve otoriteyle ili\u015fkilendirilerek savunma sanayii ve pilotaj gibi alanlarda tercih ediliyor.\u201d diyen Bate, kad\u0131nlar\u0131n teknoloji alan\u0131ndaki daha g\u00fc\u00e7l\u00fc temsilinin, toplumsal cinsiyet normlar\u0131n\u0131n a\u015f\u0131lmas\u0131 i\u00e7in kritik oldu\u011funa inand\u0131\u011f\u0131n\u0131 ifade etti.<\/p>\n<p>Robopsikoloji gibi \u00f6nemli bir alan\u0131 da g\u00fcndeme getirerek, kad\u0131nlar\u0131n yapay zeka tasar\u0131m s\u00fcre\u00e7lerinde yer almas\u0131n\u0131n ve teknolojiyi sadece t\u00fcketici de\u011fil, \u00fcretici olarak \u015fekillendirmelerinin, daha do\u011fru ve kapsay\u0131c\u0131 bir teknoloji d\u00fcnyas\u0131 yarat\u0131lmas\u0131na olanak tan\u0131yaca\u011f\u0131n\u0131 belirtti. Bate, kad\u0131nlar\u0131n teknolojiyi tasarlarken, k\u00fclt\u00fcrlerinden ve ya\u015fam tarzlar\u0131ndan ilham alarak, toplumsal cinsiyet e\u015fitsizli\u011fini k\u0131racak daha do\u011fru ve g\u00fc\u00e7l\u00fc temsiller yaratabilece\u011fini savundu.<\/p>\n<p>Bate\u2019nin konu\u015fmas\u0131nda verdi\u011fi en \u00f6nemli mesajlardan biri, kad\u0131nlar\u0131n teknolojide sadece yard\u0131mc\u0131 rol \u00fcstlenmekle s\u0131n\u0131rl\u0131 kalmamas\u0131 gerekti\u011fi, bunun yerine teknoloji d\u00fcnyas\u0131nda liderlik rol\u00fcn\u00fc \u00fcstlenmeleri gerekti\u011fi oldu. Kad\u0131nlar\u0131n teknolojiyi \u015fekillendiren ve geli\u015ftiren bilim insanlar\u0131 olarak, gelece\u011fi in\u015fa etme g\u00fcc\u00fcne sahip olduklar\u0131n\u0131n alt\u0131n\u0131 \u00e7izen Bate, bu alanda daha \u00e7ok kad\u0131n\u0131n liderlik pozisyonlar\u0131nda yer almas\u0131n\u0131n \u00f6nemini vurgulad\u0131. Yapay zeka ve robotik gibi teknolojilerin \u015fekillendirilmesinde kad\u0131nlar\u0131n da seslerinin duyulmas\u0131 gerekti\u011fini belirten Bate, bu alanda daha kapsay\u0131c\u0131 bir gelecek i\u00e7in kad\u0131nlar\u0131n sesini y\u00fckseltmesi gerekti\u011fini ifade etti.<\/p>\n<h2><strong>Bengisu Avc\u0131: \u201cPes etmek yok; her seferinde yeniden merhaba okyanus, ben geldim diyorum.\u201d<\/strong><\/h2>\n<p>Ultra maraton y\u00fcz\u00fcc\u00fcs\u00fc ve antren\u00f6r Bengisu Avc\u0131, zirvede yapt\u0131\u011f\u0131 etkileyici konu\u015fmada, okyanus parkurlar\u0131nda verdi\u011fi m\u00fccadeleyi ve kad\u0131nlar\u0131n s\u0131n\u0131r tan\u0131mayan g\u00fcc\u00fcn\u00fc t\u00fcm ayr\u0131nt\u0131lar\u0131yla anlatt\u0131. \u201cPes etmek yok; her seferinde yeniden merhaba okyanus, ben geldim diyorum.\u201d s\u00f6zleriyle salondan b\u00fcy\u00fck alk\u0131\u015f alan Avc\u0131, kad\u0131nlar\u0131n vazge\u00e7meyen do\u011fas\u0131n\u0131 ve sporun birle\u015ftirici g\u00fcc\u00fcn\u00fc vurgulad\u0131.<\/p>\n<p>Yedi okyanus parkurunu y\u00fczme hedefiyle ba\u015flad\u0131\u011f\u0131 yolculukta hipotermi gibi hayati tehlikeleri g\u00f6ze alarak pes etmeyen Avc\u0131, antren\u00f6rl\u00fck kariyerinde kad\u0131n sporculara yol g\u00f6steren bir rol model olman\u0131n gururunu ya\u015fad\u0131\u011f\u0131n\u0131 dile getirdi.<\/p>\n<p>2017 y\u0131l\u0131nda Man\u015f Denizi\u2019ni ge\u00e7meye \u00e7al\u0131\u015f\u0131rken ya\u015fad\u0131\u011f\u0131 hipotermi deneyimini ve 2018\u2019de bu parkuru ba\u015far\u0131yla tamamlayarak ula\u015ft\u0131\u011f\u0131 zaferi anlatan Avc\u0131, \u201cKad\u0131n\u0131n inat\u00e7\u0131 ve pes etmeyen do\u011fas\u0131, s\u0131n\u0131r tan\u0131mayan bir g\u00fc\u00e7t\u00fcr.\u201d diyerek kad\u0131nlar\u0131n azim ve kararl\u0131l\u0131kla her t\u00fcrl\u00fc zorlu\u011fu a\u015fabilece\u011fini bir kez daha g\u00f6zler \u00f6n\u00fcne serdi.<\/p>\n<h2><strong>Program Sunucusu Nursel Ergin: \u201cBeni annem ve babam sevmemi\u015f olabilir ama T\u00fcrkiye seviyor\u201d<\/strong><\/h2>\n<p>Televizyon d\u00fcnyas\u0131n\u0131n sevilen ismi Nursel Ergin, etkinlikte yapt\u0131\u011f\u0131 samimi ve derin etkiler b\u0131rakan konu\u015fmas\u0131nda, ya\u015fam\u0131nda kar\u015f\u0131la\u015ft\u0131\u011f\u0131 zorluklara ve bu zorluklarla nas\u0131l ba\u015fa \u00e7\u0131kt\u0131\u011f\u0131na dair \u00e7arp\u0131c\u0131 detaylar payla\u015ft\u0131. \u201cBeni annem ve babam sevmemi\u015f olabilir ama T\u00fcrkiye seviyor.\u201d s\u00f6zleriyle salondan b\u00fcy\u00fck alk\u0131\u015f alan Ergin, g\u00fc\u00e7l\u00fc bir kad\u0131n olman\u0131n temellerini nas\u0131l att\u0131\u011f\u0131n\u0131 ve iyilikten yana bir rota \u00e7izmenin \u00f6nemini vurgulad\u0131.<\/p>\n<p>Yeti\u015ftirme yurdunda b\u00fcy\u00fcyen ve gen\u00e7 ya\u015fta evlenen Ergin, hayat\u0131ndaki her zorlu\u011fu \u201csimitsiz denize atlamak\u201d olarak tan\u0131mlad\u0131. Yaln\u0131zl\u0131k ve belirsizlik i\u00e7inde do\u011fru kararlar alman\u0131n zorlu\u011funa dikkat \u00e7eken Ergin, evlilikten bo\u015fanma s\u00fcrecine kadar ya\u015fad\u0131\u011f\u0131 her d\u00f6nemde kendi ayaklar\u0131 \u00fczerinde durarak nas\u0131l g\u00fc\u00e7lendi\u011fini anlatt\u0131. \u201cHayat bir tane ve onun k\u0131ymetini bilmek gerekiyor\u201d diyerek zorbal\u0131klara ve \u00f6n yarg\u0131lara kar\u015f\u0131 verdi\u011fi m\u00fccadelede iyilik ve umut dolu mesaj\u0131n\u0131 kat\u0131l\u0131mc\u0131larla payla\u015ft\u0131. Erken ya\u015fta anne olman\u0131n getirdi\u011fi sorumluluklarla m\u00fccadele ederken ayn\u0131 zamanda kariyerinde emin ad\u0131mlarla ilerleyen Ergin, cesareti ve kararl\u0131l\u0131\u011f\u0131yla kad\u0131nlar\u0131n i\u015f hayat\u0131ndaki yerini ve g\u00fcc\u00fcn\u00fc bir kez daha hat\u0131rlatt\u0131.<\/p>\n<h2><strong>Komedyen Yasemin Sakall\u0131o\u011flu: \u201cBelki de biz kad\u0131nlar g\u00fc\u00e7l\u00fc olmay\u0131, ileride di\u011fer kad\u0131nlar\u0131n g\u00fc\u00e7l\u00fc olmas\u0131 i\u00e7in istiyoruzdur\u201d<\/strong><\/h2>\n<p>Komedyen ve senarist Yasemin Sakall\u0131o\u011flu ise, esprili ve samimi \u00fcslubuyla zirvede b\u00fcy\u00fck ilgi g\u00f6rd\u00fc. Ailesindeki zorluklardan beslenerek mizah\u0131n\u0131 in\u015fa etti\u011fini anlatan Sakall\u0131o\u011flu, \u201cS\u00fcrd\u00fcr\u00fclebilir sanat var, ben de s\u00fcrd\u00fcr\u00fclebilir mizah yap\u0131yorum.\u201d diyerek salonu kahkahaya bo\u011fdu. G\u00fc\u00e7l\u00fc kad\u0131n olman\u0131n bazen bir mecburiyet oldu\u011funu dile getiren Sakall\u0131o\u011flu, ba\u015far\u0131lar\u0131yla hat\u0131rlan\u0131p hat\u0131rlanmayaca\u011f\u0131na dair kayg\u0131lar\u0131n\u0131 samimi bir dille payla\u015f\u0131rken, \u201cBelki de biz kad\u0131nlar g\u00fc\u00e7l\u00fc olmay\u0131, ileride di\u011fer kad\u0131nlar\u0131n g\u00fc\u00e7l\u00fc olmas\u0131 i\u00e7in istiyoruzdur.\u201d diyerek anlaml\u0131 bir mesaj verdi. \u0130lk T\u00fcrk kad\u0131n stand-up komedyeni olarak Harbiye ve \u00dclker Arena\u2019da k\u0131rd\u0131\u011f\u0131 rekorlarla kad\u0131nlar\u0131n mizah alan\u0131nda daha fazla yer almas\u0131 gerekti\u011fini vurgulayan Sakall\u0131o\u011flu, mizah yoluyla toplumsal ele\u015ftirilerini ve kad\u0131nlar\u0131n g\u00fc\u00e7lenme m\u00fccadelesini etkileyici bir \u015fekilde aktard\u0131.<\/p>\n<p>Hayata dair g\u00f6zlemlerini mizahi bir dille payla\u015fan Sakall\u0131o\u011flu, \u201cBen bu hayatta \u00e7ok do\u011furaca\u011f\u0131m ama sadece \u00e7ocuk de\u011fil; projeler, fikirler ve umutlar do\u011furaca\u011f\u0131m.\u201d s\u00f6zleriyle kad\u0131nlar\u0131n \u00fcretken g\u00fcc\u00fcne dikkat \u00e7ekti.<\/p>\n<h2><strong>Sosyal Giri\u015fimci ve \u015eef Ebru Baybara Demir: \u201cKad\u0131nlara f\u0131rsat verildi\u011finde ba\u015faramayaca\u011f\u0131m\u0131z hi\u00e7bir \u015fey yok\u201d<\/strong><\/h2>\n<p>Sosyal giri\u015fimci ve \u015fef Ebru Baybara Demir, Mardin\u2019de 21 kad\u0131nla kurdu\u011fu turizm i\u015fletmesinden Harran Gastronomi Okulu projesine kadar pek \u00e7ok ba\u015far\u0131l\u0131 giri\u015fimi anlatt\u0131\u011f\u0131 konu\u015fmas\u0131nda, kad\u0131nlar\u0131n ekonomiye kat\u0131l\u0131m\u0131n\u0131n ve sosyal giri\u015fimcili\u011fin \u00f6nemine dikkat \u00e7ekti. \u201cKad\u0131nlara f\u0131rsat verildi\u011finde ba\u015faramayaca\u011f\u0131m\u0131z hi\u00e7bir \u015fey yok\u201d diyerek kad\u0131nlara cesaret ve umut a\u015f\u0131layan Demir, toplumun her kesiminde kad\u0131nlar\u0131n daha g\u00fc\u00e7l\u00fc bir \u015fekilde yer almas\u0131 gerekti\u011fini vurgulad\u0131. Deprem b\u00f6lgelerinde kurdu\u011fu g\u00f6n\u00fcl mutfaklar\u0131 ve istihdam projeleriyle toplumsal dayan\u0131\u015fman\u0131n \u00f6nemini anlatan Demir, kad\u0131nlar\u0131n sosyal ve ekonomik hayatta daha fazla yer almas\u0131n\u0131n T\u00fcrkiye\u2019nin gelece\u011fi i\u00e7in kritik oldu\u011funu belirtti. Atat\u00fcrk\u2019\u00fcn \u0130zmir \u0130ktisat Kongresi\u2019nde vurgulad\u0131\u011f\u0131 toprak ve insan g\u00fcc\u00fc ili\u015fkisine at\u0131fta bulunarak, kad\u0131nlar\u0131n \u00fcretim ve e\u011fitimdeki rol\u00fcn\u00fcn \u00fclke kalk\u0131nmas\u0131ndaki \u00f6nemini anlatt\u0131.<\/p>\n<p>\u201cHi\u00e7bir mesle\u011fin cinsiyeti yoktur\u201d diyerek kad\u0131nlar\u0131n sosyal giri\u015fimcilikteki etkisini bir kez daha g\u00f6zler \u00f6n\u00fcne seren Demir, kad\u0131nlar\u0131n liderlik etti\u011fi projelerin sosyal faydaya nas\u0131l d\u00f6n\u00fc\u015ft\u00fc\u011f\u00fcn\u00fc \u00e7arp\u0131c\u0131 \u00f6rneklerle aktard\u0131.<\/p>\n<h2><strong>Sanat\u00e7\u0131 Deniz Sa\u011fd\u0131\u00e7: \u201cSiz sanata gelemiyorsan\u0131z, ben size sanat\u0131 ula\u015ft\u0131raca\u011f\u0131m.\u201d<\/strong><\/h2>\n<p>Sanat\u00e7\u0131 Deniz Sa\u011fd\u0131\u00e7, ileri d\u00f6n\u00fc\u015f\u00fcm ve s\u00fcrd\u00fcr\u00fclebilir sanat anlay\u0131\u015f\u0131yla dikkat \u00e7eken konu\u015fmas\u0131nda, sanat\u0131n sadece galerilerde de\u011fil, ya\u015fam\u0131n her alan\u0131nda olmas\u0131 gerekti\u011fini g\u00fc\u00e7l\u00fc bir dille vurgulad\u0131. \u201cSiz sanata gelemiyorsan\u0131z, ben size sanat\u0131 ula\u015ft\u0131raca\u011f\u0131m.\u201d mottosuyla geli\u015ftirdi\u011fi projelerde, at\u0131k materyalleri kullanarak sanat eserlerine d\u00f6n\u00fc\u015ft\u00fcrmenin \u00f6nemine dikkat \u00e7ekti.<\/p>\n<p>Say\u0131n Emine Erdo\u011fan&#8217;\u0131n S\u0131f\u0131r At\u0131k Projesi ile yollar\u0131n\u0131n kesi\u015fti\u011fini belirten Sa\u011fd\u0131\u00e7, Birle\u015fmi\u015f Milletler\u2019de ger\u00e7ekle\u015ftirdi\u011fi projeler ve d\u00fcnya genelinde a\u00e7t\u0131\u011f\u0131 sergilerle s\u00fcrd\u00fcr\u00fclebilir sanat\u0131 bir ak\u0131m haline getirmeyi hedefledi\u011fini dile getirdi. Anadolu&#8217;nun zengin k\u00fclt\u00fcr\u00fcnden ilham alarak mozaik, \u00e7ini ve yorganlama gibi geleneksel teknikleri modern sanatla bulu\u015fturan Sa\u011fd\u0131\u00e7, s\u0131f\u0131r at\u0131k anlay\u0131\u015f\u0131yla sanat\u0131n \u00e7evresel sorunlara \u00e7\u00f6z\u00fcm sunabilece\u011fini belirtti. \u201cR\u00f6nesans nas\u0131l sanat tarihine ge\u00e7tiyse, s\u00fcrd\u00fcr\u00fclebilir sanat da ge\u00e7ecek.\u201d diyerek kararl\u0131l\u0131\u011f\u0131n\u0131 ifade eden Sa\u011fd\u0131\u00e7, sanat\u0131n toplum \u00fczerindeki d\u00f6n\u00fc\u015ft\u00fcr\u00fcc\u00fc g\u00fcc\u00fcne olan inanc\u0131n\u0131 bir kez daha g\u00f6zler \u00f6n\u00fcne serdi.<\/p>\n<h2><strong>Esra Odaba\u015f\u0131: \u201cHayattaki en b\u00fcy\u00fck \u015fans\u0131m, ailem diyebilirim. \u00c7\u00fcnk\u00fc beni engelli bir \u00e7ocuk olarak b\u00fcy\u00fctmediler\u201d<\/strong><\/h2>\n<p>ES Kariyer Y\u00f6netim Kurulu Ba\u015fkan\u0131 Able4All Kurucusu Esra Odaba\u015f\u0131, do\u011fum hatas\u0131 nedeniyle sol omzunda olu\u015fan k\u0131smi felce ra\u011fmen ailesinin deste\u011fiyle y\u0131lmazl\u0131k ruhunu kazand\u0131\u011f\u0131n\u0131 belirtti. \u201cBeni engelli bir \u00e7ocuk olarak b\u00fcy\u00fctmediler.\u201d s\u00f6zleriyle, ailesinin kendisine katt\u0131\u011f\u0131 \u00f6zg\u00fcveni dile getirdi. Engelli bireylerin istihdam\u0131 konusunda fark\u0131ndal\u0131k yaratmay\u0131 hedefleyen Odaba\u015f\u0131, kurucusu oldu\u011fu Eskariyer Engelli \u0130stihdam Dan\u0131\u015fmanl\u0131\u011f\u0131 ile Microsoft ve Google gibi \u015firketlerle yapt\u0131\u011f\u0131 projeleri anlatt\u0131. \u201cAmac\u0131m\u0131z sadece y\u00fczde \u00fc\u00e7 engelli \u00e7al\u0131\u015ft\u0131rma zorunlulu\u011funu doldurmak de\u011fil; kapsay\u0131c\u0131 bir k\u00fclt\u00fcr yaratmak.\u201d diyerek toplumsal \u00e7e\u015fitlili\u011fin \u00f6nemini vurgulad\u0131. \u201cBiz istedi\u011fimiz yerde olabiliriz.\u201d diyerek herkesin kendi potansiyelini ger\u00e7ekle\u015ftirebilece\u011fini ifade eden Odaba\u015f\u0131, toplumsal \u00f6n yarg\u0131lar\u0131n k\u0131r\u0131lmas\u0131 gerekti\u011fine dikkat \u00e7ekti.<\/p>\n<h2><strong>Zirve Ney Performans\u0131 ve \u0130ftar Yeme\u011fi ile Sona Erdi<\/strong><\/h2>\n<p>G\u00fcn boyunca devam eden paneller ve konu\u015fmalardan sonra zirve, ney performans\u0131 e\u015fli\u011finde ger\u00e7ekle\u015ftirilen iftar yeme\u011fi ile son buldu. Kat\u0131l\u0131mc\u0131lar, zirvenin kad\u0131n g\u00fcc\u00fcn\u00fc vurgulayan vizyonundan ve sunulan perspektiflerden olduk\u00e7a etkilendiklerini bildirdi.<\/p>\n<p>&nbsp;<\/p>\n<p><strong>Zirve Online Olarak Yay\u0131nland\u0131<\/strong><br \/>\nG\u00fccl\u00fc T\u00fcrkiye\u2019nin G\u00fccl\u00fc Kad\u0131nlar\u0131 Zirvesi, Sabah TV ve&nbsp;<strong>https:\/\/gucluturkiyeninguclukadinlari.com<\/strong>&nbsp;adresi \u00fczerinden de online olarak yay\u0131nland\u0131 ve binlerce ki\u015fi taraf\u0131ndan izlendi.<\/p>\n<p>&nbsp;<\/p>\n<p><strong><em>G\u00fc\u00e7l\u00fc T\u00fcrkiye\u2019nin G\u00fc\u00e7l\u00fc Kad\u0131nlar\u0131 Zirvesi\u2019<\/em><\/strong><strong><em>ne G<\/em><\/strong><strong><em>\u00fc\u00e7l\u00fc&nbsp;<\/em><\/strong><strong><em>Sponsor Deste<\/em><\/strong><strong><em>\u011fi<\/em><\/strong><\/p>\n<p><em>Zirve\u2019nin ana sponsorlu\u011funu&nbsp;<\/em><em>Borsa&nbsp;<\/em><em>\u0130<\/em><em>stanbul,&nbsp;<\/em><em>Halkbank<\/em><em>, Koza Alt\u0131n \u0130\u015fletmeleri,&nbsp;<\/em><em>T<\/em><em>\u00fcrk Telekom ve Vak\u0131fbank,&nbsp;<\/em><em>co-sponsorlu<\/em><em>\u011funu Cengiz Holding ve THY, destek sponsorlu\u011funu ise Kuzu Grup, Limak, Ekmas Group ve Papara \u00fcstlendi.<\/em><\/p>\n","protected":false},"excerpt":{"rendered":"<p>G\u00fc\u00e7l\u00fc Kad\u0131nlar, G\u00fc\u00e7l\u00fc T\u00fcrkiye i\u00e7in Bulu\u015ftu! Turkuvaz Medya taraf\u0131ndan d\u00fczenlenen&nbsp;\u201cG\u00fc\u00e7l\u00fc T\u00fcrkiye\u2019nin G\u00fc\u00e7l\u00fc Kad\u0131nlar\u0131 Zirvesi\u201d Turkuvaz Medya Merkezi \u0130stanbul\u2019da, T\u00fcrkiye\u2019nin g\u00fc\u00e7l\u00fc kad\u0131nlar\u0131n\u0131 ilham veren hikayeleri ve vizyonlar\u0131yla bir kez daha bir araya getirdi! \u0130\u015f, siyaset, akademi, teknoloji, sanat ve spor d\u00fcnyas\u0131n\u0131n \u00f6nde gelen isimleri, kad\u0131nlar\u0131n ekonomik ve toplumsal ya\u015famdaki g\u00fcc\u00fcn\u00fc vurgulad\u0131. Turkuvaz Medya taraf\u0131ndan geleneksel olarak [&hellip;]<\/p>\n","protected":false},"author":1,"featured_media":49389,"comment_status":"open","ping_status":"open","sticky":false,"template":"","format":"standard","meta":{"ngg_post_thumbnail":0},"categories":[26],"tags":[],"_links":{"self":[{"href":"https:\/\/emlaktuel.com\/index.php?rest_route=\/wp\/v2\/posts\/49388"}],"collection":[{"href":"https:\/\/emlaktuel.com\/index.php?rest_route=\/wp\/v2\/posts"}],"about":[{"href":"https:\/\/emlaktuel.com\/index.php?rest_route=\/wp\/v2\/types\/post"}],"author":[{"embeddable":true,"href":"https:\/\/emlaktuel.com\/index.php?rest_route=\/wp\/v2\/users\/1"}],"replies":[{"embeddable":true,"href":"https:\/\/emlaktuel.com\/index.php?rest_route=%2Fwp%2Fv2%2Fcomments&post=49388"}],"version-history":[{"count":1,"href":"https:\/\/emlaktuel.com\/index.php?rest_route=\/wp\/v2\/posts\/49388\/revisions"}],"predecessor-version":[{"id":49390,"href":"https:\/\/emlaktuel.com\/index.php?rest_route=\/wp\/v2\/posts\/49388\/revisions\/49390"}],"wp:featuredmedia":[{"embeddable":true,"href":"https:\/\/emlaktuel.com\/index.php?rest_route=\/wp\/v2\/media\/49389"}],"wp:attachment":[{"href":"https:\/\/emlaktuel.com\/index.php?rest_route=%2Fwp%2Fv2%2Fmedia&parent=49388"}],"wp:term":[{"taxonomy":"category","embeddable":true,"href":"https:\/\/emlaktuel.com\/index.php?rest_route=%2Fwp%2Fv2%2Fcategories&post=49388"},{"taxonomy":"post_tag","embeddable":true,"href":"https:\/\/emlaktuel.com\/index.php?rest_route=%2Fwp%2Fv2%2Ftags&post=49388"}],"curies":[{"name":"wp","href":"https:\/\/api.w.org\/{rel}","templated":true}]}}