{"id":4936,"date":"2016-08-26T19:13:29","date_gmt":"2016-08-26T16:13:29","guid":{"rendered":"http:\/\/emlaktuel.com\/?p=4936"},"modified":"2018-07-05T14:41:29","modified_gmt":"2018-07-05T11:41:29","slug":"acilis-oncesi-yavuz-sultan-selim-koprusuden-guzel-kareler","status":"publish","type":"post","link":"https:\/\/emlaktuel.com\/?p=4936","title":{"rendered":"A\u00e7\u0131l\u0131\u015f \u00f6ncesi Yavuz Sultan Selim K\u00f6pr\u00fcs\u00fc&#8217;den g\u00fczel kareler"},"content":{"rendered":"<p>Yap\u0131m\u0131na 29 May\u0131s 2013 y\u0131l\u0131nda ba\u015flanan otoyollar\u0131yla birlikte 3 milyar dolar maliyetli Yavuz Sultan Selim K\u00f6pr\u00fcs\u00fc, bug\u00fcn a\u00e7\u0131l\u0131d\u0131.<\/p>\n<ul>\n<li data-order=\"1\">\n<figure><figcaption><\/figcaption><figcaption>A\u00e7\u0131l\u0131\u015f \u00f6ncesi k\u00f6pr\u00fcdeki t\u00fcm haz\u0131rl\u0131klar tamamland\u0131. A\u00e7\u0131l\u0131\u015fa Cumhurba\u015fkan\u0131 Recep Tayyip Erdo\u011fan, Ba\u015fbakan Binali Y\u0131ld\u0131r\u0131m ve \u00e7ok say\u0131da yabanc\u0131 konuk kat\u0131ld\u0131.<\/p>\n<\/figcaption><\/figure>\n<div class=\"advert\"><\/div>\n<figure><figcaption>Temeli 29 May\u0131s 2013&#8217;te at\u0131lan ve 3 milyar dolara mal olan k\u00f6pr\u00fc, 59 metre geni\u015fli\u011fi ile d\u00fcnyan\u0131n en geni\u015f k\u00f6pr\u00fcs\u00fc Yavuz Sultan Selim K\u00f6pr\u00fcs\u00fc a\u00e7\u0131l\u0131\u015f \u00f6ncesi g\u00f6r\u00fcnt\u00fclendi, \u0130\u015fte g\u00fczel kareler:<\/p>\n<p><img loading=\"lazy\" class=\"alignnone  wp-image-4937\" src=\"http:\/\/emlaktuel.com\/wp-content\/uploads\/2016\/08\/yavuz-sultan-selim-300x200.jpg\" alt=\"yavuz sultan selim\" width=\"627\" height=\"343\" \/><\/p>\n<p><img loading=\"lazy\" class=\" wp-image-4938\" src=\"http:\/\/emlaktuel.com\/wp-content\/uploads\/2016\/08\/yavuz-sultan-selim1-300x153.jpg\" alt=\"26 A\u011fustos'ta a\u00e7\u0131l\u0131\u015f\u0131 yap\u0131lacak Yavuz Sultan Selim K\u00f6pr\u00fcs\u00fc'nde son haz\u0131rl\u0131klar yap\u0131l\u0131yor. Anadolu Ajans\u0131 (AA) Edit\u00f6r Masas\u0131'na konuk olan Ula\u015ft\u0131rma, Denizcilik ve Haberle\u015fme Bakan\u0131 Arslan, Yavuz Sultan Selim K\u00f6pr\u00fcs\u00fc'nden ge\u00e7i\u015f \u00fccretlerinin KDV dahil otomobiller i\u00e7in 9,9 lira, ara\u00e7lar b\u00fcy\u00fcd\u00fck\u00e7e aks\u0131na ba\u011fl\u0131 olarak de\u011fi\u015fecek \u00fccretin kamyonlar i\u00e7in 21,29 lira olaca\u011f\u0131n\u0131 belirtmi\u015fti. ( Lokman Akkaya - Anadolu Ajans\u0131 )\" width=\"626\" height=\"300\" \/><\/p>\n<p>&nbsp;<\/p>\n<p><img loading=\"lazy\" class=\" wp-image-4939\" src=\"http:\/\/emlaktuel.com\/wp-content\/uploads\/2016\/08\/yavuz-sultan-selim2-300x148.jpg\" alt=\"26 A\u011fustos'ta a\u00e7\u0131l\u0131\u015f\u0131 yap\u0131lacak Yavuz Sultan Selim K\u00f6pr\u00fcs\u00fc'nde son haz\u0131rl\u0131klar yap\u0131l\u0131yor. Anadolu Ajans\u0131 (AA) Edit\u00f6r Masas\u0131'na konuk olan Ula\u015ft\u0131rma, Denizcilik ve Haberle\u015fme Bakan\u0131 Arslan, Yavuz Sultan Selim K\u00f6pr\u00fcs\u00fc'nden ge\u00e7i\u015f \u00fccretlerinin KDV dahil otomobiller i\u00e7in 9,9 lira, ara\u00e7lar b\u00fcy\u00fcd\u00fck\u00e7e aks\u0131na ba\u011fl\u0131 olarak de\u011fi\u015fecek \u00fccretin kamyonlar i\u00e7in 21,29 lira olaca\u011f\u0131n\u0131 belirtmi\u015fti. ( Lokman Akkaya - Anadolu Ajans\u0131 )\" width=\"616\" height=\"321\" \/><\/p>\n<p>&nbsp;<\/p>\n<p><img loading=\"lazy\" class=\"alignnone  wp-image-4940\" src=\"http:\/\/emlaktuel.com\/wp-content\/uploads\/2016\/08\/yavuz-sultan-selim3-300x171.jpg\" alt=\"yavuz sultan selim3\" width=\"613\" height=\"305\" \/><\/p>\n<figure id=\"attachment_4941\" aria-describedby=\"caption-attachment-4941\" style=\"width: 610px\" class=\"wp-caption alignnone\"><img loading=\"lazy\" class=\" wp-image-4941\" src=\"http:\/\/emlaktuel.com\/wp-content\/uploads\/2016\/08\/yavuz-sultan-selim4-300x160.jpg\" alt=\"???????\" width=\"610\" height=\"292\" \/><figcaption id=\"caption-attachment-4941\" class=\"wp-caption-text\">???????<\/figcaption><\/figure>\n<p><img loading=\"lazy\" class=\" wp-image-4942\" src=\"http:\/\/emlaktuel.com\/wp-content\/uploads\/2016\/08\/yavuz-sultan-selim6-300x200.jpg\" alt=\"26 A\u011fustos'ta a\u00e7\u0131l\u0131\u015f\u0131 yap\u0131lacak Yavuz Sultan Selim K\u00f6pr\u00fcs\u00fc'nde son kontrol ve haz\u0131rl\u0131klar yap\u0131l\u0131yor. ( \u0130sa Terli - Anadolu Ajans\u0131 )\" width=\"607\" height=\"318\" \/><\/p>\n<p><img loading=\"lazy\" class=\" wp-image-4943\" src=\"http:\/\/emlaktuel.com\/wp-content\/uploads\/2016\/08\/yavuz-sultan-selim7-200x300.jpg\" alt=\"26 A\u011fustos'ta a\u00e7\u0131l\u0131\u015f\u0131 yap\u0131lacak Yavuz Sultan Selim K\u00f6pr\u00fcs\u00fc'nde son kontrol ve haz\u0131rl\u0131klar yap\u0131l\u0131yor. ( \u0130sa Terli - Anadolu Ajans\u0131 )\" width=\"585\" height=\"470\" \/><\/p>\n<p><img loading=\"lazy\" class=\" wp-image-4944\" src=\"http:\/\/emlaktuel.com\/wp-content\/uploads\/2016\/08\/yavuz-sultan-selim8-300x200.jpg\" alt=\"26 A\u011fustos'ta a\u00e7\u0131l\u0131\u015f\u0131 yap\u0131lacak Yavuz Sultan Selim K\u00f6pr\u00fcs\u00fc'nde son kontrol ve haz\u0131rl\u0131klar yap\u0131l\u0131yor. ( \u0130sa Terli - Anadolu Ajans\u0131 )\" width=\"584\" height=\"321\" \/><\/p>\n<p><img loading=\"lazy\" class=\" wp-image-4945\" src=\"http:\/\/emlaktuel.com\/wp-content\/uploads\/2016\/08\/yavuz-sultan-selim9-300x197.jpg\" alt=\"26 A\u011fustos'ta a\u00e7\u0131l\u0131\u015f\u0131 yap\u0131lacak Yavuz Sultan Selim K\u00f6pr\u00fcs\u00fc'nde son kontrol ve haz\u0131rl\u0131klar yap\u0131l\u0131yor. ( \u0130sa Terli - Anadolu Ajans\u0131 )\" width=\"577\" height=\"387\" \/><\/p>\n<p><img loading=\"lazy\" class=\" wp-image-4946\" src=\"http:\/\/emlaktuel.com\/wp-content\/uploads\/2016\/08\/yavuz-sultan-selim10-300x200.jpg\" alt=\"26 A\u011fustos'ta a\u00e7\u0131l\u0131\u015f\u0131 yap\u0131lacak Yavuz Sultan Selim K\u00f6pr\u00fcs\u00fc'nde son kontrol ve haz\u0131rl\u0131klar yap\u0131l\u0131yor. ( \u0130sa Terli - Anadolu Ajans\u0131 )\" width=\"590\" height=\"378\" \/><\/p>\n<p><img loading=\"lazy\" class=\"alignnone  wp-image-4947\" src=\"http:\/\/emlaktuel.com\/wp-content\/uploads\/2016\/08\/yavuz-sultan-selim11-300x200.jpg\" alt=\"yavuz sultan selim11\" width=\"581\" height=\"387\" \/><\/p>\n<p><img loading=\"lazy\" class=\" wp-image-4948\" src=\"http:\/\/emlaktuel.com\/wp-content\/uploads\/2016\/08\/yavuz-sultan-selim12-300x200.jpg\" alt=\"26 A\u011fustos'ta a\u00e7\u0131l\u0131\u015f\u0131 yap\u0131lacak Yavuz Sultan Selim K\u00f6pr\u00fcs\u00fc'nde son kontrol ve haz\u0131rl\u0131klar yap\u0131l\u0131yor. ( \u0130sa Terli - Anadolu Ajans\u0131 )\" width=\"575\" height=\"383\" \/><\/p>\n<p>&nbsp;<\/p>\n<p><img loading=\"lazy\" class=\" wp-image-4949\" src=\"http:\/\/emlaktuel.com\/wp-content\/uploads\/2016\/08\/yavuz-sultan-selim13-300x200.jpg\" alt=\"26 A\u011fustos'ta a\u00e7\u0131l\u0131\u015f\u0131 yap\u0131lacak Yavuz Sultan Selim K\u00f6pr\u00fcs\u00fc'nde son kontrol ve haz\u0131rl\u0131klar yap\u0131l\u0131yor. ( \u0130sa Terli - Anadolu Ajans\u0131 )\" width=\"573\" height=\"382\" \/><\/p>\n<p>&nbsp;<\/p>\n<p><img loading=\"lazy\" class=\" wp-image-4950\" src=\"http:\/\/emlaktuel.com\/wp-content\/uploads\/2016\/08\/yavuz-sultan-selim14-300x211.jpg\" alt=\"26 A\u011fustos'ta a\u00e7\u0131l\u0131\u015f\u0131 yap\u0131lacak Yavuz Sultan Selim K\u00f6pr\u00fcs\u00fc'nde son kontrol ve haz\u0131rl\u0131klar yap\u0131l\u0131yor. ( \u0130sa Terli - Anadolu Ajans\u0131 )\" width=\"574\" height=\"404\" \/><\/p>\n<p><img loading=\"lazy\" class=\"alignnone  wp-image-4951\" src=\"http:\/\/emlaktuel.com\/wp-content\/uploads\/2016\/08\/yavuz-sultan-selim15-300x200.jpg\" alt=\"yavuz sultan selim15\" width=\"570\" height=\"380\" \/><\/p>\n<p>&nbsp;<\/p>\n<p><img loading=\"lazy\" class=\"alignnone  wp-image-4953\" src=\"http:\/\/emlaktuel.com\/wp-content\/uploads\/2016\/08\/yavuz-sultan-selim17-300x200.jpg\" alt=\"yavuz sultan selim17\" width=\"558\" height=\"303\" \/><\/p>\n<p><img loading=\"lazy\" class=\"alignnone  wp-image-4955\" src=\"http:\/\/emlaktuel.com\/wp-content\/uploads\/2016\/08\/yavuz-sultan-selim19-300x200.jpg\" alt=\"yavuz sultan selim19\" width=\"561\" height=\"372\" \/><\/p>\n<p><img loading=\"lazy\" class=\"alignnone  wp-image-4956\" src=\"http:\/\/emlaktuel.com\/wp-content\/uploads\/2016\/08\/yavuz-sultan-selim20-300x200.jpg\" alt=\"yavuz sultan selim20\" width=\"567\" height=\"401\" \/><\/p>\n<p><img loading=\"lazy\" class=\"alignnone  wp-image-4957\" src=\"http:\/\/emlaktuel.com\/wp-content\/uploads\/2016\/08\/yavuz-sultan-selim21-300x200.jpg\" alt=\"yavuz sultan selim21\" width=\"562\" height=\"440\" \/><\/p>\n<p><img loading=\"lazy\" class=\"alignnone  wp-image-4958\" src=\"http:\/\/emlaktuel.com\/wp-content\/uploads\/2016\/08\/yavuz-sultan-selim22-300x200.jpg\" alt=\"yavuz sultan selim22\" width=\"571\" height=\"365\" \/><\/p>\n<p><img loading=\"lazy\" class=\"alignnone  wp-image-4959\" src=\"http:\/\/emlaktuel.com\/wp-content\/uploads\/2016\/08\/yavuz-sultan-selim23-300x200.jpg\" alt=\"yavuz sultan selim23\" width=\"563\" height=\"429\" \/><\/p>\n<p><img loading=\"lazy\" class=\"alignnone  wp-image-4960\" src=\"http:\/\/emlaktuel.com\/wp-content\/uploads\/2016\/08\/yavuz-sultan-selim24-200x300.jpg\" alt=\"yavuz sultan selim24\" width=\"567\" height=\"474\" \/><\/p>\n<p><img loading=\"lazy\" class=\"alignnone  wp-image-4961\" src=\"http:\/\/emlaktuel.com\/wp-content\/uploads\/2016\/08\/yavuz-sultan-selim25-300x200.jpg\" alt=\"yavuz sultan selim25\" width=\"566\" height=\"313\" \/><\/p>\n<p><img loading=\"lazy\" class=\"alignnone  wp-image-4962\" src=\"http:\/\/emlaktuel.com\/wp-content\/uploads\/2016\/08\/yavuz-sultan-selim26-300x200.jpg\" alt=\"yavuz sultan selim26\" width=\"571\" height=\"388\" \/><\/p>\n<p><img loading=\"lazy\" class=\"alignnone  wp-image-4963\" src=\"http:\/\/emlaktuel.com\/wp-content\/uploads\/2016\/08\/yavuz-sultan-selim27-300x200.jpg\" alt=\"yavuz sultan selim27\" width=\"570\" height=\"345\" \/><\/p>\n<p><img loading=\"lazy\" class=\"alignnone  wp-image-4966\" src=\"http:\/\/emlaktuel.com\/wp-content\/uploads\/2016\/08\/yavuz-sultan-selim30-300x201.jpg\" alt=\"yavuz sultan selim30\" width=\"561\" height=\"383\" \/><\/p>\n<p><img loading=\"lazy\" class=\" wp-image-4967\" src=\"http:\/\/emlaktuel.com\/wp-content\/uploads\/2016\/08\/yavuz-sultan-selim31-300x235.jpg\" alt=\"ISTANBUL BOGAZI'NDA YUKSELEN DUNYANIN EN YUKSEK KULESINE SAHIP YAVUZ SULTAN SELIM KOPRUSU, 26 AGUSTOS TARIHINDE ACILACAK. ISTANBUL'UN UCUNCU KOPRUSUNDE CALISMALAR 700'U MUHENDIS TOPLAM 6 BIN 500 PERSONELLE 24 SAAT ESASINA GORE YAPILIRKEN, 322 METRELIK YUKSEKLIGIYLE DUNYANIN EN YUKSEK KULESINE SAHIP ASMA KOPRUNUN LED ISIKLANDIRMA ISLERINDE 3'U ANTALYALI 11 ENDUSTRIYEL DAGCI CALISIYOR.(FOTO:ANTALYA-DHA)\" width=\"571\" height=\"393\" \/><\/p>\n<p><img loading=\"lazy\" class=\" wp-image-4968\" src=\"http:\/\/emlaktuel.com\/wp-content\/uploads\/2016\/08\/yavuz-sultan-selim32-225x300.jpg\" alt=\"ISTANBUL BOGAZI'NDA YUKSELEN DUNYANIN EN YUKSEK KULESINE SAHIP YAVUZ SULTAN SELIM KOPRUSU, 26 AGUSTOS TARIHINDE ACILACAK. ISTANBUL'UN UCUNCU KOPRUSUNDE CALISMALAR 700'U MUHENDIS TOPLAM 6 BIN 500 PERSONELLE 24 SAAT ESASINA GORE YAPILIRKEN, 322 METRELIK YUKSEKLIGIYLE DUNYANIN EN YUKSEK KULESINE SAHIP ASMA KOPRUNUN LED ISIKLANDIRMA ISLERINDE 3'U ANTALYALI 11 ENDUSTRIYEL DAGCI CALISIYOR.(FOTO:ANTALYA-DHA)\" width=\"574\" height=\"563\" \/><\/p>\n<p><img loading=\"lazy\" class=\" wp-image-4969\" src=\"http:\/\/emlaktuel.com\/wp-content\/uploads\/2016\/08\/yavuz-sultan-selim33-300x300.jpg\" alt=\"ISTANBUL BOGAZI'NDA YUKSELEN DUNYANIN EN YUKSEK KULESINE SAHIP YAVUZ SULTAN SELIM KOPRUSU, 26 AGUSTOS TARIHINDE ACILACAK. ISTANBUL'UN UCUNCU KOPRUSUNDE CALISMALAR 700'U MUHENDIS TOPLAM 6 BIN 500 PERSONELLE 24 SAAT ESASINA GORE YAPILIRKEN, 322 METRELIK YUKSEKLIGIYLE DUNYANIN EN YUKSEK KULESINE SAHIP ASMA KOPRUNUN LED ISIKLANDIRMA ISLERINDE 3'U ANTALYALI 11 ENDUSTRIYEL DAGCI CALISIYOR. (HEVAL KAL) (FOTO:ANTALYA-DHA)\" width=\"568\" height=\"408\" \/><\/p>\n<p><img loading=\"lazy\" class=\"alignnone  wp-image-4971\" src=\"http:\/\/emlaktuel.com\/wp-content\/uploads\/2016\/08\/yavuz-sultan-selim35-300x200.jpg\" alt=\"yavuz sultan selim35\" width=\"556\" height=\"366\" \/><\/p>\n<p><img loading=\"lazy\" class=\"alignnone  wp-image-4972\" src=\"http:\/\/emlaktuel.com\/wp-content\/uploads\/2016\/08\/yavuz-sultan-selim36-300x205.jpg\" alt=\"yavuz sultan selim36\" width=\"558\" height=\"362\" \/><\/p>\n<p><img loading=\"lazy\" class=\"alignnone  wp-image-4973\" src=\"http:\/\/emlaktuel.com\/wp-content\/uploads\/2016\/08\/yavuz-sultan-selim37-300x201.jpg\" alt=\"yavuz sultan selim37\" width=\"559\" height=\"412\" \/><\/p>\n<p><img loading=\"lazy\" class=\"alignnone  wp-image-4974\" src=\"http:\/\/emlaktuel.com\/wp-content\/uploads\/2016\/08\/yavuz-sultan-selim38-300x207.jpg\" alt=\"yavuz sultan selim38\" width=\"560\" height=\"437\" \/><\/p>\n<p><img loading=\"lazy\" class=\"alignnone  wp-image-4975\" src=\"http:\/\/emlaktuel.com\/wp-content\/uploads\/2016\/08\/yavuz-sultan-selim39-225x300.jpg\" alt=\"yavuz sultan selim39\" width=\"555\" height=\"494\" \/><\/p>\n<p>&nbsp;<\/p>\n<p><img loading=\"lazy\" class=\"alignnone  wp-image-4977\" src=\"http:\/\/emlaktuel.com\/wp-content\/uploads\/2016\/08\/yavuz-sultan-selim41-300x235.jpg\" alt=\"yavuz sultan selim41\" width=\"580\" height=\"474\" \/><\/p>\n<p><img loading=\"lazy\" class=\" wp-image-4978\" src=\"http:\/\/emlaktuel.com\/wp-content\/uploads\/2016\/08\/yavuz-sultan-selim42-189x300.jpg\" alt=\"ISTANBUL BOGAZI'NDA YUKSELEN DUNYANIN EN YUKSEK KULESINE SAHIP YAVUZ SULTAN SELIM KOPRUSU, 26 AGUSTOS TARIHINDE ACILACAK. ISTANBUL'UN UCUNCU KOPRUSUNDE CALISMALAR 700'U MUHENDIS TOPLAM 6 BIN 500 PERSONELLE 24 SAAT ESASINA GORE YAPILIRKEN, 322 METRELIK YUKSEKLIGIYLE DUNYANIN EN YUKSEK KULESINE SAHIP ASMA KOPRUNUN LED ISIKLANDIRMA ISLERINDE 3'U ANTALYALI 11 ENDUSTRIYEL DAGCI CALISIYOR.(FOTO:ANTALYA-DHA)\" width=\"490\" height=\"492\" \/><\/p>\n<p><img loading=\"lazy\" class=\" wp-image-4979\" src=\"http:\/\/emlaktuel.com\/wp-content\/uploads\/2016\/08\/yavuz-sultan-selim43-225x300.jpg\" alt=\"ACILISI 26 AGUSTOS'TA YAPILACAK YAVUZ SULTAN SELIM KOPRUSU'NDE KULELERIN VE ASMA HALATLARIN LED ISIKLANDIRMA ISLERINI 3'U ANTALYALI 11 ENDUSTRIYEL DAGCI YAPIYOR.(FOTO:ANTALYA-DHA)\" width=\"473\" height=\"580\" \/><\/p>\n<p><img loading=\"lazy\" class=\"alignnone  wp-image-4980\" src=\"http:\/\/emlaktuel.com\/wp-content\/uploads\/2016\/08\/yavuz-sultan-selim44-300x200.jpg\" alt=\"yavuz sultan selim44\" width=\"530\" height=\"406\" \/><\/p>\n<p><img loading=\"lazy\" class=\"alignnone  wp-image-4981\" src=\"http:\/\/emlaktuel.com\/wp-content\/uploads\/2016\/08\/yavuz-sultan-selim45-300x200.jpg\" alt=\"yavuz sultan selim45\" width=\"545\" height=\"391\" \/><\/p>\n<p><img loading=\"lazy\" class=\"alignnone  wp-image-4982\" src=\"http:\/\/emlaktuel.com\/wp-content\/uploads\/2016\/08\/yavuz-sultan-selim46-300x200.jpg\" alt=\"yavuz sultan selim46\" width=\"557\" height=\"413\" \/><\/p>\n<figure id=\"attachment_4983\" aria-describedby=\"caption-attachment-4983\" style=\"width: 573px\" class=\"wp-caption alignnone\"><img loading=\"lazy\" class=\" wp-image-4983\" src=\"http:\/\/emlaktuel.com\/wp-content\/uploads\/2016\/08\/yavuz-sultan-selim47-300x171.jpg\" alt=\"???????\" width=\"573\" height=\"364\" \/><figcaption id=\"caption-attachment-4983\" class=\"wp-caption-text\">???????<\/figcaption><\/figure>\n<p><img loading=\"lazy\" class=\"alignnone  wp-image-4984\" src=\"http:\/\/emlaktuel.com\/wp-content\/uploads\/2016\/08\/yavuz-sultan-selim48-225x300.jpg\" alt=\"yavuz sultan selim48\" width=\"540\" height=\"511\" \/><\/p>\n<p><img loading=\"lazy\" class=\"alignnone  wp-image-4985\" src=\"http:\/\/emlaktuel.com\/wp-content\/uploads\/2016\/08\/yavuz-sultan-selim49-300x200.jpg\" alt=\"yavuz sultan selim49\" width=\"564\" height=\"346\" \/><\/p>\n<p><img loading=\"lazy\" class=\"alignnone  wp-image-4986\" src=\"http:\/\/emlaktuel.com\/wp-content\/uploads\/2016\/08\/yavuz-sultan-selim50-300x200.jpg\" alt=\"yavuz sultan selim50\" width=\"566\" height=\"260\" \/><\/p>\n<p><img loading=\"lazy\" class=\"alignnone  wp-image-4987\" src=\"http:\/\/emlaktuel.com\/wp-content\/uploads\/2016\/08\/yavuz-sultan-selim51-300x200.jpg\" alt=\"yavuz sultan selim51\" width=\"563\" height=\"258\" \/><\/p>\n<p><img loading=\"lazy\" class=\"alignnone  wp-image-4988\" src=\"http:\/\/emlaktuel.com\/wp-content\/uploads\/2016\/08\/yavuz-sultan-selim52-300x200.jpg\" alt=\"yavuz sultan selim52\" width=\"578\" height=\"254\" \/><\/p>\n<p><img loading=\"lazy\" class=\"alignnone  wp-image-4989\" src=\"http:\/\/emlaktuel.com\/wp-content\/uploads\/2016\/08\/yavuz-sultan-selim53-300x200.jpg\" alt=\"yavuz sultan selim53\" width=\"568\" height=\"335\" \/><\/p>\n<p><img loading=\"lazy\" class=\"alignnone  wp-image-4990\" src=\"http:\/\/emlaktuel.com\/wp-content\/uploads\/2016\/08\/yavuz-sultan-selim54-300x200.jpg\" alt=\"yavuz sultan selim54\" width=\"568\" height=\"371\" \/><\/p>\n<p><img loading=\"lazy\" class=\"alignnone  wp-image-4991\" src=\"http:\/\/emlaktuel.com\/wp-content\/uploads\/2016\/08\/yavuz-sultan-selim55-300x200.jpg\" alt=\"yavuz sultan selim55\" width=\"534\" height=\"332\" \/><\/p>\n<p>&nbsp;<\/p>\n<p><img loading=\"lazy\" class=\"alignnone  wp-image-4992\" src=\"http:\/\/emlaktuel.com\/wp-content\/uploads\/2016\/08\/yavuz-sultan-selim55-1-300x200.jpg\" alt=\"yavuz sultan selim55\" width=\"526\" height=\"372\" \/><\/p>\n<figure id=\"attachment_4993\" aria-describedby=\"caption-attachment-4993\" style=\"width: 594px\" class=\"wp-caption alignnone\"><img loading=\"lazy\" class=\" wp-image-4993\" src=\"http:\/\/emlaktuel.com\/wp-content\/uploads\/2016\/08\/yavuz-sultan-selim56-300x171.jpg\" alt=\"???????\" width=\"594\" height=\"382\" \/><figcaption id=\"caption-attachment-4993\" class=\"wp-caption-text\">???????<\/figcaption><\/figure>\n<p><img loading=\"lazy\" class=\"alignnone  wp-image-4994\" src=\"http:\/\/emlaktuel.com\/wp-content\/uploads\/2016\/08\/yavuz-sultan-selim57-300x214.jpg\" alt=\"yavuz sultan selim57\" width=\"592\" height=\"267\" \/><\/p>\n<p><img loading=\"lazy\" class=\"alignnone  wp-image-4995\" src=\"http:\/\/emlaktuel.com\/wp-content\/uploads\/2016\/08\/yavuz-sultan-selim58-300x200.jpg\" alt=\"yavuz sultan selim58\" width=\"596\" height=\"284\" \/><\/p>\n<p><img loading=\"lazy\" class=\"alignnone  wp-image-4996\" src=\"http:\/\/emlaktuel.com\/wp-content\/uploads\/2016\/08\/yavuz-sultan-selim59-300x200.jpg\" alt=\"yavuz sultan selim59\" width=\"577\" height=\"305\" \/><\/p>\n<p><img loading=\"lazy\" class=\"alignnone  wp-image-4997\" src=\"http:\/\/emlaktuel.com\/wp-content\/uploads\/2016\/08\/yavuz-sultan-selim60-300x200.jpg\" alt=\"yavuz sultan selim60\" width=\"570\" height=\"289\" \/><\/p>\n<p><img loading=\"lazy\" class=\"alignnone  wp-image-4998\" src=\"http:\/\/emlaktuel.com\/wp-content\/uploads\/2016\/08\/yavuz-sultan-selim61-300x200.jpg\" alt=\"yavuz sultan selim61\" width=\"569\" height=\"251\" \/><\/p>\n<p><img loading=\"lazy\" class=\"alignnone  wp-image-4999\" src=\"http:\/\/emlaktuel.com\/wp-content\/uploads\/2016\/08\/yavuz-sultan-selim63-300x200.jpg\" alt=\"yavuz sultan selim63\" width=\"560\" height=\"309\" \/><\/p>\n<p><img loading=\"lazy\" class=\"alignnone  wp-image-5000\" src=\"http:\/\/emlaktuel.com\/wp-content\/uploads\/2016\/08\/yavuz-sultan-selim64-300x200.jpg\" alt=\"yavuz sultan selim64\" width=\"558\" height=\"350\" \/><\/p>\n<p><img loading=\"lazy\" class=\" wp-image-4976\" src=\"http:\/\/emlaktuel.com\/wp-content\/uploads\/2016\/08\/yavuz-sultan-selim40-225x300.jpg\" alt=\"ISTANBUL BOGAZI'NDA YUKSELEN DUNYANIN EN YUKSEK KULESINE SAHIP YAVUZ SULTAN SELIM KOPRUSU, 26 AGUSTOS TARIHINDE ACILACAK. ISTANBUL'UN UCUNCU KOPRUSUNDE CALISMALAR 700'U MUHENDIS TOPLAM 6 BIN 500 PERSONELLE 24 SAAT ESASINA GORE YAPILIRKEN, 322 METRELIK YUKSEKLIGIYLE DUNYANIN EN YUKSEK KULESINE SAHIP ASMA KOPRUNUN LED ISIKLANDIRMA ISLERINDE 3'U ANTALYALI 11 ENDUSTRIYEL DAGCI CALISIYOR.(FOTO:ANTALYA-DHA)\" width=\"487\" height=\"500\" \/><\/p>\n<p>&nbsp;<\/p>\n<p>&nbsp;<\/p>\n<\/figcaption><\/figure>\n<figure><\/figure>\n<\/li>\n<\/ul>\n<p>&nbsp;<\/p>\n","protected":false},"excerpt":{"rendered":"<p>Yap\u0131m\u0131na 29 May\u0131s 2013 y\u0131l\u0131nda ba\u015flanan otoyollar\u0131yla birlikte 3 milyar dolar maliyetli Yavuz Sultan Selim K\u00f6pr\u00fcs\u00fc, bug\u00fcn a\u00e7\u0131l\u0131d\u0131. A\u00e7\u0131l\u0131\u015f \u00f6ncesi k\u00f6pr\u00fcdeki t\u00fcm haz\u0131rl\u0131klar tamamland\u0131. A\u00e7\u0131l\u0131\u015fa Cumhurba\u015fkan\u0131 Recep Tayyip Erdo\u011fan, Ba\u015fbakan Binali Y\u0131ld\u0131r\u0131m ve \u00e7ok say\u0131da yabanc\u0131 konuk kat\u0131ld\u0131. Temeli 29 May\u0131s 2013&#8217;te at\u0131lan ve 3 milyar dolara mal olan k\u00f6pr\u00fc, 59 metre geni\u015fli\u011fi ile d\u00fcnyan\u0131n [&hellip;]<\/p>\n","protected":false},"author":1,"featured_media":0,"comment_status":"open","ping_status":"open","sticky":false,"template":"","format":"standard","meta":{"ngg_post_thumbnail":0},"categories":[221,1,26,27],"tags":[2968,3068,3164,505,258,320,11320,612,2393,89,503,3163,3166,3165,3167],"_links":{"self":[{"href":"https:\/\/emlaktuel.com\/index.php?rest_route=\/wp\/v2\/posts\/4936"}],"collection":[{"href":"https:\/\/emlaktuel.com\/index.php?rest_route=\/wp\/v2\/posts"}],"about":[{"href":"https:\/\/emlaktuel.com\/index.php?rest_route=\/wp\/v2\/types\/post"}],"author":[{"embeddable":true,"href":"https:\/\/emlaktuel.com\/index.php?rest_route=\/wp\/v2\/users\/1"}],"replies":[{"embeddable":true,"href":"https:\/\/emlaktuel.com\/index.php?rest_route=%2Fwp%2Fv2%2Fcomments&post=4936"}],"version-history":[{"count":1,"href":"https:\/\/emlaktuel.com\/index.php?rest_route=\/wp\/v2\/posts\/4936\/revisions"}],"predecessor-version":[{"id":5001,"href":"https:\/\/emlaktuel.com\/index.php?rest_route=\/wp\/v2\/posts\/4936\/revisions\/5001"}],"wp:attachment":[{"href":"https:\/\/emlaktuel.com\/index.php?rest_route=%2Fwp%2Fv2%2Fmedia&parent=4936"}],"wp:term":[{"taxonomy":"category","embeddable":true,"href":"https:\/\/emlaktuel.com\/index.php?rest_route=%2Fwp%2Fv2%2Fcategories&post=4936"},{"taxonomy":"post_tag","embeddable":true,"href":"https:\/\/emlaktuel.com\/index.php?rest_route=%2Fwp%2Fv2%2Ftags&post=4936"}],"curies":[{"name":"wp","href":"https:\/\/api.w.org\/{rel}","templated":true}]}}