{"id":4933,"date":"2016-08-26T11:23:02","date_gmt":"2016-08-26T08:23:02","guid":{"rendered":"http:\/\/emlaktuel.com\/?p=4933"},"modified":"2018-07-05T14:41:26","modified_gmt":"2018-07-05T11:41:26","slug":"fikirtepe-mina-towers-29-eylulde-satista","status":"publish","type":"post","link":"https:\/\/emlaktuel.com\/?p=4933","title":{"rendered":"Fikirtepe Mina Towers 29 Eyl\u00fcl\u2019de sat\u0131\u015fta!"},"content":{"rendered":"<p>Fikirtepe kentsel d\u00f6n\u00fc\u015f\u00fcm projesi olarak hayata ge\u00e7irilecek olan Mina Towers projesinde toplamda 1.500 konut bulunacak. Fikirtepe Mina Towers 29 Eyl\u00fcl\u2019de sat\u0131\u015fa \u00e7\u0131kacak<\/p>\n<div class=\"entry\">\n<p>Ba\u015faran \u0130n\u015faat taraf\u0131ndan \u0130stanbul Anadolu Yakas\u0131 Kad\u0131k\u00f6y Fikirtepe Mand\u0131ra Caddesi \u00fczerinde in\u015fa edilecek olan \u00a0Mina Towers\u00a0 projesi, kentsel d\u00f6n\u00fc\u015f\u00fcm kapsam\u0131nda hayata ge\u00e7iriliyor.\u00a0Fikirtepe Mina Towers projesi 1.500 konut ve ticari alanlardan olu\u015fuyor.\u00a069 bin 500 metrekarelik arsa alan\u0131na sahip olan Fikirtepe Mina Towers projesinde st\u00fcdyo, 1 oda 1 salon, 2 oda 1 salon, 3 oda 1 salon, 4 oda 1 salon, 5 oda 1 salon ve 5,5 oda 1 salon daire se\u00e7enekleri yer al\u0131yor.<\/p>\n<p>6 kule olarak y\u00fckselecek Mina Towers Fikirtepe projesi lokasyon olarak; Ba\u011fdat Caddesi\u2019ne 15 dakika, Anadolu Yakas\u0131 sahile 15 dakika uzakl\u0131kta konumland\u0131r\u0131l\u0131yor.\u00a0Fikirtepe Mina Towers projesinin 350 bin metrekare kaba in\u015faat alan\u0131 bulunacak. Kad\u0131k\u00f6y Mina Towers\u2019ta 80 metre y\u00fckseli\u011fine 25 katl\u0131 binalar in\u015fa edilecek.<\/p>\n<p>5 y\u0131ld\u0131zl\u0131 otel \u015feklinde i\u015fletilecek olan Mina Towers\u2019da \u00fcst d\u00fczey g\u00fcvenlik, resepsiyon, 7\/24 vale, zemin katlardan g\u00fcvenlik kart\u0131yla direk \u00e7ar\u015f\u0131 k\u0131sm\u0131na ge\u00e7i\u015f kolayl\u0131\u011f\u0131, kafelerden, restoranlardan ve d\u00fckkanlardan evlere servis imkan\u0131 sa\u011flanacak.<\/p>\n<p>Fikirtepe Mina Towers projesinde; sauna, buhar ve masaj imkanl\u0131 2 adet spa , yar\u0131 olimpik \u00fcst\u00fc a\u00e7\u0131labilen 2 adet \u0131s\u0131tmal\u0131 kapal\u0131 havuz, ayn\u0131 \u00f6zellikleri ta\u015f\u0131yan 2 adet \u00e7ocuk oyun havuzu, daire sahiplerinin misafirleri i\u00e7in d\u00fc\u015f\u00fcn\u00fclm\u00fc\u015f 8 adet otel odalar\u0131, hert\u00fcrl\u00fc parti ve davet i\u00e7in haz\u0131rlanm\u0131\u015f 4 adet salon, 3300 adetlik otopark bulunacak.<\/p>\n<p>&nbsp;<\/p>\n<\/div>\n","protected":false},"excerpt":{"rendered":"<p>Fikirtepe kentsel d\u00f6n\u00fc\u015f\u00fcm projesi olarak hayata ge\u00e7irilecek olan Mina Towers projesinde toplamda 1.500 konut bulunacak. Fikirtepe Mina Towers 29 Eyl\u00fcl\u2019de sat\u0131\u015fa \u00e7\u0131kacak Ba\u015faran \u0130n\u015faat taraf\u0131ndan \u0130stanbul Anadolu Yakas\u0131 Kad\u0131k\u00f6y Fikirtepe Mand\u0131ra Caddesi \u00fczerinde in\u015fa edilecek olan \u00a0Mina Towers\u00a0 projesi, kentsel d\u00f6n\u00fc\u015f\u00fcm kapsam\u0131nda hayata ge\u00e7iriliyor.\u00a0Fikirtepe Mina Towers projesi 1.500 konut ve ticari alanlardan olu\u015fuyor.\u00a069 bin 500 [&hellip;]<\/p>\n","protected":false},"author":1,"featured_media":4934,"comment_status":"open","ping_status":"open","sticky":false,"template":"","format":"standard","meta":{"ngg_post_thumbnail":0},"categories":[26,219],"tags":[11132,11268,3162,88,6829,4328,11469,11156,11357,11098,11173],"_links":{"self":[{"href":"https:\/\/emlaktuel.com\/index.php?rest_route=\/wp\/v2\/posts\/4933"}],"collection":[{"href":"https:\/\/emlaktuel.com\/index.php?rest_route=\/wp\/v2\/posts"}],"about":[{"href":"https:\/\/emlaktuel.com\/index.php?rest_route=\/wp\/v2\/types\/post"}],"author":[{"embeddable":true,"href":"https:\/\/emlaktuel.com\/index.php?rest_route=\/wp\/v2\/users\/1"}],"replies":[{"embeddable":true,"href":"https:\/\/emlaktuel.com\/index.php?rest_route=%2Fwp%2Fv2%2Fcomments&post=4933"}],"version-history":[{"count":1,"href":"https:\/\/emlaktuel.com\/index.php?rest_route=\/wp\/v2\/posts\/4933\/revisions"}],"predecessor-version":[{"id":4935,"href":"https:\/\/emlaktuel.com\/index.php?rest_route=\/wp\/v2\/posts\/4933\/revisions\/4935"}],"wp:featuredmedia":[{"embeddable":true,"href":"https:\/\/emlaktuel.com\/index.php?rest_route=\/wp\/v2\/media\/4934"}],"wp:attachment":[{"href":"https:\/\/emlaktuel.com\/index.php?rest_route=%2Fwp%2Fv2%2Fmedia&parent=4933"}],"wp:term":[{"taxonomy":"category","embeddable":true,"href":"https:\/\/emlaktuel.com\/index.php?rest_route=%2Fwp%2Fv2%2Fcategories&post=4933"},{"taxonomy":"post_tag","embeddable":true,"href":"https:\/\/emlaktuel.com\/index.php?rest_route=%2Fwp%2Fv2%2Ftags&post=4933"}],"curies":[{"name":"wp","href":"https:\/\/api.w.org\/{rel}","templated":true}]}}