{"id":4931,"date":"2016-08-26T11:18:07","date_gmt":"2016-08-26T08:18:07","guid":{"rendered":"http:\/\/emlaktuel.com\/?p=4931"},"modified":"2018-07-05T14:41:23","modified_gmt":"2018-07-05T11:41:23","slug":"konut-kredisinde-yeni-faiz-indirimi-gerekiyor","status":"publish","type":"post","link":"https:\/\/emlaktuel.com\/?p=4931","title":{"rendered":"\u201cKonut kredisinde yeni faiz indirimi gerekiyor\u201d"},"content":{"rendered":"<h1 class=\"name post-title entry-title\">Demir \u0130n\u015faat Y\u00f6netim Kurulu Ba\u015fkan\u0131 Hamit Demir, konutta sat\u0131\u015f rakamlar\u0131n\u0131n yeniden art\u0131 y\u00f6nde seyretmesi i\u00e7in yeni bir faiz indirimi yap\u0131lmas\u0131 gerekti\u011fi inanc\u0131nda olduklar\u0131n\u0131 bildirdi.<\/h1>\n<div class=\"entry\">\n<p>Demir, yapt\u0131\u011f\u0131 yaz\u0131l\u0131 a\u00e7\u0131klamada, d\u00fcnya ekonomilerindeki dalgalanmalar ve ger\u00e7ekle\u015fen olumsuz olaylar nedeniyle t\u00fcm d\u00fcnyada yat\u0131r\u0131mc\u0131lar\u0131n \u00e7ekimser pozisyonda kald\u0131\u011f\u0131 bir d\u00f6nemin i\u00e7erisinde bulunuldu\u011funu, T\u00fcrkiye\u2019nin ise ekonomisindeki istikrar\u0131n bir neticesi olarak yat\u0131r\u0131mc\u0131n\u0131n en \u00e7ok g\u00fcven duydu\u011fu nadir \u00fclkelerden biri oldu\u011funu vurgulad\u0131.<\/p>\n<p>15 Temmuz\u2019daki darbe giri\u015fimiyle t\u00fcm yurdu saran ter\u00f6r olaylar\u0131n\u0131n yaratt\u0131\u011f\u0131 tedirgin ortam\u0131n yat\u0131r\u0131mc\u0131lar\u0131 bekleme pozisyonuna ald\u0131\u011f\u0131n\u0131 belirten Demir, \u015funlar\u0131 kaydetti:<\/p>\n<p>\u201c\u00dclkemize yap\u0131lan hain sald\u0131r\u0131n\u0131n millet\u00e7e birbirimize kenetlenerek bast\u0131r\u0131lmas\u0131n\u0131n ard\u0131ndan in\u015faat sekt\u00f6r\u00fc olarak olu\u015fturdu\u011fumuz g\u00fc\u00e7 birli\u011fi ile ba\u015flatt\u0131\u011f\u0131m\u0131z d\u00fc\u015f\u00fck faiz ve uzun vadeli konut sat\u0131\u015f kampanyalar\u0131yla birlikte sekt\u00f6r\u00fcm\u00fcz\u00fcn yeniden canlanaca\u011f\u0131 bir d\u00f6neme giriyoruz. \u0130n\u015faat sekt\u00f6r\u00fc, yakla\u015f\u0131k 300 i\u015f kolunu etkileyen lokomotif bir sekt\u00f6r oldu\u011fu i\u00e7in konut sat\u0131\u015flar\u0131 ekonomimizi do\u011frudan etkileyen en \u00f6nemli \u00f6gelerden birini olu\u015fturuyor. Bu nedenle gerek biz sekt\u00f6r temsilcilerine gerekse de finans sekt\u00f6r\u00fc temsilcilerine \u00e7ok i\u015f d\u00fc\u015f\u00fcyor. Bu kapsamda bankalar\u0131n, ekonominin canlanmas\u0131 program\u0131 do\u011frultusunda say\u0131n Cumhurba\u015fkan\u0131m\u0131z\u0131n \u00e7a\u011fr\u0131s\u0131yla konut kredisi faizi oranlar\u0131nda yapt\u0131\u011f\u0131 indirimi yeterli g\u00f6rm\u00fcyoruz. Faizlerin 0,70 band\u0131na indirilmesi halinde yat\u0131r\u0131mc\u0131lar\u0131n yeniden harekete ge\u00e7ece\u011fine inan\u0131yoruz. Sat\u0131\u015f rakamlar\u0131n\u0131n yeniden art\u0131 y\u00f6nde seyretmesi i\u00e7in yeni bir faiz indiriminin yap\u0131lmas\u0131 gerekti\u011fi inanc\u0131nday\u0131z.\u201d<\/p>\n<\/div>\n","protected":false},"excerpt":{"rendered":"<p>Demir \u0130n\u015faat Y\u00f6netim Kurulu Ba\u015fkan\u0131 Hamit Demir, konutta sat\u0131\u015f rakamlar\u0131n\u0131n yeniden art\u0131 y\u00f6nde seyretmesi i\u00e7in yeni bir faiz indirimi yap\u0131lmas\u0131 gerekti\u011fi inanc\u0131nda olduklar\u0131n\u0131 bildirdi. Demir, yapt\u0131\u011f\u0131 yaz\u0131l\u0131 a\u00e7\u0131klamada, d\u00fcnya ekonomilerindeki dalgalanmalar ve ger\u00e7ekle\u015fen olumsuz olaylar nedeniyle t\u00fcm d\u00fcnyada yat\u0131r\u0131mc\u0131lar\u0131n \u00e7ekimser pozisyonda kald\u0131\u011f\u0131 bir d\u00f6nemin i\u00e7erisinde bulunuldu\u011funu, T\u00fcrkiye\u2019nin ise ekonomisindeki istikrar\u0131n bir neticesi olarak yat\u0131r\u0131mc\u0131n\u0131n en [&hellip;]<\/p>\n","protected":false},"author":1,"featured_media":3357,"comment_status":"open","ping_status":"open","sticky":false,"template":"","format":"standard","meta":{"ngg_post_thumbnail":0},"categories":[221,26],"tags":[3161,11315,278,2434,11073,80,11091,951,11361],"_links":{"self":[{"href":"https:\/\/emlaktuel.com\/index.php?rest_route=\/wp\/v2\/posts\/4931"}],"collection":[{"href":"https:\/\/emlaktuel.com\/index.php?rest_route=\/wp\/v2\/posts"}],"about":[{"href":"https:\/\/emlaktuel.com\/index.php?rest_route=\/wp\/v2\/types\/post"}],"author":[{"embeddable":true,"href":"https:\/\/emlaktuel.com\/index.php?rest_route=\/wp\/v2\/users\/1"}],"replies":[{"embeddable":true,"href":"https:\/\/emlaktuel.com\/index.php?rest_route=%2Fwp%2Fv2%2Fcomments&post=4931"}],"version-history":[{"count":1,"href":"https:\/\/emlaktuel.com\/index.php?rest_route=\/wp\/v2\/posts\/4931\/revisions"}],"predecessor-version":[{"id":4932,"href":"https:\/\/emlaktuel.com\/index.php?rest_route=\/wp\/v2\/posts\/4931\/revisions\/4932"}],"wp:featuredmedia":[{"embeddable":true,"href":"https:\/\/emlaktuel.com\/index.php?rest_route=\/wp\/v2\/media\/3357"}],"wp:attachment":[{"href":"https:\/\/emlaktuel.com\/index.php?rest_route=%2Fwp%2Fv2%2Fmedia&parent=4931"}],"wp:term":[{"taxonomy":"category","embeddable":true,"href":"https:\/\/emlaktuel.com\/index.php?rest_route=%2Fwp%2Fv2%2Fcategories&post=4931"},{"taxonomy":"post_tag","embeddable":true,"href":"https:\/\/emlaktuel.com\/index.php?rest_route=%2Fwp%2Fv2%2Ftags&post=4931"}],"curies":[{"name":"wp","href":"https:\/\/api.w.org\/{rel}","templated":true}]}}