{"id":4926,"date":"2016-08-26T11:14:49","date_gmt":"2016-08-26T08:14:49","guid":{"rendered":"http:\/\/emlaktuel.com\/?p=4926"},"modified":"2018-07-05T14:41:19","modified_gmt":"2018-07-05T11:41:19","slug":"hangi-patron-nerelere-yatirim-yapacak","status":"publish","type":"post","link":"https:\/\/emlaktuel.com\/?p=4926","title":{"rendered":"Hangi patron nerelere yat\u0131r\u0131m yapacak?"},"content":{"rendered":"<p>Capital\u2019in haziran say\u0131s\u0131nda yay\u0131mlanan \u201cYeni Sekt\u00f6r Haz\u0131rl\u0131\u011f\u0131\u201d haberinde, son d\u00f6nemde kendi sekt\u00f6rlerinin d\u0131\u015f\u0131na \u00e7\u0131kan patronlara yer verildi.Yak\u0131n gelecekte hangi patron, hangi i\u015fe girecek? \u0130\u015fte yan\u0131tlar\u2026<\/p>\n<div class=\"entry\">\n<p><strong>\u0130N\u015eAAT SEKT\u00d6R\u00dcNDE OLUP BA\u015eKA ALANLARA YATIRIM YAPANLAR<\/strong><\/p>\n<p><strong>Ali A\u011fao\u011flu<\/strong><br \/>\nYeni alan: E\u011fitim<br \/>\nHedefi: Maslak 1453\u2019te mimari e\u011fitimin verilece\u011fi, 1.500 \u00f6\u011frenci kapasiteli \u00fcniversite kuracak.<\/p>\n<p><strong>Altan Elmas<\/strong><br \/>\nYeni alan: R\u00fczgar Enerjisi<br \/>\nHedefi: 100 megavatl\u0131k kurulu g\u00fcce ula\u015fmak istiyor. HES\u2019in yan\u0131nda r\u00fczgar enerjisi santrali kuracak.<\/p>\n<p><strong>H\u00fcseyin \u00d6zdilek<\/strong><br \/>\nYeni alan: Besi hayvanc\u0131l\u0131\u011f\u0131, in\u015faat<br \/>\nHedefi: Tabiat tar\u0131m markas\u0131yla besi hayvanc\u0131l\u0131\u011f\u0131nda b\u00fcy\u00fcyecek. Bursa\u2019daki konut projesini bitirip AVM in\u015faat\u0131na odaklanacak.<\/p>\n<p><strong>H\u00fcseyin Arslan<\/strong><\/p>\n<p>Yeni alan: Sanayi, hayvanc\u0131l\u0131k<br \/>\nHedefi: Ambulans\u0131n yan\u0131nda itfaiye ara\u00e7lar\u0131 \u00fcretecek. Hayvanc\u0131l\u0131kta 5 bin b\u00fcy\u00fck ba\u015f kapasiteli tesis yapmay\u0131 planl\u0131yor.<\/p>\n<p><strong>BA\u015eKA ALANLARDAN \u0130N\u015eAATA GE\u00c7\u0130\u015e YAPANLAR<\/strong><\/p>\n<p><strong>Ali Kibar<\/strong><br \/>\nYeni alan: Gayrimenkul, turizm, \u00e7evre<br \/>\nHedefi: Gayrimenkullerini de\u011ferlendirecek. Ofis ve otel yat\u0131r\u0131m\u0131 yapacak. \u00c7evre \u015firketleriyle at\u0131k y\u00f6netimine girdi.<\/p>\n<p><strong>Davut Do\u011fan<\/strong><br \/>\nYeni alan: \u0130n\u015faat ve bili\u015fim<br \/>\nHedefi: Senegal\u2019de lojistik merkezi kuracak. Kentsel d\u00f6n\u00fc\u015f\u00fcm projeleriyle ilgileniyor. Bili\u015fimde siber g\u00fcvenlik yat\u0131r\u0131m\u0131 yapacak.<\/p>\n<p><strong>Gaye Ak\u00e7en<\/strong><br \/>\nYeni alan: Gayrimenkul, turizm<br \/>\nHedefi: \u0130stanbul\u2019da Gayrettepe ve Kartal\u2019da 2 karma proje yapmay\u0131 planl\u0131yor. Turizm sekt\u00f6r\u00fcne de girecek.<\/p>\n<p><strong>Murat Akdo\u011fan<\/strong><br \/>\nYeni alan: Turizm ve in\u015faat<br \/>\nHedefi: Bodrum\u2019da l\u00fcks otel ve rezidans projesi yap\u0131yor. \u0130stanbul Ata\u015fehir\u2019de i\u015f merkezi, Bodrum\u2019da yeni otel yat\u0131r\u0131m\u0131 planl\u0131yor.<\/p>\n<p><strong>Murat Gigin<\/strong><br \/>\nYeni alan: Enerji<br \/>\nHedefi: Tar\u0131m ve in\u015faatta alt k\u0131r\u0131mlara girecek. Enerjide g\u00fcne\u015f ve yenilenebilir enerji yat\u0131r\u0131mlar\u0131 yapacak.<\/p>\n<p><strong>Vahap K\u00fc\u00e7\u00fck<\/strong><br \/>\nYeni alan: Ev tekstili, in\u015faat, kozmetik<br \/>\nHedefi: 2016 sonuna kadar ev tekstiline ve kozmeti\u011fe girecek. Niyak \u0130n\u015faat markas\u0131yla \u0130stanbul\u2019da <a href=\"http:\/\/emlakgazetesi.com\/konut-projeleri\">konut projeleri<\/a> yapacak.<\/p>\n<p><strong>Volkan Atik<\/strong><br \/>\nYeni alan: Gayrimenkul<br \/>\nHedefi: Beylikd\u00fcz\u00fc\u2019ndeki arazilerini de\u011ferlendirmek i\u00e7in gayrimenkul sekt\u00f6r\u00fcne girmek istiyor.<\/p>\n<\/div>\n","protected":false},"excerpt":{"rendered":"<p>Capital\u2019in haziran say\u0131s\u0131nda yay\u0131mlanan \u201cYeni Sekt\u00f6r Haz\u0131rl\u0131\u011f\u0131\u201d haberinde, son d\u00f6nemde kendi sekt\u00f6rlerinin d\u0131\u015f\u0131na \u00e7\u0131kan patronlara yer verildi.Yak\u0131n gelecekte hangi patron, hangi i\u015fe girecek? \u0130\u015fte yan\u0131tlar\u2026 \u0130N\u015eAAT SEKT\u00d6R\u00dcNDE OLUP BA\u015eKA ALANLARA YATIRIM YAPANLAR Ali A\u011fao\u011flu Yeni alan: E\u011fitim Hedefi: Maslak 1453\u2019te mimari e\u011fitimin verilece\u011fi, 1.500 \u00f6\u011frenci kapasiteli \u00fcniversite kuracak. Altan Elmas Yeni alan: R\u00fczgar Enerjisi Hedefi: [&hellip;]<\/p>\n","protected":false},"author":1,"featured_media":2924,"comment_status":"open","ping_status":"open","sticky":false,"template":"","format":"standard","meta":{"ngg_post_thumbnail":0},"categories":[26],"tags":[253,11552,67,1258,88,6352,80,11553,3158,3156,11193,3159,3157,96],"_links":{"self":[{"href":"https:\/\/emlaktuel.com\/index.php?rest_route=\/wp\/v2\/posts\/4926"}],"collection":[{"href":"https:\/\/emlaktuel.com\/index.php?rest_route=\/wp\/v2\/posts"}],"about":[{"href":"https:\/\/emlaktuel.com\/index.php?rest_route=\/wp\/v2\/types\/post"}],"author":[{"embeddable":true,"href":"https:\/\/emlaktuel.com\/index.php?rest_route=\/wp\/v2\/users\/1"}],"replies":[{"embeddable":true,"href":"https:\/\/emlaktuel.com\/index.php?rest_route=%2Fwp%2Fv2%2Fcomments&post=4926"}],"version-history":[{"count":1,"href":"https:\/\/emlaktuel.com\/index.php?rest_route=\/wp\/v2\/posts\/4926\/revisions"}],"predecessor-version":[{"id":4927,"href":"https:\/\/emlaktuel.com\/index.php?rest_route=\/wp\/v2\/posts\/4926\/revisions\/4927"}],"wp:featuredmedia":[{"embeddable":true,"href":"https:\/\/emlaktuel.com\/index.php?rest_route=\/wp\/v2\/media\/2924"}],"wp:attachment":[{"href":"https:\/\/emlaktuel.com\/index.php?rest_route=%2Fwp%2Fv2%2Fmedia&parent=4926"}],"wp:term":[{"taxonomy":"category","embeddable":true,"href":"https:\/\/emlaktuel.com\/index.php?rest_route=%2Fwp%2Fv2%2Fcategories&post=4926"},{"taxonomy":"post_tag","embeddable":true,"href":"https:\/\/emlaktuel.com\/index.php?rest_route=%2Fwp%2Fv2%2Ftags&post=4926"}],"curies":[{"name":"wp","href":"https:\/\/api.w.org\/{rel}","templated":true}]}}