{"id":49234,"date":"2025-02-26T19:01:17","date_gmt":"2025-02-26T16:01:17","guid":{"rendered":"https:\/\/emlaktuel.com\/?p=49234"},"modified":"2025-02-26T19:01:17","modified_gmt":"2025-02-26T16:01:17","slug":"elite-world-amsterdamdaki-ilk-oteliyle-avrupaya-aciliyor","status":"publish","type":"post","link":"https:\/\/emlaktuel.com\/?p=49234","title":{"rendered":"Elite World, Amsterdam\u2019daki \u0130lk Oteliyle Avrupa\u2019ya A\u00e7\u0131l\u0131yor"},"content":{"rendered":"<p><strong><span data-originalfontsize=\"21px\" data-originalcomputedfontsize=\"21\">Elite World, Amsterdam\u2019daki \u0130lk Oteliyle Avrupa\u2019ya A\u00e7\u0131l\u0131yor<\/span><\/strong><\/p>\n<p><strong><span data-originalfontsize=\"15px\" data-originalcomputedfontsize=\"15\">Franchise i\u015f modeliyle b\u00fcy\u00fcme hedeflerine emin ad\u0131mlarla ilerleyen Elite World Hotels &amp; Resorts, 2025\u2019te yurt i\u00e7inde Anadolu \u015fehirleri, yurt d\u0131\u015f\u0131nda ise Avrupa\u2019da b\u00fcy\u00fcmeyi oda\u011f\u0131na ald\u0131. Farkl\u0131 konaklama ihtiya\u00e7lar\u0131na cevap veren 10 markas\u0131yla, Elite World hizmet kalitesini yeni \u015fehirlere ve \u00fclkelere ta\u015f\u0131yacak zincir, Avrupa\u2019daki ilk otelini Amsterdam\u2019da a\u00e7mak i\u00e7in anla\u015fma imzalad\u0131.<\/span><\/strong><\/p>\n<p><span data-originalfontsize=\"15px\" data-originalcomputedfontsize=\"15\">T\u00fcrkiye\u2019nin \u00f6nde gelen otel zincirlerinden Elite World Hotels &amp; Resorts, 2022 y\u0131l\u0131ndan bu yana devreye ald\u0131\u011f\u0131 franchise i\u015f modeli ile b\u00fcy\u00fcme stratejisi kapsam\u0131nda yeni otellerle b\u00fcy\u00fcmeye devam ediyor. Zincir, 2025 y\u0131l\u0131ndaki hedeflerini 26 \u015eubat \u00c7ar\u015famba g\u00fcn\u00fc Elite World \u0130stanbul Taksim\u2019de d\u00fczenlenen bas\u0131n toplant\u0131s\u0131yla duyurdu. Elite World Hotels &amp; Resorts Sat\u0131\u015f ve Pazarlamadan Sorumlu Y\u00f6netim Kurulu \u00dcyesi Emel Elik Bezaro\u011flu ve zincirin CEO\u2019su Orkun Petek\u00e7i\u2019nin ev sahipli\u011finde d\u00fczenlenen toplant\u0131ya \u00e7ok say\u0131da bas\u0131n mensubu kat\u0131l\u0131m g\u00f6sterdi.&nbsp;<\/span><\/p>\n<p><span data-originalfontsize=\"15px\" data-originalcomputedfontsize=\"15\">2030 y\u0131l\u0131na kadar 50 otele ula\u015fma hedefiyle yola \u00e7\u0131kan zincir, 2025 y\u0131l\u0131 stratejisini yurt i\u00e7inde Anadolu\u2019da h\u0131zl\u0131 b\u00fcy\u00fcme, yurt d\u0131\u015f\u0131nda ise Avrupa\u2019ya a\u00e7\u0131lma \u00fczerine kurdu. Yurt d\u0131\u015f\u0131ndaki b\u00fcy\u00fcme stratejisi kapsam\u0131nda ilk otelini ge\u00e7ti\u011fimiz y\u0131l Fildi\u015fi Sahili Cumhuriyeti\u2019nin ba\u015fkenti Yamoussoukro\u2019da a\u00e7mak i\u00e7in anla\u015fma imzalayan zincirin hedefinde bu y\u0131l ise Avrupa \u015fehirleri yer al\u0131yor.&nbsp;<\/span><\/p>\n<h2><strong><span data-originalfontsize=\"15px\" data-originalcomputedfontsize=\"15\">Avrupa\u2019daki ilk otelini Amsterdam\u2019da a\u00e7acak<\/span><\/strong><\/h2>\n<p><span data-originalfontsize=\"15px\" data-originalcomputedfontsize=\"15\">Bu kapsamda Elite World, Avrupa\u2019daki ilk otelini Hollanda\u2019n\u0131n ba\u015fkenti Amsterdam\u2019da a\u00e7aca\u011f\u0131n\u0131 duyurdu. Amsterdam Schiphol Havaliman\u0131\u2019n\u0131n bulundu\u011fu Hoofddorp b\u00f6lgesinde hayata ge\u00e7irilecek Elite World Comfy Amsterdam Airport Schiphol i\u00e7in Elite World Hotels &amp; Resorts ile yat\u0131r\u0131mc\u0131 orta\u011f\u0131 VASTEB Invest B.V. aras\u0131nda anla\u015fma imzaland\u0131. 123 oda, restoran ve fitness salonundan olu\u015facak otel, 2026 Eyl\u00fcl\u2019de hizmet vermeye ba\u015flayacak. Zincir, markalar\u0131n\u0131 bu y\u0131l Avrupa\u2019n\u0131n ba\u015fka \u015fehirlerine de ta\u015f\u0131yarak 2025\u2019i Avrupa\u2019ya a\u00e7\u0131lma y\u0131l\u0131 olarak ge\u00e7irmeyi planl\u0131yor.<\/span><\/p>\n<p>&nbsp;<\/p>\n<p><strong><span data-originalfontsize=\"15px\" data-originalcomputedfontsize=\"15\">Anadolu \u015fehirlerinde h\u0131zl\u0131 b\u00fcy\u00fcyecek&nbsp;<\/span><\/strong><\/p>\n<p><span data-originalfontsize=\"15px\" data-originalcomputedfontsize=\"15\">Elite World\u2019\u00fcn yurt i\u00e7indeki b\u00fcy\u00fcme stratejisi kapsam\u0131nda ise Anadolu \u015fehirlerinde h\u0131zl\u0131 b\u00fcy\u00fcmek yer al\u0131yor. Zincir, turizmi \u00e7e\u015fitlendirme politikas\u0131na paralel olarak Anadolu \u015fehirlerinin gizli kalm\u0131\u015f turizm potansiyellerini en \u00fcst seviyeye ta\u015f\u0131yacak ni\u015f destinasyonlara odaklanacak. Elite World, Anadolu \u015fehirlerinde 3-4 y\u0131ld\u0131zl\u0131 kategorideki oteller alan\u0131ndaki a\u00e7\u0131\u011f\u0131 de\u011ferlendirerek b\u00fcy\u00fcyecek.&nbsp;<\/span><\/p>\n<p>&nbsp;<\/p>\n<p><strong><span data-originalfontsize=\"15px\" data-originalcomputedfontsize=\"15\">\u201cYat\u0131r\u0131mc\u0131lar\u0131m\u0131zla birlikte b\u00fcy\u00fcyoruz\u201d<\/span><\/strong><\/p>\n<p><span data-originalfontsize=\"15px\" data-originalcomputedfontsize=\"15\">Elite World Hotels &amp; Resorts Sat\u0131\u015f ve Pazarlamadan Sorumlu Y\u00f6netim Kurulu \u00dcyesi <strong data-removefontsize=\"true\" data-originalcomputedfontsize=\"15\">Emel Elik Bezaro\u011flu,<\/strong> \u201cTurizm sekt\u00f6r\u00fcnde 50 y\u0131la yakla\u015fan deneyimimizle d\u00fcnya standartlar\u0131ndaki hizmet kalitemizi \u00fclkemizin ve d\u00fcnyan\u0131n farkl\u0131 \u015fehirlerine ta\u015f\u0131may\u0131 oda\u011f\u0131m\u0131za ald\u0131k. \u00dclkemiz turizm politikalar\u0131na paralel olarak, yeni a\u00e7aca\u011f\u0131m\u0131z otellerde turizmi 12 aya ve t\u00fcm yurda yayacak bir stratejiyle yakla\u015ft\u0131k. Bu \u015fekilde markam\u0131z\u0131 daha da g\u00fc\u00e7lendirerek yurt i\u00e7inde geni\u015f bir a\u011fa sahip olurken yurt d\u0131\u015f\u0131na da a\u00e7\u0131lma stratejimizi ge\u00e7en y\u0131ldan itibaren uygulamaya ba\u015flad\u0131k. Bu kapsamda h\u0131zl\u0131 bir de\u011fi\u015fimden ge\u00e7en k\u00fcresel seyahat ihtiya\u00e7lar\u0131n\u0131 yak\u0131ndan takip ederek, bu ihtiya\u00e7lara cevap verecek yeni markalar\u0131m\u0131z\u0131 b\u00fcnyemize dahil ettik. Bug\u00fcn, b\u00fcnyemizdeki 10 markayla, seyahat ihtiya\u00e7lar\u0131na cevap veriyor ve hem yurt i\u00e7i hem de yurt d\u0131\u015f\u0131nda Elite World\u2019\u00fcn hizmet kalitesine inanan yat\u0131r\u0131mc\u0131lar\u0131m\u0131zla birlikte b\u00fcy\u00fcmeye devam ediyoruz. Yat\u0131r\u0131m\u0131n\u0131 T\u00fcrkiye ve k\u00fcresel seyahat turizmine katk\u0131 sa\u011flayacak \u015fekilde de\u011ferlendirmek isteyen t\u00fcm yat\u0131r\u0131mc\u0131lar\u0131 Elite World ile birlikte b\u00fcy\u00fcmeye davet ediyoruz.\u201d dedi.&nbsp;<\/span><\/p>\n<p><strong>&nbsp;<\/strong><\/p>\n<p><span data-originalfontsize=\"15px\" data-originalcomputedfontsize=\"15\">Elite World Hotels &amp; Resorts CEO\u2019su <strong data-removefontsize=\"true\" data-originalcomputedfontsize=\"15\">Orkun Petek\u00e7i<\/strong> ise \u201cElite World olarak bu y\u0131l, yeni bir k\u00fcresel yolculu\u011fa \u00e7\u0131k\u0131yoruz. Ge\u00e7ti\u011fimiz y\u0131l Fildi\u015fi Sahilleri ile ba\u015flatt\u0131\u011f\u0131m\u0131z yurt d\u0131\u015f\u0131 a\u00e7\u0131l\u0131m\u0131m\u0131zda bu y\u0131l Avrupa\u2019ya odaklan\u0131yoruz. Bu kapsamda Avrupa\u2019n\u0131n en \u00e7ok turist alan \u015fehirlerinden Amsterdam\u2019da 2026 Eyl\u00fcl\u2019de a\u00e7aca\u011f\u0131m\u0131z ilk otelle bu a\u00e7\u0131l\u0131m\u0131 ger\u00e7ekle\u015ftiriyoruz. Bu y\u0131l i\u00e7inde Avrupa\u2019da ba\u015fka \u015fehirlerde de anla\u015fmalar\u0131m\u0131z\u0131 imzalayarak yurt d\u0131\u015f\u0131ndaki otel say\u0131m\u0131z\u0131 art\u0131rma konusunda bir at\u0131l\u0131ma ge\u00e7iyoruz. 2025\u2019te aralar\u0131nda Almanya ve \u0130ngiltere\u2019nin de oldu\u011fu \u00fclkelere markam\u0131z\u0131 ta\u015f\u0131ma hedefimiz bulunuyor. B\u00fcy\u00fcme yolculu\u011fumuzun di\u011fer a\u015famas\u0131nda ise Anadolu \u015fehirlerinde h\u0131zl\u0131 b\u00fcy\u00fcmeyi plan\u0131m\u0131za ald\u0131k. Anadolu\u2019daki turizm hareketlerini canland\u0131rma ve turizmi farkl\u0131 b\u00f6lgelere de yayarak \u00e7e\u015fitlendirme hedefiyle ilerleyip, 3-4 y\u0131ld\u0131zl\u0131 otel kategorilerinde h\u0131zl\u0131 bir a\u00e7\u0131l\u0131m yapmay\u0131 planl\u0131yoruz. Bu kapsamda sadece b\u00fcy\u00fck Anadolu \u015fehirleri de\u011fil, turizm potansiyeli ortaya \u00e7\u0131kart\u0131lmam\u0131\u015f illeri de hedefleyerek turizmi canland\u0131rmak istiyoruz. 2025\u2019te yenilik\u00e7i ve dinamik yakla\u015f\u0131m\u0131m\u0131zda yat\u0131r\u0131mc\u0131lar\u0131m\u0131zla birlikte b\u00fcy\u00fcmeyi ve s\u00fcrd\u00fcr\u00fclebilir b\u00fcy\u00fcme hedeflerini yakalamak istiyoruz.\u201d diye konu\u015ftu.&nbsp;<\/span><\/p>\n<p>&nbsp;<\/p>\n<p><strong><span data-originalfontsize=\"15px\" data-originalcomputedfontsize=\"15\">Dinamik konaklama ihtiya\u00e7lar\u0131na cevap veren markalarla b\u00fcy\u00fcyor<\/span><\/strong><\/p>\n<p><span data-originalfontsize=\"15px\" data-originalcomputedfontsize=\"15\">Elite World Hotels &amp; Resorts, k\u00fcresel \u00e7apta de\u011fi\u015fen seyahat ihtiya\u00e7lar\u0131na yeni markalar\u0131yla cevap veriyor. Ekonomiden l\u00fckse, resort\u2019tan residence\u2019a kadar farkl\u0131 konaklama ihtiya\u00e7lar\u0131na cevap veren 10 markas\u0131yla g\u00fcn\u00fcm\u00fcz gezginlerine her b\u00fct\u00e7eye uygun se\u00e7enekler sunuyor. Zincir, bu y\u0131l b\u00fcy\u00fck \u015fehirlerde residence ve otelden olu\u015fan \u201ccombo\u201d ad\u0131 verilen, k\u0131sa ve uzun d\u00f6nem konaklama ihtiya\u00e7lar\u0131na ev rahatl\u0131\u011f\u0131nda hizmet sunan projelerle de b\u00fcy\u00fcmeyi planl\u0131yor.&nbsp;<\/span><\/p>\n<p>&nbsp;<\/p>\n","protected":false},"excerpt":{"rendered":"<p>Elite World, Amsterdam\u2019daki \u0130lk Oteliyle Avrupa\u2019ya A\u00e7\u0131l\u0131yor Franchise i\u015f modeliyle b\u00fcy\u00fcme hedeflerine emin ad\u0131mlarla ilerleyen Elite World Hotels &amp; Resorts, 2025\u2019te yurt i\u00e7inde Anadolu \u015fehirleri, yurt d\u0131\u015f\u0131nda ise Avrupa\u2019da b\u00fcy\u00fcmeyi oda\u011f\u0131na ald\u0131. Farkl\u0131 konaklama ihtiya\u00e7lar\u0131na cevap veren 10 markas\u0131yla, Elite World hizmet kalitesini yeni \u015fehirlere ve \u00fclkelere ta\u015f\u0131yacak zincir, Avrupa\u2019daki ilk otelini Amsterdam\u2019da a\u00e7mak i\u00e7in [&hellip;]<\/p>\n","protected":false},"author":1,"featured_media":49235,"comment_status":"open","ping_status":"open","sticky":false,"template":"","format":"standard","meta":{"ngg_post_thumbnail":0},"categories":[5388],"tags":[],"_links":{"self":[{"href":"https:\/\/emlaktuel.com\/index.php?rest_route=\/wp\/v2\/posts\/49234"}],"collection":[{"href":"https:\/\/emlaktuel.com\/index.php?rest_route=\/wp\/v2\/posts"}],"about":[{"href":"https:\/\/emlaktuel.com\/index.php?rest_route=\/wp\/v2\/types\/post"}],"author":[{"embeddable":true,"href":"https:\/\/emlaktuel.com\/index.php?rest_route=\/wp\/v2\/users\/1"}],"replies":[{"embeddable":true,"href":"https:\/\/emlaktuel.com\/index.php?rest_route=%2Fwp%2Fv2%2Fcomments&post=49234"}],"version-history":[{"count":1,"href":"https:\/\/emlaktuel.com\/index.php?rest_route=\/wp\/v2\/posts\/49234\/revisions"}],"predecessor-version":[{"id":49236,"href":"https:\/\/emlaktuel.com\/index.php?rest_route=\/wp\/v2\/posts\/49234\/revisions\/49236"}],"wp:featuredmedia":[{"embeddable":true,"href":"https:\/\/emlaktuel.com\/index.php?rest_route=\/wp\/v2\/media\/49235"}],"wp:attachment":[{"href":"https:\/\/emlaktuel.com\/index.php?rest_route=%2Fwp%2Fv2%2Fmedia&parent=49234"}],"wp:term":[{"taxonomy":"category","embeddable":true,"href":"https:\/\/emlaktuel.com\/index.php?rest_route=%2Fwp%2Fv2%2Fcategories&post=49234"},{"taxonomy":"post_tag","embeddable":true,"href":"https:\/\/emlaktuel.com\/index.php?rest_route=%2Fwp%2Fv2%2Ftags&post=49234"}],"curies":[{"name":"wp","href":"https:\/\/api.w.org\/{rel}","templated":true}]}}