{"id":49060,"date":"2025-01-15T10:07:35","date_gmt":"2025-01-15T07:07:35","guid":{"rendered":"https:\/\/emlaktuel.com\/?p=49060"},"modified":"2025-01-15T10:07:35","modified_gmt":"2025-01-15T07:07:35","slug":"borsa-istanbulda-gong-egeyapi-avrupa-gyo-adina-caldi","status":"publish","type":"post","link":"https:\/\/emlaktuel.com\/?p=49060","title":{"rendered":"Borsa \u0130stanbul\u2019da gong EgeYap\u0131 Avrupa GYO ad\u0131na \u00e7ald\u0131"},"content":{"rendered":"<p style=\"font-weight: 400;\"><strong><span data-originalfontsize=\"16pt\" data-originalcomputedfontsize=\"21.333334\">Borsa \u0130stanbul\u2019da y\u0131l\u0131n ilk halka arz\u0131 i\u00e7in gong, EgeYap\u0131 Avrupa GYO ad\u0131na \u00e7ald\u0131<\/span><\/strong><\/p>\n<p style=\"font-weight: 400;\"><strong><span data-originalfontsize=\"12pt\" data-originalcomputedfontsize=\"16\">Toplam tahsisat tutar\u0131n\u0131n 1,75 kat\u0131 b\u00fcy\u00fckl\u00fc\u011f\u00fcnde talep g\u00f6ren EgeYap\u0131 Avrupa GYO hisseleri Borsa \u0130stanbul\u2019da yap\u0131lan gong t\u00f6reni sonras\u0131 i\u015flem g\u00f6rmeye ba\u015flad\u0131.&nbsp; Halk Yat\u0131r\u0131m liderli\u011finde ger\u00e7ekle\u015ftirilen halka arz\u0131n b\u00fcy\u00fckl\u00fc\u011f\u00fc 918 milyon TL olarak ger\u00e7ekle\u015fti.<\/span><\/strong><\/p>\n<p style=\"font-weight: 400;\" data-removefontsize=\"true\" data-originalcomputedfontsize=\"16\">EgeYap\u0131 Avrupa GYO\u2019nun 6-7-8 Ocak 2025 tarihlerinde yap\u0131lan talep toplama s\u00fcrecinden sonra \u201cgong t\u00f6reni\u201d Borsa \u0130stanbul\u2019da yap\u0131ld\u0131. Talep toplama s\u00fcrecinde 356 bin 252 ba\u015fvuruyla y\u00fcksek talep alan EgeYap\u0131 GYO i\u00e7in yap\u0131lan gong t\u00f6renine Borsa \u0130stanbul Genel M\u00fcd\u00fcr\u00fc Korkmaz Ergun, EgeYap\u0131 Avrupa GYO Y\u00f6netim Kurulu Ba\u015fkan\u0131 \u0130nan\u00e7 Kabaday\u0131, EgeYap\u0131 Avrupa GYO Genel M\u00fcd\u00fcr\u00fc Didem G\u00fcne\u015f, EgeYap\u0131 Avrupa GYO Y\u00f6netim Kurulu \u00dcyesi Hayrullah Mezireli, Halk Bankas\u0131 Genel M\u00fcd\u00fcr\u00fc Osman Arslan ve Halk Yat\u0131r\u0131m Genel M\u00fcd\u00fcr\u00fc B\u00fclent Sezgin kat\u0131ld\u0131.<\/p>\n<p style=\"font-weight: 400;\" data-removefontsize=\"true\" data-originalcomputedfontsize=\"16\">Gong t\u00f6reninde konu\u015fan Borsa \u0130stanbul Genel M\u00fcd\u00fcr\u00fc Korkmaz Ergun, \u201cEgeyap\u0131 Avrupa Gayrimenkul Yat\u0131r\u0131m Ortakl\u0131\u011f\u0131\u2019n\u0131n Borsam\u0131zda i\u015flem g\u00f6rmeye ba\u015flamas\u0131 vesilesiyle d\u00fczenlenen halka arz t\u00f6renine, Borsam\u0131za ho\u015f geldiniz. \u00dclkemiz ekonomisinde \u00e7ok \u00f6nemli bir yeri olan, \u00fcretimden hizmete pek \u00e7ok alan\u0131 etkileyen gayrimenkul sekt\u00f6r\u00fcn\u00fcn k\u0131ymetli temsilcilerinden Ege Yap\u0131, yurt i\u00e7i ve yurt d\u0131\u015f\u0131ndaki projeleriyle, y\u0131llar\u0131n tecr\u00fcbesi ve birikimiyle, markas\u0131yla \u00f6nemli bir de\u011ferdir. Bug\u00fcn Borsam\u0131zda i\u015flem g\u00f6rmeye ba\u015flayarak bu de\u011feri yat\u0131r\u0131mc\u0131lar\u0131yla payla\u015fmaktad\u0131r. Halka arzdan elde ettikleri gelirle, yeni projelerini ger\u00e7ekle\u015ftirerek, yat\u0131r\u0131mlar\u0131n\u0131 b\u00fcy\u00fcterek \u00fclkemiz ekonomisine katk\u0131 sa\u011flamaya devam edecektir.<\/p>\n<p style=\"font-weight: 400;\" data-removefontsize=\"true\" data-originalcomputedfontsize=\"16\">Egeyap\u0131\u2019n\u0131n de\u011ferli y\u00f6neticilerini, gayrimenkul yat\u0131r\u0131m ortakl\u0131\u011f\u0131na d\u00f6n\u00fc\u015ferek ve halka arzlar\u0131n\u0131 ger\u00e7ekle\u015ftirerek, ald\u0131klar\u0131 bu stratejik kararlardan dolay\u0131 tebrik ediyorum. Bu vesileyle bu halka arzda eme\u011fi ge\u00e7en herkese te\u015fekk\u00fcr ediyorum. Egeyap\u0131\u2019ya Borsam\u0131z ailesine ho\u015f geldiniz diyor, sermaye piyasalar\u0131na i\u00e7in hay\u0131rl\u0131 olmas\u0131n\u0131 diliyorum\u201d dedi.<\/p>\n<h2 style=\"font-weight: 400;\"><strong data-removefontsize=\"true\" data-originalcomputedfontsize=\"16\">\u201cHalka arz gelirini yeni projelerimize aktaraca\u011f\u0131z\u201d<\/strong><\/h2>\n<p style=\"font-weight: 400;\" data-removefontsize=\"true\" data-originalcomputedfontsize=\"16\">EgeYap\u0131 Avrupa GYO Y\u00f6netim Kurulu Ba\u015fkan\u0131 \u0130nan\u00e7 Kabaday\u0131 ise konu\u015fmas\u0131na \u015firketlerine g\u00f6sterdi\u011fi ilgiden dolay\u0131 t\u00fcm yat\u0131r\u0131mc\u0131lara ve halka arz s\u00fcrecinde b\u00fcy\u00fck eme\u011fi olan Sermaye Piyasas\u0131 Kurulu ve Borsa \u0130stanbul y\u00f6neticilerine te\u015fekk\u00fcr ederek ba\u015flad\u0131. EgeYap\u0131 Avrupa GYO\u2019nun bug\u00fcne kadar \u00e7ok \u00f6nemli projelere imza att\u0131\u011f\u0131n\u0131 s\u00f6yleyen Kabaday\u0131, konu\u015fmas\u0131n\u0131 \u015f\u00f6yle s\u00fcrd\u00fcrd\u00fc: \u201c\u015eirketimizin halka arz\u0131, bizim i\u00e7in yepyeni bir d\u00f6nemin ba\u015flang\u0131c\u0131 olacak. Yeni ortaklar\u0131m\u0131zla birlikte \u00e7ok daha g\u00fc\u00e7l\u00fc bir \u015firket olarak gayrimenkul sekt\u00f6r\u00fcne y\u00f6n vermeye devam edece\u011fiz. Halka arzdan elde etti\u011fimiz kayna\u011f\u0131, devam eden yeni projelerimize aktaraca\u011f\u0131z. Sekt\u00f6r\u00fcn en istikrarl\u0131 ve y\u00fcksek katma de\u011fer \u015firketlerinden biriyiz. Bu unvan\u0131m\u0131z\u0131 Borsa \u0130stanbul\u2019da devam ettirmeye kararl\u0131y\u0131z.\u201d<\/p>\n<p style=\"font-weight: 400;\" data-removefontsize=\"true\" data-originalcomputedfontsize=\"16\">\u201cEGEGY\u201d hisse koduyla Borsa \u0130stanbul\u2019da i\u015flem g\u00f6rmeye ba\u015flayacak olan hissenin fiyat\u0131 15 T\u00fcrk Liras\u0131 olarak belirlendi. Halka arzda sat\u0131\u015fa sunulan paylar\u0131n y\u00fczde 60\u2019\u0131 yurt i\u00e7i bireysel yat\u0131r\u0131mc\u0131lara, y\u00fczde 10\u2019u yurt i\u00e7i y\u00fcksek ba\u015fvurulu bireysel yat\u0131r\u0131mc\u0131lara ve y\u00fczde 30\u2019u ise yurt i\u00e7i kurumsal kat\u0131l\u0131mc\u0131lara tahsis edildi. Halka arz sonras\u0131 \u015firketin halka a\u00e7\u0131kl\u0131k oran\u0131 y\u00fczde 30,60 oldu. \u015eirketin 157 milyon 800 bin TL olan halka arz \u00f6ncesi mevcut sermayesi de halka arz sonras\u0131 200 milyon TL olacak.<\/p>\n<p style=\"font-weight: 400;\">&nbsp;<\/p>\n","protected":false},"excerpt":{"rendered":"<p>Borsa \u0130stanbul\u2019da y\u0131l\u0131n ilk halka arz\u0131 i\u00e7in gong, EgeYap\u0131 Avrupa GYO ad\u0131na \u00e7ald\u0131 Toplam tahsisat tutar\u0131n\u0131n 1,75 kat\u0131 b\u00fcy\u00fckl\u00fc\u011f\u00fcnde talep g\u00f6ren EgeYap\u0131 Avrupa GYO hisseleri Borsa \u0130stanbul\u2019da yap\u0131lan gong t\u00f6reni sonras\u0131 i\u015flem g\u00f6rmeye ba\u015flad\u0131.&nbsp; Halk Yat\u0131r\u0131m liderli\u011finde ger\u00e7ekle\u015ftirilen halka arz\u0131n b\u00fcy\u00fckl\u00fc\u011f\u00fc 918 milyon TL olarak ger\u00e7ekle\u015fti. EgeYap\u0131 Avrupa GYO\u2019nun 6-7-8 Ocak 2025 tarihlerinde yap\u0131lan talep [&hellip;]<\/p>\n","protected":false},"author":1,"featured_media":49061,"comment_status":"open","ping_status":"open","sticky":false,"template":"","format":"standard","meta":{"ngg_post_thumbnail":0},"categories":[221,97,5388],"tags":[],"_links":{"self":[{"href":"https:\/\/emlaktuel.com\/index.php?rest_route=\/wp\/v2\/posts\/49060"}],"collection":[{"href":"https:\/\/emlaktuel.com\/index.php?rest_route=\/wp\/v2\/posts"}],"about":[{"href":"https:\/\/emlaktuel.com\/index.php?rest_route=\/wp\/v2\/types\/post"}],"author":[{"embeddable":true,"href":"https:\/\/emlaktuel.com\/index.php?rest_route=\/wp\/v2\/users\/1"}],"replies":[{"embeddable":true,"href":"https:\/\/emlaktuel.com\/index.php?rest_route=%2Fwp%2Fv2%2Fcomments&post=49060"}],"version-history":[{"count":1,"href":"https:\/\/emlaktuel.com\/index.php?rest_route=\/wp\/v2\/posts\/49060\/revisions"}],"predecessor-version":[{"id":49062,"href":"https:\/\/emlaktuel.com\/index.php?rest_route=\/wp\/v2\/posts\/49060\/revisions\/49062"}],"wp:featuredmedia":[{"embeddable":true,"href":"https:\/\/emlaktuel.com\/index.php?rest_route=\/wp\/v2\/media\/49061"}],"wp:attachment":[{"href":"https:\/\/emlaktuel.com\/index.php?rest_route=%2Fwp%2Fv2%2Fmedia&parent=49060"}],"wp:term":[{"taxonomy":"category","embeddable":true,"href":"https:\/\/emlaktuel.com\/index.php?rest_route=%2Fwp%2Fv2%2Fcategories&post=49060"},{"taxonomy":"post_tag","embeddable":true,"href":"https:\/\/emlaktuel.com\/index.php?rest_route=%2Fwp%2Fv2%2Ftags&post=49060"}],"curies":[{"name":"wp","href":"https:\/\/api.w.org\/{rel}","templated":true}]}}