{"id":49020,"date":"2025-01-08T19:41:07","date_gmt":"2025-01-08T16:41:07","guid":{"rendered":"https:\/\/emlaktuel.com\/?p=49020"},"modified":"2025-01-08T19:41:07","modified_gmt":"2025-01-08T16:41:07","slug":"bmw-ces-2025te-gelecegin-surus-deneyimini-tanitti-yeni-bmw-panoramic-idrive-ve-bmw-isletim-sistemi-x","status":"publish","type":"post","link":"https:\/\/emlaktuel.com\/?p=49020","title":{"rendered":"BMW, CES 2025\u2019te Gelece\u011fin S\u00fcr\u00fc\u015f Deneyimini Tan\u0131tt\u0131: \u00a0Yeni BMW Panoramic iDrive ve BMW \u0130\u015fletim Sistemi X"},"content":{"rendered":"<p>&nbsp;<\/p>\n<table id=\"m_-3682930745142600898bodycontent\" border=\"0\" width=\"100%\" cellspacing=\"0\" cellpadding=\"0\" align=\"center\">\n<tbody>\n<tr>\n<td id=\"m_-3682930745142600898bodyinside\" align=\"center\" valign=\"top\">\n<table id=\"m_-3682930745142600898template\" border=\"0\" width=\"600\" cellspacing=\"0\" cellpadding=\"0\">\n<tbody>\n<tr>\n<td align=\"center\" valign=\"top\">&nbsp;<\/td>\n<\/tr>\n<tr>\n<td align=\"center\" valign=\"top\">\n<table class=\"m_-3682930745142600898mailbody\" border=\"0\" width=\"100%\" cellspacing=\"0\" cellpadding=\"0\">\n<tbody>\n<tr>\n<td valign=\"top\"><strong>BMW, CES 2025\u2019te Gelece\u011fin S\u00fcr\u00fc\u015f Deneyimini Tan\u0131tt\u0131:<br \/>\n&nbsp;Yeni BMW Panoramic iDrive ve BMW \u0130\u015fletim Sistemi X<\/strong><\/p>\n<p>&nbsp;<\/p>\n<p><strong><img loading=\"lazy\" class=\"alignnone size-full wp-image-49023\" src=\"https:\/\/emlaktuel.com\/wp-content\/uploads\/2025\/01\/209-scaled.jpg\" alt=\"\" width=\"2560\" height=\"1440\" srcset=\"https:\/\/emlaktuel.com\/wp-content\/uploads\/2025\/01\/209-scaled.jpg 2560w, https:\/\/emlaktuel.com\/wp-content\/uploads\/2025\/01\/209-1536x864.jpg 1536w, https:\/\/emlaktuel.com\/wp-content\/uploads\/2025\/01\/209-2048x1152.jpg 2048w\" sizes=\"(max-width: 2560px) 100vw, 2560px\" \/><br \/>\nBorusan Otomotiv\u2019in T\u00fcrkiye distrib\u00fct\u00f6rl\u00fc\u011f\u00fcn\u00fc \u00fcstlendi\u011fi BMW, MINI ve BMW Motorrad markalar\u0131n\u0131 b\u00fcnyesinde bar\u0131nd\u0131ran BMW Group, 7 \u2013 11 Ocak tarihleri aras\u0131nda<\/strong>&nbsp;<strong>Las Vegas&#8217;ta d\u00fczenlenen T\u00fcketici Elektroni\u011fi Fuar\u0131&#8217;nda (CES),&nbsp;<\/strong><strong>gelece\u011fin s\u00fcr\u00fc\u015f ve kullan\u0131c\u0131<\/strong>&nbsp;<strong>deneyimini<\/strong>&nbsp;<strong>tan\u0131mlayan Yeni BMW iDrive ve BMW \u0130\u015fletim Sistemi X\u2019i tan\u0131tt\u0131.<\/strong>&nbsp;<\/p>\n<p><img loading=\"lazy\" class=\"alignnone size-full wp-image-49022\" src=\"https:\/\/emlaktuel.com\/wp-content\/uploads\/2025\/01\/208-scaled.jpg\" alt=\"\" width=\"2560\" height=\"1706\" srcset=\"https:\/\/emlaktuel.com\/wp-content\/uploads\/2025\/01\/208-scaled.jpg 2560w, https:\/\/emlaktuel.com\/wp-content\/uploads\/2025\/01\/208-750x500.jpg 750w, https:\/\/emlaktuel.com\/wp-content\/uploads\/2025\/01\/208-1536x1024.jpg 1536w, https:\/\/emlaktuel.com\/wp-content\/uploads\/2025\/01\/208-2048x1365.jpg 2048w\" sizes=\"(max-width: 2560px) 100vw, 2560px\" \/><\/p>\n<p>BMW Panoramic Vision\u2019\u0131n odak noktas\u0131n\u0131 olu\u015fturdu\u011fu Yeni BMW iDrive, \u00fcretime yak\u0131n versiyonu ile ilk kez CES 2025\u2019te teknoloji merakl\u0131lar\u0131n\u0131n deneyimine sunuldu. Yeni BMW iDrive\u2019\u0131n temelini olu\u015fturan yeni \u0130\u015fletim Sistemi X ise yeni ekran ve i\u015fletim sisteminin merkezindeki beyin olarak g\u00f6rev yap\u0131yor. Modern tasar\u0131m\u0131yla dikkat \u00e7eken b\u00fct\u00fcnsel sistem, 2025&#8217;in sonundan itibaren BMW\u2019nin t\u00fcm yeni modellerinde sunulacak.<\/p>\n<p><strong>&nbsp;<\/strong><\/p>\n<p><strong>D\u00f6rt \u00d6ge, Tek Hedef: Karakteristik BMW Tarz\u0131nda S\u00fcr\u00fcc\u00fc Odakl\u0131l\u0131k<\/strong><\/p>\n<p><strong>Yeni BMW iDrive<\/strong>;&nbsp;<strong>BMW Panoramic Vision<\/strong>,<strong>&nbsp;BMW 3D Head-Up Display<\/strong>,<strong>&nbsp;Merkezi Ekran&nbsp;<\/strong>ve<strong>&nbsp;Yeni \u00c7ok Fonksiyonlu Direksiyon&nbsp;<\/strong>olmak \u00fczere d\u00f6rt merkezi \u00f6geyi e\u015fsiz bir konseptte birle\u015ftiriyor.<\/p>\n<p>&nbsp;<\/p>\n<p>BMW\u2019nin yeni Head-Up Display konsepti&nbsp;<strong>BMW Panoramic Vision,<\/strong>&nbsp;s\u00fcr\u00fc\u015f bilgilerini \u00f6n cam\u0131n alt k\u0131sm\u0131nda k\u00f6\u015feden k\u00f6\u015feye uzanan siyah bir y\u00fczeye, t\u00fcm yolcular\u0131n da g\u00f6rebilece\u011fi \u015fekilde yans\u0131t\u0131yor. En \u00f6nemli s\u00fcr\u00fc\u015f bilgileri ise direksiyon \u00fczerinden, do\u011frudan s\u00fcr\u00fcc\u00fcn\u00fcn g\u00f6r\u00fc\u015f hatt\u0131na veriliyor. S\u00fcr\u00fcc\u00fc, Merkezi Ekran \u00fczerinden orta ve sa\u011f b\u00f6lgede yer alacak i\u00e7eri\u011fi ki\u015fiselle\u015ftirebiliyor. BMW Panoramic Vision\u2019\u0131n entegre g\u00f6r\u00fcnt\u00fcs\u00fc s\u00fcr\u00fcc\u00fc ve yolcular i\u00e7in 3 boyutlu bir etki olu\u015fturuyor.<\/p>\n<p>&nbsp;<\/p>\n<p>Opsiyonel olarak sunulan&nbsp;<strong>BMW 3D Head-Up Display<\/strong>, BMW Panoramic Vision&#8217;\u0131n \u00fczerinde yer al\u0131yor. BMW 3D Head-Up Display, s\u00fcr\u00fcc\u00fcn\u00fcn g\u00f6r\u00fc\u015f alan\u0131na do\u011frudan entegre edilmi\u015f navigasyonu ve otomatik s\u00fcr\u00fc\u015f bilgilerini g\u00f6steriyor.&nbsp;<\/p>\n<p>&nbsp;<\/p>\n<p>Matrix Arka Ayd\u0131nlatma Teknolojisine sahip&nbsp;<strong>Merkezi Ekran<\/strong>, dokunmatik olarak i\u015flevlerin ve i\u00e7eri\u011fin optimal \u015fekilde kullan\u0131lmas\u0131n\u0131 sa\u011flayan bir men\u00fc yap\u0131s\u0131 sunuyor. Direksiyonun yak\u0131n\u0131nda ideal bir konumda bulunan ekran \u00f6nemli kullan\u0131m kolayl\u0131\u011f\u0131 sa\u011fl\u0131yor. Se\u00e7ilen i\u00e7erikler, Merkezi Ekran\u2019dan BMW Panoramic Vision&#8217;a bir kayd\u0131rma hareketiyle aktar\u0131labiliyor.<\/p>\n<p>&nbsp;<\/p>\n<p>BMW&#8217;nin<strong>&nbsp;<\/strong>shy-tech yakla\u015f\u0131m\u0131yla&nbsp;<strong>Yeni \u00c7ok Fonksiyonlu Direksiyondaki&nbsp;<\/strong>d\u00fc\u011fmeler, mevcut i\u015flevleri vurgulamak i\u00e7in ayd\u0131nlat\u0131l\u0131yor. Uygun fonksiyonlar, ihtiya\u00e7 duyuldu\u011funda butonlarda g\u00f6r\u00fcn\u00fcr hale geliyor. Ana fiziksel kontrol arac\u0131 olan direksiyonun d\u00fc\u011fmeleri aktif dokunsal geri bildirim sa\u011fl\u0131yor. D\u00fc\u011fmelerin kabartmal\u0131 y\u00fczeyleri sayesinde s\u00fcr\u00fcc\u00fcler, dikkatlerini yoldan ay\u0131rmadan kolayl\u0131kla kumanda edebiliyor.&nbsp;<\/p>\n<p>&nbsp;<\/p>\n<p>Bu d\u00f6rt \u00f6genin kombinasyonu, &#8220;eller direksiyonda, g\u00f6zler yolda&#8221; yakla\u015f\u0131m\u0131n\u0131 yeniden yorumlayarak s\u00fcr\u00fcc\u00fc odakl\u0131l\u0131\u011f\u0131 ile \u00f6ne \u00e7\u0131kan BMW&#8217;nin sezgisel, kullan\u0131c\u0131 dostu ve ergonomik olarak optimize edilmi\u015f i\u015fleyi\u015fine yeni bir boyut kazand\u0131r\u0131yor.&nbsp;<\/p>\n<p>&nbsp;<\/p>\n<p>BMW\u2019nin i\u015fletim konseptlerindeki \u00e7eyrek as\u0131rl\u0131k \u00f6nc\u00fcl\u00fck ve teknolojik liderli\u011finin Yeni BMW Panoramic iDrive&#8217;a aktar\u0131ld\u0131\u011f\u0131n\u0131 belirten&nbsp;<strong>BMW AG Y\u00f6netim Kurulu \u00dcyesi, Geli\u015ftirme Sorumlusu<\/strong>&nbsp;<strong>Frank Weber<\/strong>, \u201cY\u00fcksek teknolojiyi, \u00fcst d\u00fczey sezgisellik ile bulu\u015fturduk. Bu teknolojinin temellerini olu\u015fturan yeni \u0130\u015fletim Sistemi X ile d\u00fcnyan\u0131n en iyi ve en kapsaml\u0131 bilgi-e\u011flence sistemlerinden birine daha da b\u00fcy\u00fck bir yetenek kazand\u0131rarak ve \u00e7ok modlu etkile\u015fimde sekt\u00f6r standard\u0131n\u0131 bir kez daha belirliyoruz. Bu y\u0131l\u0131n sonundaki ilk seri \u00fcretim Neue Klasse modeli ba\u015fta olmak \u00fczere yeni Panoramic iDrive gelecekteki t\u00fcm BMW modellerinin ayr\u0131lmaz bir par\u00e7as\u0131 olacak.&#8221; diyor.<\/p>\n<p>&nbsp;<\/p>\n<p>S\u00fcr\u00fcc\u00fcye do\u011fru bilgiyi do\u011fru yer ve zamanda sunan&nbsp;<strong>BMW Panoramic iDrive<\/strong>, analog ve dijital etkile\u015fimlerin optimal bir kombinasyonu sunma yakla\u015f\u0131m\u0131n\u0131 devam ettiriyor. Silecekler, sinyal lambalar\u0131, d\u0131\u015f dikiz aynalar\u0131, ses kontrol\u00fc, vites se\u00e7icileri ve buz \u00e7\u00f6z\u00fcc\u00fcler dokunsal d\u00fc\u011fmelerle kumanda edilirken medya kontrol, navigasyon, s\u00fcr\u00fc\u015f asistan\u0131, ekran ki\u015fiselle\u015ftirme, MyModes se\u00e7imi gibi di\u011fer i\u015flevler ise dokunma\/ses kontrol\u00fc ya da \u00c7ok Fonksiyonlu Direksiyon arac\u0131l\u0131\u011f\u0131yla optimize ediliyor.<\/p>\n<p>&nbsp;<\/p>\n<p><strong>BMW Panoramic iDrive<\/strong>&#8216;\u0131n geli\u015ftirilme a\u015famas\u0131nda, 22 milyon ba\u011flant\u0131l\u0131 BMW otomobilden elde edilen veriler \u00fczerinden ger\u00e7ekle\u015fen \u00f6\u011frenme s\u00fcrecinin yan\u0131 s\u0131ra BMW laboratuvarlar\u0131nda yakla\u015f\u0131k 3.000 m\u00fc\u015fterinin kat\u0131ld\u0131\u011f\u0131 say\u0131s\u0131z \u00e7al\u0131\u015fma yap\u0131ld\u0131. Bu sayede i\u015fletim mant\u0131\u011f\u0131na y\u00f6nelik her karar, veriye dayal\u0131 bir \u015fekilde al\u0131narak kullan\u0131c\u0131 deneyimi, m\u00fc\u015fteri tercihleri ve gereksinimleriyle uyumlu hale getirildi.<\/p>\n<p>&nbsp;<\/p>\n<p><strong>BMW \u0130\u015fletim Sistemi X: Ak\u0131ll\u0131, \u00c7ok Y\u00f6nl\u00fc, Gelece\u011fe Uygun<br \/>\n&nbsp;<\/strong>Tamam\u0131 BMW taraf\u0131ndan geli\u015ftirilen Yeni BMW \u0130\u015fletim Sistemi X, BMW modellerinin bir\u00e7o\u011funda kullan\u0131lan mevcut i\u015fletim sisteminin bir g\u00fcncellemesi olarak sunuluyor. Yeni BMW \u0130\u015fletim Sistemi X, bir \u00f6nceki sistemden daha b\u00fcy\u00fck bir g\u00fcncelleme sunmas\u0131yla hem ge\u00e7mi\u015fle uyumlu hem de gelece\u011fe y\u00f6nelik bir altyap\u0131 olarak \u00f6ne \u00e7\u0131k\u0131yor.&nbsp;<\/p>\n<p>&nbsp;<\/p>\n<p><strong>BMW Group Ba\u011flant\u0131l\u0131 \u015eirketlerden Sorumlu K\u0131demli Ba\u015fkan Yard\u0131mc\u0131s\u0131<\/strong><strong>&nbsp;Stephan Durach<\/strong>, \u201cYeni BMW Panoramic iDrive&#8217;\u0131n genel konsepti, Yeni BMW \u0130\u015fletim Sistemi X ile gelen b\u00fcy\u00fck bir teknolojik s\u0131\u00e7rama sayesinde m\u00fcmk\u00fcn oldu. Sezgisel bir kullan\u0131m, duygusal a\u00e7\u0131dan etkileyici deneyimler ve m\u00fckemmel derecede ki\u015fiselle\u015ftirme sunan Yeni BMW iDrive; Yeni BMW \u0130\u015fletim Sistemi X sayesinde yaz\u0131l\u0131m tabanl\u0131 bir arac\u0131n potansiyelini ortaya koyuyor.\u201d diyor.<\/p>\n<p>&nbsp;<\/p>\n<p>BMW \u0130\u015fletim Sistemi X&#8217;in geni\u015fletilmi\u015f zekas\u0131, Merkezi Ekran ve \u00c7ok Fonksiyonlu Direksiyonun fiziksel ve dijital deneyimlerini birle\u015ftirmeyi m\u00fcmk\u00fcn k\u0131l\u0131yor. \u00d6rne\u011fin, gelen bir arama ilk olarak BMW Panoramic Vision&#8217;da g\u00f6steriliyor ve direksiyon \u00fczerindeki butonlar ile aramay\u0131 kabul veya reddetme se\u00e7ene\u011fi sunuluyor.&nbsp;<\/p>\n<p>&nbsp;<\/p>\n<p>Bir navigasyon hedefi, dokunmatik kontrol veya sesli komutla girildi\u011finde, rota y\u00f6nlendirme uyar\u0131lar\u0131 BMW 3D Head-Up Display&#8217;de; yollar ve kav\u015faklar hakk\u0131ndaki daha fazla bilgi ise BMW Panoramic Vision&#8217;da g\u00f6steriliyor. Bunun yan\u0131 s\u0131ra Merkezi Ekran \u00fczerinde daha geni\u015f \u00f6l\u00e7ekli bir harita g\u00f6r\u00fcn\u00fcm\u00fc de sunulabiliyor.<\/p>\n<p>&nbsp;<\/p>\n<p><strong>BMW \u0130\u015fletim Sistemi X<\/strong>&nbsp;ile ki\u015fiselle\u015ftirmeyi yeni bir seviyeye ta\u015f\u0131yan BMW Panoramic Vision&#8217;daki ekranlar, ki\u015fisel tercihlere g\u00f6re uyarlanabiliyor. S\u00fcr\u00fcc\u00fcler art\u0131k \u201cMy Mode\u201dda \u00e7e\u015fitli s\u00fcr\u00fc\u015f \u00f6zellikleri i\u00e7in kendi ayarlar\u0131n\u0131 se\u00e7ebiliyor. Ayr\u0131ca, kullan\u0131c\u0131 taraf\u0131ndan se\u00e7ilen g\u00f6rseller, Merkezi Ekran i\u00e7in arka plan olarak y\u00fcklenebiliyor ve Ortam Ayd\u0131nlatmas\u0131 ile kullan\u0131c\u0131 aray\u00fcz\u00fc tasar\u0131m\u0131n\u0131n renkleri, s\u00fcr\u00fcc\u00fcn\u00fcn \u00f6zel tercihlerine g\u00f6re ayarlanabiliyor.&nbsp;<\/p>\n<p>&nbsp;<\/p>\n<p><strong>BMW Ak\u0131ll\u0131 Ki\u015fisel Asistan\u0131 ile Maksimum Konfor<\/strong><\/p>\n<p>\u00c7ok Fonksiyonlu Direksiyondaki ilgili d\u00fc\u011fmeye bas\u0131larak veya &#8220;Hey BMW&#8221; komutuyla devreye al\u0131nabilen&nbsp;<strong>BMW Ak\u0131ll\u0131 Ki\u015fisel Asistan\u0131<\/strong>\u2019n\u0131n yetenekleri s\u00fcrekli olarak geli\u015ftiriliyor. Bu teknolojinin B\u00fcy\u00fck Dil Modellerinin (LLM) entegrasyonu sayesinde Neue Klasse i\u00e7in tamamen yeni bir seviyeye ta\u015f\u0131nmas\u0131 hedefleniyor.&nbsp;<strong>BMW Ak\u0131ll\u0131 Ki\u015fisel Asistan\u0131<\/strong>, ba\u015flang\u0131\u00e7ta navigasyona odaklanacak ve m\u00fc\u015fterinin \u201cBeni en yak\u0131n \u015farj istasyonuna g\u00f6t\u00fcr.\u201d, \u201cYak\u0131nda hangi restoran var?&#8221; gibi daha kapsaml\u0131 sesli komutlar vermesini sa\u011flayacak. &nbsp;<\/p>\n<p>&nbsp;<\/p>\n<p><strong>BMW Ak\u0131ll\u0131 Ki\u015fisel Asistan\u0131<\/strong>, BMW&#8217;nin mevcut bilgi-e\u011flence sistemlerinde oldu\u011fu gibi kullan\u0131c\u0131 davran\u0131\u015f\u0131na dayal\u0131 olarak proaktif \u00f6nerilerde bulunabiliyor. Bu \u00f6zellik,&nbsp;<strong>BMW \u0130\u015fletim Sistemi X<\/strong>&nbsp;ile bir \u00fcst seviyeye ta\u015f\u0131narak ilgili durumlarda s\u00fcr\u00fcc\u00fcn\u00fcn nadiren kulland\u0131\u011f\u0131 s\u00fcr\u00fcc\u00fc destek sistemlerini vurguluyor. \u00d6rne\u011fin, s\u00fcr\u00fcc\u00fc daha \u00f6nce ba\u011f\u0131ms\u0131z olarak Spor Modu&#8217;nu etkinle\u015ftirmi\u015fse, sistem uygun rotalarda Spor Modu&#8217;na ge\u00e7meyi \u00f6neriyor. E\u011fer s\u00fcr\u00fcc\u00fc, bu \u00f6nerilere birka\u00e7 kez yan\u0131t vermezse sistem \u00f6neride bulunmay\u0131 sonland\u0131r\u0131yor.<\/p>\n<p>&nbsp;<\/p>\n<p><strong>Tasar\u0131m\u0131 ve Teknolojisiyle E\u015fsiz Bir Deneyim: BMW Panoramic iDrive<\/strong><\/p>\n<p>S\u00fcr\u00fc\u015f deneyimi \u00f6n planda tutularak s\u00fcr\u00fcc\u00fcn\u00fcn rahat hissetmesi ve ara\u00e7 \u00fczerinde tam kontrol sahibi olmas\u0131 hedeflenen&nbsp;<strong>Yeni BMW Panoramic iDrive<\/strong>&#8216;\u0131n tasar\u0131m\u0131 da bu amaca uygun olarak geli\u015ftirildi. Kullan\u0131c\u0131 aray\u00fcz\u00fc, m\u00fcmk\u00fcn oldu\u011funca sezgisel ve uyumlu bir \u015fekilde tasarlanarak kesintisiz etkile\u015fim sa\u011flamak amac\u0131yla detaylara \u00f6zel bir \u00f6nem verildi. Bunun sonucunda ses, \u0131\u015f\u0131k ve yenilik\u00e7i tasar\u0131m\u0131n uyumlu birle\u015fimiyle zenginle\u015ftirilmi\u015f b\u00fct\u00fcnsel bir deneyim ortaya \u00e7\u0131kt\u0131. T\u00fcm yolculuklar\u0131 insan ile ara\u00e7 aras\u0131nda \u00f6zel bir ba\u011f kurma an\u0131na d\u00f6n\u00fc\u015ft\u00fcren&nbsp;<strong>Yeni BMW Panoramic iDrive<\/strong>, 2025 sonundan itibaren t\u00fcm yeni BMW modellerine entegre edilebilecek.&nbsp;<\/p>\n<p>&nbsp;<\/p>\n<p><strong>BMW Group K\u0131demli Tasar\u0131m Ba\u015fkan Yard\u0131mc\u0131s\u0131&nbsp;<\/strong><strong>Adrian van Hooydonk,&nbsp;<\/strong>&#8220;Teknoloji ve m\u00fc\u015fteri tercihlerinin de\u011fi\u015fimi her zamankinden daha h\u0131zl\u0131. Dijital deneyimlerin ve sesin tasar\u0131m\u0131 giderek daha \u00f6nemli bir rol oynuyor. Yeni BMW Panoramic iDrive, sadece ara\u00e7lar\u0131m\u0131z\u0131 daha ak\u0131ll\u0131 ve kullan\u0131c\u0131 dostu hale getirmekle kalm\u0131yor, ayn\u0131 zamanda \u00e7ok daha geni\u015f ki\u015fiselle\u015ftirme imk\u00e2n\u0131 sunarak her yeni BMW&#8217;yi kullan\u0131c\u0131n\u0131n kendisine ait bir otomobile d\u00f6n\u00fc\u015ft\u00fcr\u00fcyor.\u201d diyor.<\/p>\n<p>&nbsp;<\/p>\n<p>Yeni&nbsp;<strong>HypersonX<\/strong>&nbsp;ses deneyimi,&nbsp;<strong>Yeni BMW Panoramic iDrive<\/strong>&nbsp;taraf\u0131ndan sunulan b\u00fct\u00fcnsel deneyimin bir di\u011fer \u00f6gesi olarak \u00f6ne \u00e7\u0131k\u0131yor. BMW Group Ses Tasar\u0131m\u0131 St\u00fcdyosu taraf\u0131ndan geli\u015ftirilen ve Neue Klasse modellerinde bulunan bu sistem, Li3 ses sinyalleri ile Ki\u015fisel Mod ve Spor Modu i\u00e7in \u00f6zel s\u00fcr\u00fc\u015f seslerini i\u00e7eriyor. \u00c7ok boyutlu spektrum, sesleri mevcut s\u00fcr\u00fc\u015f durumuna tam uyarlayarak s\u00fcr\u00fcc\u00fc ile BMW aras\u0131nda duygusal bir etkile\u015fim yarat\u0131yor.<\/p>\n<p>&nbsp;<\/td>\n<\/tr>\n<\/tbody>\n<\/table>\n<\/td>\n<\/tr>\n<\/tbody>\n<\/table>\n<\/td>\n<\/tr>\n<\/tbody>\n<\/table>\n","protected":false},"excerpt":{"rendered":"<p>&nbsp; &nbsp; BMW, CES 2025\u2019te Gelece\u011fin S\u00fcr\u00fc\u015f Deneyimini Tan\u0131tt\u0131: &nbsp;Yeni BMW Panoramic iDrive ve BMW \u0130\u015fletim Sistemi X &nbsp; Borusan Otomotiv\u2019in T\u00fcrkiye distrib\u00fct\u00f6rl\u00fc\u011f\u00fcn\u00fc \u00fcstlendi\u011fi BMW, MINI ve BMW Motorrad markalar\u0131n\u0131 b\u00fcnyesinde bar\u0131nd\u0131ran BMW Group, 7 \u2013 11 Ocak tarihleri aras\u0131nda&nbsp;Las Vegas&#8217;ta d\u00fczenlenen T\u00fcketici Elektroni\u011fi Fuar\u0131&#8217;nda (CES),&nbsp;gelece\u011fin s\u00fcr\u00fc\u015f ve kullan\u0131c\u0131&nbsp;deneyimini&nbsp;tan\u0131mlayan Yeni BMW iDrive ve BMW \u0130\u015fletim [&hellip;]<\/p>\n","protected":false},"author":1,"featured_media":49021,"comment_status":"open","ping_status":"open","sticky":false,"template":"","format":"standard","meta":{"ngg_post_thumbnail":0},"categories":[5215],"tags":[],"_links":{"self":[{"href":"https:\/\/emlaktuel.com\/index.php?rest_route=\/wp\/v2\/posts\/49020"}],"collection":[{"href":"https:\/\/emlaktuel.com\/index.php?rest_route=\/wp\/v2\/posts"}],"about":[{"href":"https:\/\/emlaktuel.com\/index.php?rest_route=\/wp\/v2\/types\/post"}],"author":[{"embeddable":true,"href":"https:\/\/emlaktuel.com\/index.php?rest_route=\/wp\/v2\/users\/1"}],"replies":[{"embeddable":true,"href":"https:\/\/emlaktuel.com\/index.php?rest_route=%2Fwp%2Fv2%2Fcomments&post=49020"}],"version-history":[{"count":1,"href":"https:\/\/emlaktuel.com\/index.php?rest_route=\/wp\/v2\/posts\/49020\/revisions"}],"predecessor-version":[{"id":49024,"href":"https:\/\/emlaktuel.com\/index.php?rest_route=\/wp\/v2\/posts\/49020\/revisions\/49024"}],"wp:featuredmedia":[{"embeddable":true,"href":"https:\/\/emlaktuel.com\/index.php?rest_route=\/wp\/v2\/media\/49021"}],"wp:attachment":[{"href":"https:\/\/emlaktuel.com\/index.php?rest_route=%2Fwp%2Fv2%2Fmedia&parent=49020"}],"wp:term":[{"taxonomy":"category","embeddable":true,"href":"https:\/\/emlaktuel.com\/index.php?rest_route=%2Fwp%2Fv2%2Fcategories&post=49020"},{"taxonomy":"post_tag","embeddable":true,"href":"https:\/\/emlaktuel.com\/index.php?rest_route=%2Fwp%2Fv2%2Ftags&post=49020"}],"curies":[{"name":"wp","href":"https:\/\/api.w.org\/{rel}","templated":true}]}}