{"id":48969,"date":"2024-12-19T09:47:53","date_gmt":"2024-12-19T06:47:53","guid":{"rendered":"https:\/\/emlaktuel.com\/?p=48969"},"modified":"2024-12-19T09:50:29","modified_gmt":"2024-12-19T06:50:29","slug":"insaat-sektoru-temsilcilerinin-tuik-kasim-ayi-konut-satislari-hakkinda-ne-dedi","status":"publish","type":"post","link":"https:\/\/emlaktuel.com\/?p=48969","title":{"rendered":"\u0130n\u015faat sekt\u00f6r\u00fc temsilcileri T\u00dc\u0130K Kas\u0131m ay\u0131 konut sat\u0131\u015flar\u0131 hakk\u0131nda ne dedi?"},"content":{"rendered":"<p>Tamer \u00d6zyurt \/ \u00d6zyurtlar Holding Y\u00f6netim Kurulu Ba\u015fkan\u0131: \u201cSekt\u00f6r\u00fcn b\u00fcy\u00fcmesi t\u00fcm kesimler i\u00e7in \u00f6nem ta\u015f\u0131yor\u201d<\/p>\n<p><img loading=\"lazy\" class=\"alignnone size-full wp-image-23614\" src=\"https:\/\/emlaktuel.com\/wp-content\/uploads\/2018\/08\/tamer-ozyurt-insaatta-sat-yap-donemi-bitti--simdi-yap-sat-zamani.jpg\" alt=\"\" width=\"750\" height=\"500\"><\/p>\n<p>Konut sat\u0131\u015flar\u0131ndaki art\u0131\u015f trendinin kas\u0131m ay\u0131nda da devam etti\u011fini g\u00f6r\u00fcyoruz. T\u00fcrkiye genelinde konut sat\u0131\u015flar\u0131 kas\u0131m ay\u0131nda bir \u00f6nceki y\u0131l\u0131n ayn\u0131 ay\u0131na g\u00f6re y\u00fczde 63,6 oran\u0131nda artm\u0131\u015f. \u0130potekli sat\u0131\u015flarda ise kas\u0131m ay\u0131nda rekor denecek bir art\u0131\u015f s\u00f6z konusu. Bu yukar\u0131 y\u00f6nl\u00fc hareketler bizler i\u00e7in gayet sevindirici. Unutmamal\u0131y\u0131z ki; in\u015faat ve gayrimenkul sekt\u00f6r\u00fc, T\u00fcrkiye ekonomisinin lokomotif sekt\u00f6rlerinin ba\u015f\u0131nda geliyor. Sekt\u00f6r\u00fcm\u00fcz pek \u00e7ok sekt\u00f6r\u00fc dolayl\u0131 yoldan besliyor ve istihdama katk\u0131 sa\u011fl\u0131yor. Bu y\u00fczden sekt\u00f6r\u00fcm\u00fcz\u00fcn b\u00fcy\u00fcmesi ve geli\u015fmesi t\u00fcm kesimler i\u00e7in b\u00fcy\u00fck \u00f6nem olu\u015fturuyor. Son gelen rakamlar konut almak i\u00e7in bekleyen kesimin hareketinin devam etti\u011fini g\u00f6steriyor. Bu nedenle 2024 y\u0131l\u0131n\u0131 bu \u015fekilde kapatmay\u0131 ve yeni y\u0131l\u0131 faiz indirimi ile kar\u015f\u0131lamay\u0131 umuyoruz.<\/p>\n<p>Erdal Albayrak \/ Albayrak Beton Y\u00f6netim Kurulu Ba\u015fkan\u0131:<br \/>\n\u201cRakamlar sevindirici, iste\u011fimiz \u00fcretimin ve yat\u0131r\u0131m\u0131n artmas\u0131\u201d<\/p>\n<p><img loading=\"lazy\" class=\"alignnone size-full wp-image-48951\" src=\"https:\/\/emlaktuel.com\/wp-content\/uploads\/2024\/12\/IMG_0322.jpeg\" alt=\"\" width=\"1179\" height=\"714\"><\/p>\n<p>T\u00dc\u0130K rakamlar\u0131 kas\u0131m ay\u0131nda da in\u015faat sekt\u00f6r\u00fcn\u00fc ve bu sekt\u00f6r\u00fcn etkiledi\u011fi i\u015f kollar\u0131n\u0131 sevindirdi. Resmi verilere g\u00f6re, son aylardaki konut sat\u0131\u015flar\u0131ndaki y\u00fckseli\u015f her ne kadar t\u00fcm kesimlerde hissedilmese de sekt\u00f6rde hareket yaratmas\u0131 bak\u0131m\u0131ndan umut verici olarak nitelendirilebilir. Ancak bir yandan da in\u015faat girdi maliyetlerindeki art\u0131\u015f unutulmamal\u0131. Bu art\u0131\u015f, mutlaka fiyatlara yans\u0131yacak ve konut sahibi olmak isteyenler \u00f6n\u00fcm\u00fczdeki d\u00f6nemlerde daha fazla \u00f6deme yapmak zorunda kalacak. Bunu bilen kesim harekete ge\u00e7mi\u015f durumda. Umuyoruz ki buna ek olarak, yeni y\u0131lda kredi faiz oranlar\u0131 ula\u015f\u0131labilir bir seviyeye iner ve bu da konut sat\u0131\u015flar\u0131na olumlu \u015fekilde yans\u0131r. \u0130ste\u011fimiz sekt\u00f6r\u00fcm\u00fcz\u00fcn hareketlenmesi, \u00fcretim ve yat\u0131r\u0131m\u0131n artmas\u0131d\u0131r.<\/p>\n<p>Recep Kocabey \/ Azizo\u011flu Gayrimenkul A.\u015e. Y\u00f6netim Kurulu Ba\u015fkan\u0131:<br \/>\n\u201cOlas\u0131 fiyat art\u0131\u015flar\u0131 konuta talebi artt\u0131rd\u0131\u201d<\/p>\n<p><img loading=\"lazy\" class=\"alignnone size-full wp-image-48970\" src=\"https:\/\/emlaktuel.com\/wp-content\/uploads\/2024\/12\/IMG_20241219_094432.jpg\" alt=\"\" width=\"1080\" height=\"616\"><\/p>\n<p>Kas\u0131m ay\u0131nda da bekledi\u011fimiz gibi konut sat\u0131\u015flar\u0131nda yukar\u0131 y\u00f6nl\u00fc hareket devam etti. Yat\u0131r\u0131mc\u0131 ve konut al\u0131c\u0131s\u0131n\u0131n ilgisini son aylarda bizler de g\u00f6zlemliyoruz. 2024 y\u0131l\u0131nda oturumcu a\u011f\u0131rl\u0131kl\u0131 devam eden s\u00fcrece ek olarak, \u00f6zellikle ikinci yar\u0131dan sonra yat\u0131r\u0131mc\u0131 al\u0131c\u0131lar da konut pazar\u0131na giri\u015f yaparak sat\u0131n al\u0131mlar ger\u00e7ekle\u015ftirdi. Olas\u0131 fiyat art\u0131\u015flar\u0131 konuta talebi artt\u0131rd\u0131. B\u00f6ylece konut sat\u0131\u015flar\u0131nda son aylar\u0131n en b\u00fcy\u00fck y\u00fckseli\u015fi ya\u015fand\u0131. Yat\u0131r\u0131mc\u0131 m\u00fc\u015fterilerin, gayrimenkul al\u0131m\u0131 ger\u00e7ekle\u015ftirmelerinin en b\u00fcy\u00fck g\u00f6stergelerden birisi ise ipotekli sat\u0131\u015flar\u0131n artmas\u0131d\u0131r. \u0130potekli sat\u0131\u015flarda kas\u0131mda y\u0131ll\u0131k y\u00fczde 315,7 art\u0131\u015f ger\u00e7ekle\u015fmi\u015f durumda, bu rakam rekor denecek bir art\u0131\u015f seviyesi. Bundan sonraki s\u00fcre\u00e7te de konut kredi oranlar\u0131n\u0131n d\u00fc\u015fmesi ve krediye eri\u015fimin kolayla\u015fmas\u0131yla konut sekt\u00f6r\u00fcne can suyu gelecektir.<\/p>\n<p>\u0130hsan \u00c7ulhal\u0131k \/ \u0130nsay Yap\u0131 Y\u00f6netim Kurulu Ba\u015fkan\u0131:<br \/>\n\u201cSat\u0131\u015f art\u0131\u015flar\u0131n\u0131n etkisi yeni y\u0131lda daha \u00e7ok hissedilebilir\u201d<\/p>\n<p><img loading=\"lazy\" class=\"alignnone size-full wp-image-41768\" src=\"https:\/\/emlaktuel.com\/wp-content\/uploads\/2023\/01\/ihsan_culhalik.jpg\" alt=\"\" width=\"750\" height=\"362\"><\/p>\n<p>T\u00dc\u0130K verilerine bakt\u0131\u011f\u0131m\u0131zda konut sat\u0131\u015f rakamlar\u0131n\u0131n yukar\u0131 y\u00f6nl\u00fc hareketinin s\u00fcrd\u00fc\u011f\u00fcn\u00fc g\u00f6r\u00fcyoruz. \u00d6zellikle ipotekli sat\u0131\u015flardan gelen rakamlar umut verici. \u00c7\u00fcnk\u00fc son birka\u00e7 aya kadar konut sat\u0131\u015flar\u0131 a\u015fa\u011f\u0131 y\u00f6nl\u00fc hareketini s\u00fcrd\u00fcr\u00fcyordu. \u015eimdi ba\u015flayan yukar\u0131 y\u00f6nl\u00fc hareketin devaml\u0131l\u0131k g\u00f6stermesi sekt\u00f6r\u00fcm\u00fcz a\u00e7\u0131s\u0131ndan olumlu bir geli\u015fme olarak kabul edilebilir. Y\u0131l\u0131n son aylar\u0131nda her ne kadar konut sat\u0131\u015f rakamlar\u0131nda yukar\u0131 y\u00f6nl\u00fc hareketler olsa da reelde pek \u00e7ok kesimde hissedilmedi. Bu y\u0131l\u0131n, konut sat\u0131\u015flar\u0131ndaki art\u0131\u015fla kapanaca\u011f\u0131n\u0131 tahmin ediyoruz. Yeni y\u0131lda konut kredi faizlerinin ula\u015f\u0131labilir seviyelere gerilemesiyle beraber hem yat\u0131r\u0131mc\u0131lar hem de ev sahibi olmak isteyenler harekete ge\u00e7ecektir. B\u00f6ylece konut sat\u0131\u015flar\u0131ndaki art\u0131\u015f\u0131n etkisi daha da hissedilebilir hale gelecektir.<\/p>\n","protected":false},"excerpt":{"rendered":"<p>Tamer \u00d6zyurt \/ \u00d6zyurtlar Holding Y\u00f6netim Kurulu Ba\u015fkan\u0131: \u201cSekt\u00f6r\u00fcn b\u00fcy\u00fcmesi t\u00fcm kesimler i\u00e7in \u00f6nem ta\u015f\u0131yor\u201d Konut sat\u0131\u015flar\u0131ndaki art\u0131\u015f trendinin kas\u0131m ay\u0131nda da devam etti\u011fini g\u00f6r\u00fcyoruz. T\u00fcrkiye genelinde konut sat\u0131\u015flar\u0131 kas\u0131m ay\u0131nda bir \u00f6nceki y\u0131l\u0131n ayn\u0131 ay\u0131na g\u00f6re y\u00fczde 63,6 oran\u0131nda artm\u0131\u015f. \u0130potekli sat\u0131\u015flarda ise kas\u0131m ay\u0131nda rekor denecek bir art\u0131\u015f s\u00f6z konusu. Bu yukar\u0131 y\u00f6nl\u00fc [&hellip;]<\/p>\n","protected":false},"author":1,"featured_media":39339,"comment_status":"open","ping_status":"open","sticky":false,"template":"","format":"standard","meta":{"ngg_post_thumbnail":0},"categories":[97,5388],"tags":[],"_links":{"self":[{"href":"https:\/\/emlaktuel.com\/index.php?rest_route=\/wp\/v2\/posts\/48969"}],"collection":[{"href":"https:\/\/emlaktuel.com\/index.php?rest_route=\/wp\/v2\/posts"}],"about":[{"href":"https:\/\/emlaktuel.com\/index.php?rest_route=\/wp\/v2\/types\/post"}],"author":[{"embeddable":true,"href":"https:\/\/emlaktuel.com\/index.php?rest_route=\/wp\/v2\/users\/1"}],"replies":[{"embeddable":true,"href":"https:\/\/emlaktuel.com\/index.php?rest_route=%2Fwp%2Fv2%2Fcomments&post=48969"}],"version-history":[{"count":2,"href":"https:\/\/emlaktuel.com\/index.php?rest_route=\/wp\/v2\/posts\/48969\/revisions"}],"predecessor-version":[{"id":48972,"href":"https:\/\/emlaktuel.com\/index.php?rest_route=\/wp\/v2\/posts\/48969\/revisions\/48972"}],"wp:featuredmedia":[{"embeddable":true,"href":"https:\/\/emlaktuel.com\/index.php?rest_route=\/wp\/v2\/media\/39339"}],"wp:attachment":[{"href":"https:\/\/emlaktuel.com\/index.php?rest_route=%2Fwp%2Fv2%2Fmedia&parent=48969"}],"wp:term":[{"taxonomy":"category","embeddable":true,"href":"https:\/\/emlaktuel.com\/index.php?rest_route=%2Fwp%2Fv2%2Fcategories&post=48969"},{"taxonomy":"post_tag","embeddable":true,"href":"https:\/\/emlaktuel.com\/index.php?rest_route=%2Fwp%2Fv2%2Ftags&post=48969"}],"curies":[{"name":"wp","href":"https:\/\/api.w.org\/{rel}","templated":true}]}}