{"id":48963,"date":"2024-12-19T09:40:04","date_gmt":"2024-12-19T06:40:04","guid":{"rendered":"https:\/\/emlaktuel.com\/?p=48963"},"modified":"2024-12-19T09:40:04","modified_gmt":"2024-12-19T06:40:04","slug":"hakan-sisik-konut-almanin-tam-zamani","status":"publish","type":"post","link":"https:\/\/emlaktuel.com\/?p=48963","title":{"rendered":"Hakan \u015ei\u015fik: &#8220;Konut alman\u0131n tam zaman\u0131&#8221;"},"content":{"rendered":"<p>ANADOLU YAKASI \u0130N\u015eAAT M\u00dcTEAHH\u0130TLER\u0130 DERNE\u011e\u0130 (AY\u0130DER) BA\u015eKANI HAKAN \u015e\u0130\u015e\u0130K:<br \/>\n\u201cKONUT ALMANIN TAM ZAMANI\u201d<\/p>\n<p><img loading=\"lazy\" class=\"alignnone size-full wp-image-48964\" src=\"https:\/\/emlaktuel.com\/wp-content\/uploads\/2024\/12\/IMG_20241219_093823.jpg\" alt=\"\" width=\"1080\" height=\"818\"><\/p>\n<p>Ekim ay\u0131ndaki konut sat\u0131\u015flar\u0131ndaki s\u0131\u00e7rama kas\u0131m ay\u0131nda da devam ediyor. Kas\u0131m ay\u0131na g\u00f6re sat\u0131\u015flarda bir miktar azalma olsa da ge\u00e7en y\u0131l\u0131n ayn\u0131 ay\u0131na g\u00f6re y\u00fczde 63,6\u2019l\u0131k art\u0131\u015f sekt\u00f6r\u00fcn ray\u0131na girdi\u011fini g\u00f6steriyor. Konut sat\u0131\u015flar\u0131 ocak-kas\u0131m d\u00f6neminde bir \u00f6nceki y\u0131l\u0131n ayn\u0131 d\u00f6nemine g\u00f6re y\u00fczde 16,4 oran\u0131nda artarak 1 milyon 265 bin 388 olarak ger\u00e7ekle\u015fti. Ya\u015fanan bu art\u0131\u015f, sekt\u00f6rdeki hareketlili\u011fin ve talebin y\u00fckseldi\u011fini g\u00f6zler \u00f6n\u00fcne seriyor. \u00d6zellikle ipotekli sat\u0131\u015flardaki belirgin art\u0131\u015f, kredi kullan\u0131m\u0131n\u0131n etkili oldu\u011funu g\u00f6steriyor. Bu d\u00f6nem y\u00fcksek kredi maliyeti olmas\u0131na ra\u011fmen kredi \u00e7ekilip ev al\u0131nmas\u0131yla ilgili en avantajl\u0131 d\u00f6nem. Maliyetlerdeki art\u0131\u015f devam ediyor ve asgari \u00fccrete yap\u0131lacak zamla birlikte i\u015f\u00e7ilik \u00fccretlerinden malzeme \u00fccretlerine kadar t\u00fcm kalemlerde ya\u015fanacak. Bu da hem birinci hem de ikinci el konutlara yans\u0131yacakt\u0131r. T\u00fcm bunlardan dolay\u0131 konut almak i\u00e7in do\u011fru bir zaman oldu\u011funu belirtirken kredilerin faizlerin d\u00fc\u015fmesiyle birlikte yeniden yap\u0131land\u0131r\u0131labilece\u011fini de hat\u0131rlatmakta fayda var. Kira geliri nedeniyle gayrimenkul almak isteyenler i\u00e7in \u00f6nemli bir f\u0131rsat. Konut fiyatlar\u0131 y\u00fckselmeden uygun fiyata konut almak i\u00e7in do\u011fru zaman dilimi.<\/p>\n<p>&nbsp;<\/p>\n","protected":false},"excerpt":{"rendered":"<p>ANADOLU YAKASI \u0130N\u015eAAT M\u00dcTEAHH\u0130TLER\u0130 DERNE\u011e\u0130 (AY\u0130DER) BA\u015eKANI HAKAN \u015e\u0130\u015e\u0130K: \u201cKONUT ALMANIN TAM ZAMANI\u201d Ekim ay\u0131ndaki konut sat\u0131\u015flar\u0131ndaki s\u0131\u00e7rama kas\u0131m ay\u0131nda da devam ediyor. Kas\u0131m ay\u0131na g\u00f6re sat\u0131\u015flarda bir miktar azalma olsa da ge\u00e7en y\u0131l\u0131n ayn\u0131 ay\u0131na g\u00f6re y\u00fczde 63,6\u2019l\u0131k art\u0131\u015f sekt\u00f6r\u00fcn ray\u0131na girdi\u011fini g\u00f6steriyor. Konut sat\u0131\u015flar\u0131 ocak-kas\u0131m d\u00f6neminde bir \u00f6nceki y\u0131l\u0131n ayn\u0131 d\u00f6nemine g\u00f6re y\u00fczde [&hellip;]<\/p>\n","protected":false},"author":1,"featured_media":41091,"comment_status":"open","ping_status":"open","sticky":false,"template":"","format":"standard","meta":{"ngg_post_thumbnail":0},"categories":[5388],"tags":[],"_links":{"self":[{"href":"https:\/\/emlaktuel.com\/index.php?rest_route=\/wp\/v2\/posts\/48963"}],"collection":[{"href":"https:\/\/emlaktuel.com\/index.php?rest_route=\/wp\/v2\/posts"}],"about":[{"href":"https:\/\/emlaktuel.com\/index.php?rest_route=\/wp\/v2\/types\/post"}],"author":[{"embeddable":true,"href":"https:\/\/emlaktuel.com\/index.php?rest_route=\/wp\/v2\/users\/1"}],"replies":[{"embeddable":true,"href":"https:\/\/emlaktuel.com\/index.php?rest_route=%2Fwp%2Fv2%2Fcomments&post=48963"}],"version-history":[{"count":2,"href":"https:\/\/emlaktuel.com\/index.php?rest_route=\/wp\/v2\/posts\/48963\/revisions"}],"predecessor-version":[{"id":48966,"href":"https:\/\/emlaktuel.com\/index.php?rest_route=\/wp\/v2\/posts\/48963\/revisions\/48966"}],"wp:featuredmedia":[{"embeddable":true,"href":"https:\/\/emlaktuel.com\/index.php?rest_route=\/wp\/v2\/media\/41091"}],"wp:attachment":[{"href":"https:\/\/emlaktuel.com\/index.php?rest_route=%2Fwp%2Fv2%2Fmedia&parent=48963"}],"wp:term":[{"taxonomy":"category","embeddable":true,"href":"https:\/\/emlaktuel.com\/index.php?rest_route=%2Fwp%2Fv2%2Fcategories&post=48963"},{"taxonomy":"post_tag","embeddable":true,"href":"https:\/\/emlaktuel.com\/index.php?rest_route=%2Fwp%2Fv2%2Ftags&post=48963"}],"curies":[{"name":"wp","href":"https:\/\/api.w.org\/{rel}","templated":true}]}}