{"id":48883,"date":"2024-12-11T23:42:06","date_gmt":"2024-12-11T20:42:06","guid":{"rendered":"https:\/\/emlaktuel.com\/?p=48883"},"modified":"2024-12-11T23:42:06","modified_gmt":"2024-12-11T20:42:06","slug":"rams-turkiyeden-ulasilabilir-ev-sahipligi-hamlesi","status":"publish","type":"post","link":"https:\/\/emlaktuel.com\/?p=48883","title":{"rendered":"RAMS T\u00dcRK\u0130YE\u2019DEN ULA\u015eILAB\u0130L\u0130R EV SAH\u0130PL\u0130\u011e\u0130 HAMLES\u0130"},"content":{"rendered":"<h2><strong><span data-originalfontsize=\"21px\" data-originalcomputedfontsize=\"21\"><span class=\"term-highlighted\">RAMS<\/span> <span class=\"term-highlighted\">T<\/span>\u00dcRK\u0130YE\u2019DEN ULA\u015eILAB\u0130L\u0130R EV SAH\u0130PL\u0130\u011e\u0130 HAMLES\u0130<\/span><\/strong><\/h2>\n<p><strong><span data-originalfontsize=\"16px\" data-originalcomputedfontsize=\"16\">Gayrimenkul sekt\u00f6r\u00fcn\u00fcn yenilik\u00e7i ve \u00f6nc\u00fc markalar\u0131ndan <span class=\"term-highlighted\">RAMS<\/span> <span class=\"term-highlighted\">T<\/span>\u00fcrkiye, y\u0131l sonuna \u00f6zel haz\u0131rlad\u0131\u011f\u0131 dev kampanyas\u0131yla yeni bir ev sahibi olmay\u0131 \u00e7ok daha eri\u015filebilir h\u00e2le getiriyor.<\/span><\/strong><\/p>\n<p><span data-originalfontsize=\"16px\" data-originalcomputedfontsize=\"16\">Stabil devam eden kur fiyatlamalar\u0131, d\u00fc\u015fen mevduat faizi gelirleri, artan kira maliyetleri ve enflasyonist piyasa, konut sahibi olmay\u0131 planlayanlar\u0131n karar s\u00fcre\u00e7lerini \u00f6nemli oranda etkiliyor. <span class=\"term-highlighted\">RAMS<\/span> <span class=\"term-highlighted\">T<\/span>\u00fcrkiye, y\u0131l sonu kampanyas\u0131yla, hayalindeki yeni eve ula\u015fmak isteyenlere esnek ve avantajl\u0131 \u00f6deme se\u00e7enekleri sunarak hem al\u0131m s\u00fcrecini kolayla\u015f<span class=\"term-highlighted\">t<\/span>\u0131rmay\u0131 hem de ev sahibi olmak isteyenlerin konforlu bir ya\u015fam alan\u0131na ad\u0131m atmalar\u0131na destek olmay\u0131 hedefliyor.<\/span><\/p>\n<p><strong><span data-originalfontsize=\"16px\" data-originalcomputedfontsize=\"16\"><span class=\"term-highlighted\">RAMS<\/span> <span class=\"term-highlighted\">T<\/span>\u00fcrkiye\u2019den Yeni Ad\u0131m: Ev Sahipli\u011fine Daha Kolay Eri\u015fim<\/span><\/strong><\/p>\n<p><span data-originalfontsize=\"16px\" data-originalcomputedfontsize=\"16\"><span class=\"term-highlighted\">RAMS<\/span> <span class=\"term-highlighted\">T<\/span>\u00fcrkiye, fark yaratan sosyal donat\u0131lar\u0131 ve lokasyonuyla \u00f6n plana \u00e7\u0131kan <span class=\"term-highlighted\">RAMS<\/span> City Hali\u00e7 projesinde yeni evini 1,5 milyon TL\u2019ye \u015fimdi ay\u0131ranlara, pe\u015finat\u0131n\u0131 ve taksitlerini Mart 2025\u2019te \u00f6demelere ba\u015flama f\u0131rsat\u0131 sunuyor. Kampanya, %0 faiz ve 30 ay vade avantaj\u0131 sa\u011flayarak, ev sahibi olmay\u0131 daha kolay h\u00e2le getiriyor. S\u0131n\u0131rl\u0131 say\u0131daki dairelerde ge\u00e7erli olan kampanya, \u015firket b\u00fcnyesinde sunulan \u00f6deme plan\u0131yla 2024 fiyatlar\u0131n\u0131 sabitleyerek, yeni ev sahibi olmay\u0131 eri\u015filebilir k\u0131l\u0131yor.<\/span><\/p>\n<p><strong><span data-originalfontsize=\"16px\" data-originalcomputedfontsize=\"16\">\u201cM\u00fc\u015fteri Taleplerine Uygun F\u0131rsat Bir Kampanya Haz\u0131rlad\u0131k\u201d<\/span><\/strong><\/p>\n<p><span data-originalfontsize=\"16px\" data-originalcomputedfontsize=\"16\">Ev sahibi olmay\u0131 ula\u015f\u0131labilir h\u00e2le getirmeyi hedeflediklerini vurgulayan <span class=\"term-highlighted\">RAMS<\/span> <span class=\"term-highlighted\">T<\/span>\u00fcrkiye Y\u00f6netim Kurulu Ba\u015fkan\u0131&nbsp;Devran B\u00fclb\u00fcl, yenilik\u00e7i bir yakla\u015f\u0131m benimsediklerini ve kampanyay\u0131 m\u00fc\u015fteri taleplerine g\u00f6re \u015fekillendirdiklerini \u015fu s\u00f6zlerle ifade etti:<\/span><\/p>\n<p><em><span data-originalfontsize=\"16px\" data-originalcomputedfontsize=\"16\">\u201cEv sahibi olman\u0131n ula\u015f\u0131labilir bir hedef olmas\u0131 i\u00e7in at\u0131lacak ad\u0131mlar, \u00f6n\u00fcm\u00fczdeki d\u00f6nemin en \u00f6nemli g\u00fcndem maddelerinden biri olacak. <span class=\"term-highlighted\">RAMS<\/span> <span class=\"term-highlighted\">T<\/span>\u00fcrkiye olarak, insanlar\u0131n yeni evinin kap\u0131lar\u0131n\u0131 aralad\u0131klar\u0131 bir gelecek i\u00e7in \u00e7al\u0131\u015f\u0131yoruz. <span class=\"term-highlighted\">RAMS<\/span> City Hali\u00e7 projemizdeki y\u0131l sonu kampanyam\u0131zla, yenilik\u00e7i bir yakla\u015f\u0131m benimsedik ve bu alanda \u00f6nemli bir ad\u0131m att\u0131k. Kampanyan\u0131n her bir detay\u0131 bu sebeple, bizlere ula\u015fan taleplerin i\u00e7 g\u00f6r\u00fcleriyle olu\u015fturuldu. \u00d6zellikle sekt\u00f6rdeki talep art\u0131\u015f\u0131 ve m\u00fc\u015fterilerimizin beklentilerini kar\u015f\u0131lamak ad\u0131na bu ad\u0131m\u0131 att\u0131k.<\/span><\/em><span data-originalfontsize=\"16px\" data-originalcomputedfontsize=\"16\">\u201d&nbsp;<\/span><\/p>\n<p><strong><span data-originalfontsize=\"16px\" data-originalcomputedfontsize=\"16\">\u201cK\u0131sa Zamanda 10 Bin Aileden Talep Ald\u0131k\u201d<\/span><\/strong><\/p>\n<p><span data-originalfontsize=\"16px\" data-originalcomputedfontsize=\"16\">Kampanyan\u0131n k\u0131sa bir s\u00fcrede, yo\u011fun bir ilgiyle kar\u015f\u0131la\u015f<span class=\"term-highlighted\">t<\/span>\u0131\u011f\u0131n\u0131 da belirten<strong data-removefontsize=\"true\" data-originalcomputedfontsize=\"16\">&nbsp;Devran B\u00fclb\u00fcl,&nbsp;<\/strong><em data-removefontsize=\"true\" data-originalcomputedfontsize=\"16\">\u201cGayrimenkul yat\u0131r\u0131mc\u0131lar\u0131n\u0131n yat\u0131r\u0131mlar\u0131n\u0131 g\u00fcvence alt\u0131na almas\u0131n\u0131 sa\u011flamak i\u00e7in fiyatlar\u0131m\u0131z\u0131 <span class=\"term-highlighted\">T<\/span>\u00fcrk liras\u0131 \u00fczerinden sabitledik ve uzun vadeli \u00f6deme kolayl\u0131klar\u0131 sunmaya odakland\u0131k. Ayr\u0131ca, Mart 2025\u2019e kadar taksit \u00f6demelerini erteleyerek faizsiz \u00f6deme beklentileri kar\u015f\u0131lad\u0131k ve maliyet art\u0131\u015flar\u0131na kar\u015f\u0131 yat\u0131r\u0131mc\u0131lar\u0131m\u0131z\u0131n avantajl\u0131 durumda olmas\u0131n\u0131 ama\u00e7lad\u0131k. K\u0131sa bir s\u00fcre i\u00e7inde 10 binin \u00fczerinde bilgi talebi ald\u0131k ve sat\u0131\u015flar\u0131m\u0131z olduk\u00e7a yo\u011fun bir \u015fekilde devam ediyor. Konut sahipli\u011fi ihtiya\u00e7lar\u0131na ve yat\u0131r\u0131mc\u0131lara uygun finansman \u00e7\u00f6z\u00fcmleri sunarak, bu \u00f6nemli g\u00fcndem maddesine bir katk\u0131 sa\u011flamay\u0131 hedefliyoruz\u201d&nbsp;<\/em>a\u00e7\u0131klamas\u0131nda bulundu.<\/span><\/p>\n<p><strong><span data-originalfontsize=\"16px\" data-originalcomputedfontsize=\"16\">Tarihi Doku ve Modern Ya\u015fam\u0131n Bulu\u015fma Noktas\u0131<\/span><\/strong><\/p>\n<p><span data-originalfontsize=\"16px\" data-originalcomputedfontsize=\"16\">E\u015fsiz Hali\u00e7 ve Adalar manzaras\u0131na sahip <span class=\"term-highlighted\">RAMS<\/span> City Hali\u00e7, merkezi konumu, zengin sosyal olanaklar\u0131 ve geni\u015f peyzaj alanlar\u0131yla dikkatleri \u00fczerine \u00e7ekiyor. Proje, 1+1\u2019den 5+1\u2019e kadar farkl\u0131 daire se\u00e7eneklerinin bulundu\u011fu toplam 1.952 konut ve 67 ticari alan\u0131 kaps\u0131yor. Dome + Partners taraf\u0131ndan tasarlanan <span class=\"term-highlighted\">RAMS<\/span> City Hali\u00e7, gayrimenkul sekt\u00f6r\u00fcn\u00fcn en sayg\u0131n \u00f6d\u00fcllerinden biri olan European Property Awards\u2019ta 2023-2024 y\u0131l\u0131 \u201cKarma Kullan\u0131m Mimarisi\u201d kategorisinde \u00f6d\u00fcl kazanarak uluslararas\u0131 \u00e7apta b\u00fcy\u00fck bir ba\u015far\u0131ya imza att\u0131.<\/span><\/p>\n","protected":false},"excerpt":{"rendered":"<p>RAMS T\u00dcRK\u0130YE\u2019DEN ULA\u015eILAB\u0130L\u0130R EV SAH\u0130PL\u0130\u011e\u0130 HAMLES\u0130 Gayrimenkul sekt\u00f6r\u00fcn\u00fcn yenilik\u00e7i ve \u00f6nc\u00fc markalar\u0131ndan RAMS T\u00fcrkiye, y\u0131l sonuna \u00f6zel haz\u0131rlad\u0131\u011f\u0131 dev kampanyas\u0131yla yeni bir ev sahibi olmay\u0131 \u00e7ok daha eri\u015filebilir h\u00e2le getiriyor. Stabil devam eden kur fiyatlamalar\u0131, d\u00fc\u015fen mevduat faizi gelirleri, artan kira maliyetleri ve enflasyonist piyasa, konut sahibi olmay\u0131 planlayanlar\u0131n karar s\u00fcre\u00e7lerini \u00f6nemli oranda etkiliyor. RAMS [&hellip;]<\/p>\n","protected":false},"author":1,"featured_media":48885,"comment_status":"open","ping_status":"open","sticky":false,"template":"","format":"standard","meta":{"ngg_post_thumbnail":0},"categories":[5388],"tags":[],"_links":{"self":[{"href":"https:\/\/emlaktuel.com\/index.php?rest_route=\/wp\/v2\/posts\/48883"}],"collection":[{"href":"https:\/\/emlaktuel.com\/index.php?rest_route=\/wp\/v2\/posts"}],"about":[{"href":"https:\/\/emlaktuel.com\/index.php?rest_route=\/wp\/v2\/types\/post"}],"author":[{"embeddable":true,"href":"https:\/\/emlaktuel.com\/index.php?rest_route=\/wp\/v2\/users\/1"}],"replies":[{"embeddable":true,"href":"https:\/\/emlaktuel.com\/index.php?rest_route=%2Fwp%2Fv2%2Fcomments&post=48883"}],"version-history":[{"count":1,"href":"https:\/\/emlaktuel.com\/index.php?rest_route=\/wp\/v2\/posts\/48883\/revisions"}],"predecessor-version":[{"id":48886,"href":"https:\/\/emlaktuel.com\/index.php?rest_route=\/wp\/v2\/posts\/48883\/revisions\/48886"}],"wp:featuredmedia":[{"embeddable":true,"href":"https:\/\/emlaktuel.com\/index.php?rest_route=\/wp\/v2\/media\/48885"}],"wp:attachment":[{"href":"https:\/\/emlaktuel.com\/index.php?rest_route=%2Fwp%2Fv2%2Fmedia&parent=48883"}],"wp:term":[{"taxonomy":"category","embeddable":true,"href":"https:\/\/emlaktuel.com\/index.php?rest_route=%2Fwp%2Fv2%2Fcategories&post=48883"},{"taxonomy":"post_tag","embeddable":true,"href":"https:\/\/emlaktuel.com\/index.php?rest_route=%2Fwp%2Fv2%2Ftags&post=48883"}],"curies":[{"name":"wp","href":"https:\/\/api.w.org\/{rel}","templated":true}]}}