{"id":48847,"date":"2024-12-06T18:52:11","date_gmt":"2024-12-06T15:52:11","guid":{"rendered":"https:\/\/emlaktuel.com\/?p=48847"},"modified":"2024-12-06T18:52:11","modified_gmt":"2024-12-06T15:52:11","slug":"ekizoglu-yapi-a-s-2025te-guclu-adimlar-atacak","status":"publish","type":"post","link":"https:\/\/emlaktuel.com\/?p=48847","title":{"rendered":"Ekizo\u011flu Yap\u0131 A.\u015e. 2025\u2019te G\u00fc\u00e7l\u00fc Ad\u0131mlar Atacak"},"content":{"rendered":"<p>\u201cBu y\u0131l, sekt\u00f6rdeki zorluklara ra\u011fmen elde etti\u011fimiz ba\u015far\u0131lar, bizim i\u00e7in sadece bir ba\u015flang\u0131\u00e7 oldu. Ekonomik belirsizlikler, maliyet art\u0131\u015flar\u0131 gibi zorluklar kar\u015f\u0131s\u0131nda g\u00f6sterdi\u011fimiz dayan\u0131kl\u0131l\u0131k, bizi gelece\u011fe daha sa\u011flam ad\u0131mlarla ta\u015f\u0131maya haz\u0131rlad\u0131. 2025 y\u0131l\u0131na, sadece b\u00fcy\u00fcme de\u011fil, s\u00fcrd\u00fcr\u00fclebilirlik, teknoloji ve topluma katk\u0131 sa\u011flamak gibi \u00f6nemli hedeflerle giriyoruz. Biz, in\u015faat\u0131 sadece bir yap\u0131 dikmek olarak g\u00f6rm\u00fcyoruz; gelece\u011fi in\u015fa etmek, toplumlara kal\u0131c\u0131 de\u011ferler katmak ad\u0131na bir sorumluluk olarak kabul ediyoruz. Bu sorumlulukla, birlikte \u00e7al\u0131\u015ft\u0131\u011f\u0131m\u0131z t\u00fcm payda\u015flar\u0131m\u0131zla daha g\u00fc\u00e7l\u00fc bir gelece\u011fi in\u015fa etmek i\u00e7in var g\u00fcc\u00fcm\u00fczle \u00e7al\u0131\u015faca\u011f\u0131z\u201d dedi.<\/p>\n<p>Ekiz, ek olarak, \u201c2025 y\u0131l\u0131, bizim i\u00e7in sadece projelerin de\u011fil, insan de\u011ferlerinin de \u00f6ne \u00e7\u0131kt\u0131\u011f\u0131 bir y\u0131l olacak. Her projede, insan odakl\u0131 bir yakla\u015f\u0131m benimsedi\u011fimiz i\u00e7in, topluma de\u011fer katan, ye\u015fil ve s\u00fcrd\u00fcr\u00fclebilir ya\u015fam alanlar\u0131 yaratmay\u0131 hedefliyoruz. G\u00fcven ve kalite anlay\u0131\u015f\u0131m\u0131z\u0131 her zamankinden daha g\u00fc\u00e7l\u00fc bir \u015fekilde peki\u015ftirece\u011fiz\u201d diye belirtti.<\/p>\n<h2><strong><span class=\"s4\">\u201c2025 f\u0131rsat y\u0131l\u0131 olacak\u201d<\/span><\/strong><\/h2>\n<p>Mustafa Ekiz \u201c2025 y\u0131l\u0131 sadece b\u00fcy\u00fcme de\u011fil, daha g\u00fc\u00e7l\u00fc i\u015f birlikleri, daha b\u00fcy\u00fck projeler ve toplum i\u00e7in daha fazla fayda yaratma y\u0131l\u0131 olacak\u201d \u015feklinde a\u00e7\u0131klamalarda bulundu. Ekiz in\u015faat sekt\u00f6r\u00fcn\u00fcn toplumlar\u0131n geli\u015fimi a\u00e7\u0131s\u0131ndan ne denli \u00f6nemli oldu\u011funu vurgularken, sadece bina yapmak de\u011fil, ayn\u0131 zamanda daha g\u00fczel ve ya\u015fanabilir yar\u0131nlar in\u015fa etmek i\u00e7in \u00e7al\u0131\u015fmalar\u0131na devam edece\u011fini belirtti.<\/p>\n<p>&nbsp;<\/p>\n","protected":false},"excerpt":{"rendered":"<p>\u201cBu y\u0131l, sekt\u00f6rdeki zorluklara ra\u011fmen elde etti\u011fimiz ba\u015far\u0131lar, bizim i\u00e7in sadece bir ba\u015flang\u0131\u00e7 oldu. Ekonomik belirsizlikler, maliyet art\u0131\u015flar\u0131 gibi zorluklar kar\u015f\u0131s\u0131nda g\u00f6sterdi\u011fimiz dayan\u0131kl\u0131l\u0131k, bizi gelece\u011fe daha sa\u011flam ad\u0131mlarla ta\u015f\u0131maya haz\u0131rlad\u0131. 2025 y\u0131l\u0131na, sadece b\u00fcy\u00fcme de\u011fil, s\u00fcrd\u00fcr\u00fclebilirlik, teknoloji ve topluma katk\u0131 sa\u011flamak gibi \u00f6nemli hedeflerle giriyoruz. Biz, in\u015faat\u0131 sadece bir yap\u0131 dikmek olarak g\u00f6rm\u00fcyoruz; gelece\u011fi in\u015fa [&hellip;]<\/p>\n","protected":false},"author":1,"featured_media":48848,"comment_status":"open","ping_status":"open","sticky":false,"template":"","format":"standard","meta":{"ngg_post_thumbnail":0},"categories":[5388],"tags":[],"_links":{"self":[{"href":"https:\/\/emlaktuel.com\/index.php?rest_route=\/wp\/v2\/posts\/48847"}],"collection":[{"href":"https:\/\/emlaktuel.com\/index.php?rest_route=\/wp\/v2\/posts"}],"about":[{"href":"https:\/\/emlaktuel.com\/index.php?rest_route=\/wp\/v2\/types\/post"}],"author":[{"embeddable":true,"href":"https:\/\/emlaktuel.com\/index.php?rest_route=\/wp\/v2\/users\/1"}],"replies":[{"embeddable":true,"href":"https:\/\/emlaktuel.com\/index.php?rest_route=%2Fwp%2Fv2%2Fcomments&post=48847"}],"version-history":[{"count":1,"href":"https:\/\/emlaktuel.com\/index.php?rest_route=\/wp\/v2\/posts\/48847\/revisions"}],"predecessor-version":[{"id":48849,"href":"https:\/\/emlaktuel.com\/index.php?rest_route=\/wp\/v2\/posts\/48847\/revisions\/48849"}],"wp:featuredmedia":[{"embeddable":true,"href":"https:\/\/emlaktuel.com\/index.php?rest_route=\/wp\/v2\/media\/48848"}],"wp:attachment":[{"href":"https:\/\/emlaktuel.com\/index.php?rest_route=%2Fwp%2Fv2%2Fmedia&parent=48847"}],"wp:term":[{"taxonomy":"category","embeddable":true,"href":"https:\/\/emlaktuel.com\/index.php?rest_route=%2Fwp%2Fv2%2Fcategories&post=48847"},{"taxonomy":"post_tag","embeddable":true,"href":"https:\/\/emlaktuel.com\/index.php?rest_route=%2Fwp%2Fv2%2Ftags&post=48847"}],"curies":[{"name":"wp","href":"https:\/\/api.w.org\/{rel}","templated":true}]}}