{"id":48791,"date":"2024-11-29T13:15:22","date_gmt":"2024-11-29T10:15:22","guid":{"rendered":"https:\/\/emlaktuel.com\/?p=48791"},"modified":"2024-11-29T13:15:22","modified_gmt":"2024-11-29T10:15:22","slug":"ev3-ve-yeni-ev6-turkiyede","status":"publish","type":"post","link":"https:\/\/emlaktuel.com\/?p=48791","title":{"rendered":"EV3 ve Yeni EV6 T\u00fcrkiye\u2019de\u00a0"},"content":{"rendered":"<p><strong>Kia elektrikli modelleriyle h\u0131z kesmeden ilerliyor:<\/strong><strong>&nbsp;<\/strong><\/p>\n<p><strong>EV3 ve Yeni EV6 T\u00fcrkiye\u2019de&nbsp;<\/strong><\/p>\n<p><strong>Kia, uzun zamand\u0131r merakla beklenen ve y\u0131l\u0131n otomobiline aday g\u00f6sterilen elektrikli modeli EV3\u2019\u00fc T\u00fcrkiye\u2019de sat\u0131\u015fa sundu. EV3, 604 km\u2019ye varan kombine ve 772 km \u015fehir i\u00e7i menzili ile kompakt SUV pazar\u0131 i\u00e7in yeni bir \u00e7a\u011f\u0131n kap\u0131lar\u0131n\u0131 aral\u0131yor.&nbsp;<\/strong><\/p>\n<p>&nbsp;&nbsp;<\/p>\n<p><strong>Kia ayr\u0131ca, daha \u00f6nce y\u0131l\u0131n otomobili \u00f6d\u00fcl\u00fcn\u00fc kazanan, stili ve y\u00fcksek h\u0131zl\u0131 \u015farj \u00f6zelli\u011fiyle dikkat \u00e7eken yeni EV6\u2019y\u0131 da T\u00fcrkiye\u2019ye getirdi.<\/strong><\/p>\n<p>Kia, \u0130stanbul\u2019da d\u00fczenledi\u011fi lansmanda merakla beklenen modeli EV3 ve Yeni EV6\u2019y\u0131 tan\u0131tt\u0131.&nbsp;<\/p>\n<p>\u00d6d\u00fcll\u00fc EV6 ve EV9\u2019un \u00fcst\u00fcn teknolojilerini geni\u015f i\u00e7 mekan\u0131yla bir araya getiren Kia EV3<strong>,&nbsp;<\/strong>772 km&#8217;ye kadar segment lideri \u015fehir i\u00e7i s\u00fcr\u00fc\u015f menziliyle elektrikli SUV pazar\u0131na iddial\u0131 bir giri\u015f yapt\u0131.&nbsp;&nbsp;<\/p>\n<p>Yeni EV6 ise stil sahibi tasar\u0131m\u0131n\u0131 g\u00fcncelleyerek, rekabet\u00e7i bir fiyatla merakl\u0131lar\u0131yla bulu\u015fuyor. Yeni EV6, sadece 18 dakikada* %10\u2019dan %80 seviyesine \u015farj edilebilmesini sa\u011flayan 800V ultra y\u00fcksek h\u0131zl\u0131 \u015farj altyap\u0131s\u0131yla kullan\u0131c\u0131lar\u0131na s\u0131ra d\u0131\u015f\u0131 bir elektrikli ara\u00e7 deneyimi sunuyor.<\/p>\n<p>Kia EV3 ve Yeni EV6\u2019n\u0131n tan\u0131t\u0131ld\u0131\u011f\u0131 lansmanda konu\u015fan Kia T\u00fcrkiye Genel M\u00fcd\u00fcr\u00fc Can A\u011fyel, \u201cS\u00fcrd\u00fcr\u00fclebilir bir d\u00fcnya i\u00e7in elektrifikasyon konusunda sekt\u00f6r\u00fcm\u00fcze liderlik eden markalar\u0131n ba\u015f\u0131nda geliyoruz. Bunu hem k\u00fcresel hem de ulusal \u00f6l\u00e7ekte yap\u0131yoruz. 2020 y\u0131l\u0131n\u0131n sonunda a\u00e7\u0131klad\u0131\u011f\u0131m\u0131z Plan S stratejisi kapsam\u0131nda 2030 y\u0131l\u0131na kadar 14 elektrikli model geli\u015ftirece\u011fimizi duyurmu\u015ftuk. EV6 ve EV9 bu strateji kapsam\u0131nda geli\u015ftirilen ilk ara\u00e7lar. EV3 ile tam elektrikli model say\u0131m\u0131z\u0131 d\u00f6rde y\u00fckselttik. Yakla\u015f\u0131k d\u00f6rt y\u0131ld\u0131r devam etti\u011fimiz d\u00f6n\u00fc\u015f\u00fcm yolculu\u011fumuzu bug\u00fcn EV3 ile ta\u00e7land\u0131r\u0131yoruz\u201d dedi.&nbsp;<\/p>\n<p><img loading=\"lazy\" class=\"alignnone size-full wp-image-48794\" src=\"https:\/\/emlaktuel.com\/wp-content\/uploads\/2024\/11\/IMG_20241129_131117.jpg\" alt=\"\" width=\"1080\" height=\"715\"><\/p>\n<p>Kia\u2019n\u0131n elektrifikasyon s\u00fcrecinde lider markalardan biri oldu\u011funu s\u00f6yleyen A\u011fyel, \u201cK\u00fcresel \u00f6l\u00e7ekteki s\u0131f\u0131r emisyon hedefleri i\u00e7in otomotiv sekt\u00f6r\u00fcne b\u00fcy\u00fck sorumluluk d\u00fc\u015f\u00fcyor. Gezegenimizi korumak ve \u00e7ocuklar\u0131m\u0131za ya\u015fanabilir bir gelecek b\u0131rakmak i\u00e7in elektrifikasyonun g\u00fcc\u00fcne inan\u0131yoruz. Kia, 2030 y\u0131l\u0131nda k\u00fcresel \u00f6l\u00e7ekte 4,3 milyon adet ara\u00e7 satmay\u0131 ve toplam sat\u0131\u015flar\u0131n\u0131n y\u00fczde 40\u2019\u0131n\u0131 elektrikli ara\u00e7lardan elde etmeyi hedefliyor. Kia T\u00fcrkiye olarak bizler de, 2024 y\u0131l\u0131nda toplam sat\u0131\u015flar\u0131m\u0131z\u0131n y\u00fczde 11\u2019ini tam elektrikli ara\u00e7lar\u0131m\u0131zdan elde ettik. Gelecek y\u0131l ise toplam sat\u0131\u015flar\u0131m\u0131z\u0131n y\u00fczde 45\u2019inin tam elektrikli modellerimizden sa\u011flanaca\u011f\u0131n\u0131 \u00f6ng\u00f6r\u00fcyoruz. Di\u011fer bir deyi\u015fle, k\u00fcresel hedefi be\u015f y\u0131l \u00f6ncesinden yakalayaca\u011f\u0131z\u201d ifadelerini kulland\u0131.&nbsp;<\/p>\n<p><img loading=\"lazy\" class=\"alignnone size-full wp-image-48795\" src=\"https:\/\/emlaktuel.com\/wp-content\/uploads\/2024\/11\/IMG_20241129_131142.jpg\" alt=\"\" width=\"1080\" height=\"743\"><\/p>\n<h2><strong>Heyecan verici bir s\u00fcr\u00fc\u015f deneyimi<\/strong><\/h2>\n<p>EV3&#8217;\u00fcn 604 km WLTP menzili, \u015fehir i\u00e7i s\u00fcr\u00fc\u015f ko\u015fullar\u0131nda kullan\u0131ld\u0131\u011f\u0131nda 772 km&#8217;ye kadar \u00e7\u0131k\u0131yor. i-Pedal teknolojisi ile direksiyon arkas\u0131ndaki kulak\u00e7\u0131klardan rejeneratif frenleme seviyesini ayarlayarak s\u00fcr\u00fcc\u00fcye fren pedal\u0131 kullanmadan s\u00fcr\u00fc\u015f esnekli\u011fi sunuluyor.&nbsp;<\/p>\n<p>EV3&#8217;\u00fcn sadece 0,263 s\u00fcrt\u00fcnme katsay\u0131s\u0131na sahip aerodinamik tasar\u0131m\u0131, verimlili\u011fi ve performans\u0131 \u00fcst d\u00fczeyde sunuyor. 400V h\u0131zl\u0131 \u015farj teknolojisi, EV3&#8217;\u00fcn 58,3 kWh batarya kapasitesine sahip versiyonu i\u00e7in 29 dakikada ve 81,4 kWh versiyonu i\u00e7in 31 dakikada %10&#8217;dan %80 seviyesine kadar bataryalar\u0131 \u015farj etmeyi sa\u011fl\u0131yor.&nbsp;<\/p>\n<p>Y\u00fcksek verimli \u0131s\u0131 pompas\u0131na sahip EV3 bu sayede menzilden \u00f6d\u00fcn vermeden t\u00fcm hava ko\u015fullar\u0131nda maksimum konfor ve optimum g\u00fc\u00e7 kullan\u0131m\u0131 sa\u011fl\u0131yor.&nbsp;<\/p>\n<p>Kia &nbsp;m\u00fchendisleri, \u015fehir hayat\u0131n\u0131n dinamiklerine odaklanarak direksiyonda hassasiyet ve s\u00fcr\u00fc\u015f hakimiyetine \u00f6ncelik verdi. B\u00f6ylece, EV3 hem dar sokaklarda \u00e7eviklik sa\u011flarken hem de otoyollarda ve virajlarda \u00fcst\u00fcn performans vadediyor.<\/p>\n<p><strong>Teknoloji ve rahatl\u0131k<\/strong><\/p>\n<p>EV3&#8217;\u00fcn geni\u015f i\u00e7 mek\u00e2n\u0131, pratikli\u011fi en \u00fcst d\u00fczeye \u00e7\u0131karan \u00f6zellikleriyle kullan\u0131c\u0131s\u0131na maksimum konfor sunuyor. Sadelik ve ergonomiyi \u00f6n planda tutan tasar\u0131mda, s\u00fcr\u00fcc\u00fcn\u00fcn t\u00fcm bilgilere kolayca ula\u015fabilmesi i\u00e7in 12,3 in\u00e7lik g\u00f6sterge bilgi ve 12,3 in\u00e7lik multimedya ekran\u0131 ile klima kontrol\u00fcne \u00f6zel 5,3 in\u00e7lik bir ekran bir araya getirilerek 3 mod\u00fcll\u00fc ultra geni\u015f panoramik bir ekran bulunuyor.&nbsp;<\/p>\n<p><img loading=\"lazy\" class=\"alignnone size-full wp-image-48796\" src=\"https:\/\/emlaktuel.com\/wp-content\/uploads\/2024\/11\/IMG_20241129_131152.jpg\" alt=\"\" width=\"1080\" height=\"887\"><\/p>\n<h2><strong>S\u00fcrd\u00fcr\u00fclebilir bir gelecek<\/strong><\/h2>\n<p>Okyanuslarda ve nehirlerde biriken plasti\u011fi temizlemeye odaklanan sivil toplum kurulu\u015fu The Ocean Cleanup ile yap\u0131lan i\u015f birli\u011fi kapsam\u0131nda, Pasifik Okyanusu&#8217;ndan toplanan at\u0131klar geri d\u00f6n\u00fc\u015ft\u00fcr\u00fclerek EV3\u2019\u00fcn i\u00e7 mekan tasar\u0131m\u0131nda kullan\u0131ld\u0131. EV3, toplamda 28,5 kg geri d\u00f6n\u00fc\u015ft\u00fcr\u00fclm\u00fc\u015f malzeme kullan\u0131m\u0131 ile \u00fcretimde \u00e7evreci yakla\u015f\u0131ma da yeni bir soluk getiriyor.&nbsp;<\/p>\n<p>Yenilik\u00e7i \u00e7\u00f6z\u00fcmler bulmay\u0131 ve daha temiz bir gezegene ula\u015fmay\u0131 ama\u00e7layan 7 y\u0131ll\u0131k ortakl\u0131k, B\u00fcy\u00fck Pasifik \u00c7\u00f6p Alan\u0131\u2019ndan yakla\u015f\u0131k yar\u0131m milyon kilogram plasti\u011fin \u00e7\u0131kar\u0131lmas\u0131n\u0131 hedefliyor.&nbsp;<\/p>\n<h2><strong>T\u00fcrkiye\u2019de Sat\u0131\u015fta&nbsp;<\/strong><\/h2>\n<p>Kia EV3, 58,3 kWh bataryaya sahip standart menzil ve 81,4 kWh bataryaya sahip uzun menzil se\u00e7enekleriyle 1.490.500 TL ve 1.920.500 TL aras\u0131nda de\u011fi\u015fen fiyat etiketiyle sat\u0131\u015fa sunuldu.<\/p>\n<p>Yeni EV6 ise, 63 kWh bataryaya sahip Elegance versiyonuyla, lansmana \u00f6zel 1.920.500 TL fiyat etiketiyle sat\u0131\u015fa sunuldu.<\/p>\n<p>&nbsp;<\/p>\n","protected":false},"excerpt":{"rendered":"<p>Kia elektrikli modelleriyle h\u0131z kesmeden ilerliyor:&nbsp; EV3 ve Yeni EV6 T\u00fcrkiye\u2019de&nbsp; Kia, uzun zamand\u0131r merakla beklenen ve y\u0131l\u0131n otomobiline aday g\u00f6sterilen elektrikli modeli EV3\u2019\u00fc T\u00fcrkiye\u2019de sat\u0131\u015fa sundu. EV3, 604 km\u2019ye varan kombine ve 772 km \u015fehir i\u00e7i menzili ile kompakt SUV pazar\u0131 i\u00e7in yeni bir \u00e7a\u011f\u0131n kap\u0131lar\u0131n\u0131 aral\u0131yor.&nbsp; &nbsp;&nbsp; Kia ayr\u0131ca, daha \u00f6nce y\u0131l\u0131n otomobili [&hellip;]<\/p>\n","protected":false},"author":1,"featured_media":48792,"comment_status":"open","ping_status":"open","sticky":false,"template":"","format":"standard","meta":{"ngg_post_thumbnail":0},"categories":[5215],"tags":[],"_links":{"self":[{"href":"https:\/\/emlaktuel.com\/index.php?rest_route=\/wp\/v2\/posts\/48791"}],"collection":[{"href":"https:\/\/emlaktuel.com\/index.php?rest_route=\/wp\/v2\/posts"}],"about":[{"href":"https:\/\/emlaktuel.com\/index.php?rest_route=\/wp\/v2\/types\/post"}],"author":[{"embeddable":true,"href":"https:\/\/emlaktuel.com\/index.php?rest_route=\/wp\/v2\/users\/1"}],"replies":[{"embeddable":true,"href":"https:\/\/emlaktuel.com\/index.php?rest_route=%2Fwp%2Fv2%2Fcomments&post=48791"}],"version-history":[{"count":1,"href":"https:\/\/emlaktuel.com\/index.php?rest_route=\/wp\/v2\/posts\/48791\/revisions"}],"predecessor-version":[{"id":48797,"href":"https:\/\/emlaktuel.com\/index.php?rest_route=\/wp\/v2\/posts\/48791\/revisions\/48797"}],"wp:featuredmedia":[{"embeddable":true,"href":"https:\/\/emlaktuel.com\/index.php?rest_route=\/wp\/v2\/media\/48792"}],"wp:attachment":[{"href":"https:\/\/emlaktuel.com\/index.php?rest_route=%2Fwp%2Fv2%2Fmedia&parent=48791"}],"wp:term":[{"taxonomy":"category","embeddable":true,"href":"https:\/\/emlaktuel.com\/index.php?rest_route=%2Fwp%2Fv2%2Fcategories&post=48791"},{"taxonomy":"post_tag","embeddable":true,"href":"https:\/\/emlaktuel.com\/index.php?rest_route=%2Fwp%2Fv2%2Ftags&post=48791"}],"curies":[{"name":"wp","href":"https:\/\/api.w.org\/{rel}","templated":true}]}}