{"id":48788,"date":"2024-11-27T23:59:17","date_gmt":"2024-11-27T20:59:17","guid":{"rendered":"https:\/\/emlaktuel.com\/?p=48788"},"modified":"2024-11-27T23:59:17","modified_gmt":"2024-11-27T20:59:17","slug":"chery-omoda-5-pro-modeli-icin-wicked-filmi-ile-is-birligi-yapti","status":"publish","type":"post","link":"https:\/\/emlaktuel.com\/?p=48788","title":{"rendered":"Chery OMODA 5 PRO Modeli \u0130\u00e7in Wicked Filmi ile \u0130\u015f Birli\u011fi Yapt\u0131!"},"content":{"rendered":"<p>Chery OMODA 5 PRO Modeli \u0130\u00e7in Wicked Filmi ile \u0130\u015f Birli\u011fi Yapt\u0131!<\/p>\n<p>Chery OMODA 5 PRO, Wicked Filmi ile Gelece\u011fin Ak\u0131ll\u0131 Trendine \u00d6nc\u00fc Oluyor<\/p>\n<p>Chery OMODA 5 PRO, Wicked Filmine \u00d6zel Giydirmeleriyle Sahneye \u00c7\u0131kt\u0131!<\/p>\n<p>\u00c7in\u2019in en b\u00fcy\u00fck otomotiv \u00fcreticilerinden Chery\u2019nin yenilik\u00e7i ve modaya uygun tasar\u0131m diline sahip SUV modeli OMODA 5 PRO, son olarak E5 Green Witch Edition ve C5 Pink Witch Edition olmak \u00fczere iki \u00f6zel tasar\u0131ml\u0131 otomobil giydirmesini ortakla\u015fa hayata ge\u00e7irmek \u00fczere Wicked filmi ile i\u015f birli\u011fi yapt\u0131. Bu iki ara\u00e7 giydirmesi, film \u00f6\u011felerini OMODA 5 PRO\u2019ya m\u00fckemmel bir \u015fekilde entegre etmekle birlikte Wicked&#8217;\u0131n klasik karakterleri Elphaba ve Glinda&#8217;n\u0131n g\u00f6r\u00fcnt\u00fclerini ara\u00e7 g\u00f6vdesinde sunarak, gen\u00e7 kitlenin fantastik d\u00fcnyaya olan ilgisine ve tutkusuna dokunuyor.<br \/>\n\u00c7in\u2019in en b\u00fcy\u00fck otomotiv \u00fcreticilerinden Chery\u2019nin gen\u00e7 kullan\u0131c\u0131lar\u0131 oda\u011f\u0131na alan yeni nesil sportif SUV modeli OMODA 5 PRO, Wicked filmi ile sanat ve teknolojiyi bir araya getirerek \u00f6nemli bir ba\u015far\u0131ya daha imza att\u0131. OMODA 5 PRO\u2019nun E5 Green Witch Edition ve C5 Pink Witch Edition olmak \u00fczere iki \u00f6zel tasar\u0131ml\u0131 otomobil giydirmesini ortakla\u015fa hayata ge\u00e7irmek \u00fczere IP Wicked filmi ile yapt\u0131\u011f\u0131 i\u015f birli\u011fi, markan\u0131n \u201cSa\u011fl\u0131k ve S\u00fcrd\u00fcr\u00fclebilirlik Ya\u015fam Tarz\u0131\u201dn\u0131n (LOHAS) yenilik\u00e7ilik ve moda anlay\u0131\u015f\u0131n\u0131 yans\u0131t\u0131yor. B\u00f6ylece gen\u00e7 t\u00fcketicilere yenilik\u00e7i ve pratik seyahat \u00e7\u00f6z\u00fcmleri sunuyor.<\/p>\n<h2>Seyahat trendinin tad\u0131n\u0131 \u00e7\u0131karan b\u00fcy\u00fcleyici bir model<\/h2>\n<p>OMODA 5 PRO&#8217;nun g\u00f6vde \u00e7izgileri m\u00fczikal bir melodi gibi yumu\u015fak bir \u015fekilde dalgalan\u0131yor ve dinamik k\u0131vr\u0131mlar\u0131 g\u00fc\u00e7l\u00fc bir ritim gibi g\u00f6r\u00fcnerek, genel anlamda sade ama dinamik ve enerjik bir g\u00f6rsel deneyim ortaya koyuyor. OMODA 5 PRO&#8217;nun k\u0131rm\u0131z\u0131 \u00e7izgilere sahip g\u00fcm\u00fc\u015f g\u00f6vdesi, geleneksel SUV renk kal\u0131b\u0131n\u0131 a\u015farak benzersiz ritim ve dinamizm duygusunu g\u00fc\u00e7lendiriyor.<\/p>\n<h2>\u0130\u00e7 tasar\u0131m a\u00e7\u0131s\u0131ndan, yumu\u015fak<\/h2>\n<p>kaplamas\u0131yla kap\u0131 paneli sadece narin bir dokunu\u015fa sahip olmakla kalm\u0131yor, ayn\u0131 zamanda i\u00e7 mek\u00e2n\u0131n genel dokusunu g\u00f6rsel olarak da geli\u015ftirerek belirgin bir zevk ve stil ortaya koyuyor. Modelin koltuk d\u00f6\u015femesi ise a\u015f\u0131nmaya dayan\u0131kl\u0131 ve temizlemesi kolay suni deri malzemeden \u00fcretilmi\u015f olup, \u00e7ok renkli ortam \u0131\u015f\u0131klar\u0131yla bir araya gelerek \u015f\u0131k ve konforlu bir seyahat ortam\u0131 sa\u011fl\u0131yor. Zarif d\u0131\u015f tasar\u0131m\u0131ndan titizlikle tasarlanan i\u00e7 mimariye kadar OMODA 5 PRO, benzersiz cazibesiyle T\u00fcrkiye pazar\u0131nda m\u00fczikal ritim ve gelece\u011fin teknolojisini bir araya getiren bir seyahat trendini ba\u015flat\u0131yor.<br \/>\nTeknolojik ritmi ile kullan\u0131c\u0131lar\u0131 b\u00fcy\u00fcl\u00fcyor<br \/>\nOMODA 5 PRO, bir dizi dikkat \u00e7ekici yenilik g\u00fcncellemesiyle canl\u0131 ve dinamik bir g\u00f6r\u00fcn\u00fcm sergiliyor ve ileri teknoloji ve ritmik esteti\u011fin m\u00fckemmel bir \u015fekilde entegre edildi\u011fi bir s\u00fcr\u00fc\u015f ortam\u0131 sa\u011fl\u0131yor. 8155 \u00e7ipiyle donat\u0131lan 12.3 in\u00e7lik \u00e7ift dijital ekran, ara\u00e7 i\u00e7i teknolojik i\u015flevlerin kullan\u0131m performans\u0131n\u0131 \u00f6nemli \u00f6l\u00e7\u00fcde art\u0131rarak s\u00fcr\u00fcc\u00fclere daha ak\u0131c\u0131 ve ak\u0131ll\u0131 bir kullan\u0131c\u0131 deneyimi sunuyor.<\/p>\n<p>Ayr\u0131ca OMODA 5 PRO, ak\u0131ll\u0131 seyahati ger\u00e7e\u011fe d\u00f6n\u00fc\u015ft\u00fcren, birden fazla yenilik\u00e7i teknolojiyi bir araya getiren sekt\u00f6rdeki en geli\u015fmi\u015f ADAS sistemleriyle donat\u0131l\u0131yor. \u00d6rne\u011fin otomatik h\u0131z sabitleme sistemi, \u00f6ndeki arac\u0131 do\u011fru bir \u015fekilde tespit edip ak\u0131ll\u0131ca takip edebiliyor, yol ko\u015fullar\u0131na g\u00f6re ara\u00e7 h\u0131z\u0131n\u0131 otomatik olarak ayarlayarak s\u00fcr\u00fc\u015f\u00fcn dengesini ve g\u00fcvenli\u011fini art\u0131r\u0131yor. K\u00f6r nokta izleme sistemi, \u015ferit de\u011fi\u015ftirirken veya d\u00f6n\u00fc\u015flerde olas\u0131 kazalar\u0131 etkili bir \u015fekilde \u00f6nleyerek arac\u0131n her iki taraf\u0131ndaki ve arkas\u0131ndaki k\u00f6r alanlar\u0131 s\u00fcrekli olarak izliyor. G\u00fcvenlik a\u00e7\u0131s\u0131ndan son derece g\u00fc\u00e7l\u00fc olan acil durum fren sistemi, acil durumlarda h\u0131zl\u0131 tepki verebiliyor, arac\u0131 otomatik olarak yava\u015flayabiliyor ve hatta durdurabiliyor. B\u00f6ylece kaza riskini en aza indiriyor ve her yolculu\u011fun g\u00fcvenli ge\u00e7mesini sa\u011fl\u0131yor. Ayr\u0131ca, kullan\u0131c\u0131lara daha konforlu bir s\u00fcr\u00fc\u015f deneyimi sunmak ad\u0131na OMODA 5 PRO&#8217;nun vites kolu tasar\u0131m\u0131, ergonomi prensiplerine uygun, kullan\u0131m s\u00fcrecini kolayla\u015ft\u0131ran ve s\u00fcr\u00fc\u015f\u00fc daha konforlu ve rahat hale getiren direksiyondan vites de\u011fi\u015ftirme sistemine d\u00f6n\u00fc\u015ft\u00fcr\u00fcld\u00fc.<br \/>\nAk\u0131ll\u0131 seyahatin tad\u0131n\u0131 ya\u015fatan \u00f6zel finansman se\u00e7enekleri<\/p>\n<p>Chery, teknolojik yenilikleri ile kullan\u0131c\u0131lara benzersiz bir s\u00fcr\u00fc\u015f deneyimi sunan OMODA 5 PRO modelinde cazip sat\u0131n al\u0131m f\u0131rsatlar\u0131 sunmaya devam ediyor. Bu kapsamda OMODA 5 PRO\u2019nun Exceptional versiyonunu tercih eden kullan\u0131c\u0131lar, 198.500 TL&#8217;ye kadar nakit al\u0131m indiriminden yararlanabiliyor. Daha fazla ak\u0131ll\u0131 \u00e7\u00f6z\u00fcm arayan kullan\u0131c\u0131lar ise OMODA 5 PRO\u2019nun Intelligent versiyonu 300.000 TL&#8217;ye kadar 12 ay vadeli ve y\u00fczde 0 faizli krediden veya 100.000 TL nakit sat\u0131n al\u0131m indiriminden yararlanabiliyor. Ayr\u0131ca yine Intelligent versiyonunda ticari m\u00fc\u015fterilere \u00f6zel 6 ay vadeli ve y\u00fczde 0 faizli 600.000 TL&#8217;ye kadar \u00f6zel kredi veya 100.000 TL&#8217;ye kadar nakit al\u0131m indirimi sunuluyor. OMODA 5 PRO, sundu\u011fu ayr\u0131cal\u0131kl\u0131 finansman deste\u011fiyle, kullan\u0131c\u0131lar\u0131n ak\u0131ll\u0131 s\u00fcr\u00fc\u015f\u00fcn yeni \u00e7a\u011f\u0131na daha kolay ad\u0131m atmalar\u0131n\u0131 ve teknolojinin getirdi\u011fi konforun ve e\u011flencenin tad\u0131n\u0131 \u00e7\u0131karmalar\u0131n\u0131 sa\u011flayacak.<\/p>\n<p>Chery, gelecekte de yenilik\u00e7ili\u011fe ba\u011fl\u0131 kalmaya, seyahat alan\u0131ndaki olanaklar\u0131n\u0131 istikrarl\u0131 bir \u015fekilde geni\u015fletmeye ve ileri teknoloji ve \u015f\u0131k tasar\u0131mla k\u00fcresel kullan\u0131c\u0131lara daha m\u00fckemmel s\u00fcr\u00fc\u015f deneyimleri sunmaya devam edecek.<\/p>\n","protected":false},"excerpt":{"rendered":"<p>Chery OMODA 5 PRO Modeli \u0130\u00e7in Wicked Filmi ile \u0130\u015f Birli\u011fi Yapt\u0131! Chery OMODA 5 PRO, Wicked Filmi ile Gelece\u011fin Ak\u0131ll\u0131 Trendine \u00d6nc\u00fc Oluyor Chery OMODA 5 PRO, Wicked Filmine \u00d6zel Giydirmeleriyle Sahneye \u00c7\u0131kt\u0131! \u00c7in\u2019in en b\u00fcy\u00fck otomotiv \u00fcreticilerinden Chery\u2019nin yenilik\u00e7i ve modaya uygun tasar\u0131m diline sahip SUV modeli OMODA 5 PRO, son olarak E5 [&hellip;]<\/p>\n","protected":false},"author":1,"featured_media":48789,"comment_status":"open","ping_status":"open","sticky":false,"template":"","format":"standard","meta":{"ngg_post_thumbnail":0},"categories":[5215],"tags":[],"_links":{"self":[{"href":"https:\/\/emlaktuel.com\/index.php?rest_route=\/wp\/v2\/posts\/48788"}],"collection":[{"href":"https:\/\/emlaktuel.com\/index.php?rest_route=\/wp\/v2\/posts"}],"about":[{"href":"https:\/\/emlaktuel.com\/index.php?rest_route=\/wp\/v2\/types\/post"}],"author":[{"embeddable":true,"href":"https:\/\/emlaktuel.com\/index.php?rest_route=\/wp\/v2\/users\/1"}],"replies":[{"embeddable":true,"href":"https:\/\/emlaktuel.com\/index.php?rest_route=%2Fwp%2Fv2%2Fcomments&post=48788"}],"version-history":[{"count":1,"href":"https:\/\/emlaktuel.com\/index.php?rest_route=\/wp\/v2\/posts\/48788\/revisions"}],"predecessor-version":[{"id":48790,"href":"https:\/\/emlaktuel.com\/index.php?rest_route=\/wp\/v2\/posts\/48788\/revisions\/48790"}],"wp:featuredmedia":[{"embeddable":true,"href":"https:\/\/emlaktuel.com\/index.php?rest_route=\/wp\/v2\/media\/48789"}],"wp:attachment":[{"href":"https:\/\/emlaktuel.com\/index.php?rest_route=%2Fwp%2Fv2%2Fmedia&parent=48788"}],"wp:term":[{"taxonomy":"category","embeddable":true,"href":"https:\/\/emlaktuel.com\/index.php?rest_route=%2Fwp%2Fv2%2Fcategories&post=48788"},{"taxonomy":"post_tag","embeddable":true,"href":"https:\/\/emlaktuel.com\/index.php?rest_route=%2Fwp%2Fv2%2Ftags&post=48788"}],"curies":[{"name":"wp","href":"https:\/\/api.w.org\/{rel}","templated":true}]}}