{"id":48751,"date":"2024-11-23T11:03:13","date_gmt":"2024-11-23T08:03:13","guid":{"rendered":"https:\/\/emlaktuel.com\/?p=48751"},"modified":"2024-11-23T11:30:20","modified_gmt":"2024-11-23T08:30:20","slug":"ada-hayatiyla-metropol-yasami-spoint-insaat-a-s-imzali-viva-iskele-projesinde-bulusuyor","status":"publish","type":"post","link":"https:\/\/emlaktuel.com\/?p=48751","title":{"rendered":"Ada hayat\u0131yla metropol ya\u015fam\u0131 SPOINT \u0130n\u015faat A.\u015e imzal\u0131 Viva \u0130skele Projesi\u2019nde bulu\u015fuyor!"},"content":{"rendered":"<p>Ada hayat\u0131yla metropol ya\u015fam\u0131 SPOINT \u0130n\u015faat A.\u015e imzal\u0131 Viva \u0130skele Projesi\u2019nde bulu\u015fuyor!<\/p>\n<p>SPOINT \u0130n\u015faat A.\u015e., Viva \u0130skele Projesi ile K\u0131br\u0131s\u2019ta yat\u0131r\u0131m yapmak isteyenlerin ilk adresi olacak<\/p>\n<p><img loading=\"lazy\" class=\"alignnone size-full wp-image-48753\" src=\"https:\/\/emlaktuel.com\/wp-content\/uploads\/2024\/11\/IMG_20241123_105916.jpg\" alt=\"\" width=\"938\" height=\"987\"><\/p>\n<p>Taahh\u00fct sekt\u00f6r\u00fcnde bug\u00fcne kadar uluslararas\u0131 standartlara uygun bir\u00e7ok \u00f6nemli projeyi hayata ge\u00e7iren SPOINT \u0130n\u015faat A.\u015e., K\u0131br\u0131s\u2019ta in\u015fa edece\u011fi Viva \u0130skele projesi ile yeni bir d\u00f6nemin kap\u0131lar\u0131n\u0131 aral\u0131yor. K\u0131br\u0131s\u2019\u0131n en g\u00f6zde lokasyonlar\u0131ndan Long Beach\/Yeni \u0130skele b\u00f6lgesinde estetik ve i\u015flevselli\u011fi bir araya getirece\u011fi bu yeni ya\u015fam merkezi konsepti, teknolojik \u00fcst\u00fcnl\u00fc\u011f\u00fc, \u00e7evreye kar\u015f\u0131 duyarl\u0131, yenilik\u00e7i ve s\u00fcrd\u00fcr\u00fclebilir yakla\u015f\u0131m\u0131yla K\u0131br\u0131s in\u015faat piyasas\u0131na \u00fcst d\u00fczey boyut getirecek. 1.159 daire ve 10 ticari alandan olu\u015fan projenin temeli 2025 Ocak\u2019ta at\u0131lacak. Proje 2027 Ocak\u2019ta tamamlanacak.<\/p>\n<p><a href=\"https:\/\/ivkandilli.com\/?utm_source=%20emlaktuel&amp;utm_medium=display&amp;utm_campaign=lansman\"><img loading=\"lazy\" class=\"alignnone size-full wp-image-48718\" src=\"https:\/\/emlaktuel.com\/wp-content\/uploads\/2024\/11\/Inline-Rectangle-300x250-1.png\" alt=\"\" width=\"300\" height=\"250\"><\/a><\/p>\n<p>SPOINT \u0130n\u015faat A.\u015e., \u201c\u0130yi Yap\u0131lar G\u00fczel Gelecek\u201d mottosu ile K\u0131br\u0131s\u2019ta hayata ge\u00e7irece\u011fi Viva \u0130skele projesi ile K\u0131br\u0131s&#8217;\u0131n en se\u00e7kin b\u00f6lgesinde benzersiz bir kent ya\u015fam\u0131 hayata ge\u00e7iriyor. Tamamland\u0131\u011f\u0131nda 1.159 daire ve 10 ticari alandan olu\u015fan ve 73.000 metrekarelik in\u015faat alan\u0131na ula\u015facak proje, ada hayat\u0131yla metropol ya\u015fant\u0131s\u0131n\u0131 bulu\u015ftururken, yat\u0131r\u0131mc\u0131lar\u0131 yeni bir ya\u015fam merkezi konseptinin ayr\u0131cal\u0131klar\u0131yla tan\u0131\u015ft\u0131racak. Ayn\u0131 zamanda proje, teknolojik \u00fcst\u00fcnl\u00fckleri, y\u00fcksek standartlar\u0131 ve \u00e7evreye kar\u015f\u0131 duyarl\u0131l\u0131\u011f\u0131 ile kalite, konfor ve g\u00fcveni bir arada sunacak.<\/p>\n<p><img loading=\"lazy\" class=\"alignnone size-full wp-image-48752\" src=\"https:\/\/emlaktuel.com\/wp-content\/uploads\/2024\/11\/SPOINT-Insaat-Yonetim-Kurulu-Baskani-U\u0308nal-Memic\u0327-scaled.jpg\" alt=\"\" width=\"1441\" height=\"2560\" srcset=\"https:\/\/emlaktuel.com\/wp-content\/uploads\/2024\/11\/SPOINT-Insaat-Yonetim-Kurulu-Baskani-U\u0308nal-Memic\u0327-scaled.jpg 1441w, https:\/\/emlaktuel.com\/wp-content\/uploads\/2024\/11\/SPOINT-Insaat-Yonetim-Kurulu-Baskani-U\u0308nal-Memic\u0327-864x1536.jpg 864w, https:\/\/emlaktuel.com\/wp-content\/uploads\/2024\/11\/SPOINT-Insaat-Yonetim-Kurulu-Baskani-U\u0308nal-Memic\u0327-1153x2048.jpg 1153w\" sizes=\"(max-width: 1441px) 100vw, 1441px\" \/><\/p>\n<h2>Yat\u0131r\u0131mc\u0131lar\u0131 K\u0131br\u0131s in\u015faat piyasas\u0131n\u0131n avantajlar\u0131yla tan\u0131\u015ft\u0131racak<\/h2>\n<p>Viva \u0130skele projesi ile yat\u0131r\u0131mc\u0131lar\u0131 K\u0131br\u0131s in\u015faat sekt\u00f6r\u00fcn\u00fcn sundu\u011fu standartlar\u0131n \u00e7ok daha \u00f6tesindeki y\u00fcksek standartlarla tan\u0131\u015ft\u0131racaklar\u0131n\u0131 ifade eden SPOINT \u0130n\u015faat A.\u015e. Y\u00f6netim Kurulu Ba\u015fkan\u0131 \u00dcnal Memi\u00e7, \u201c2015\u2019ten bu yana imza att\u0131\u011f\u0131m\u0131z uluslararas\u0131 standartlara sahip taahh\u00fct projelerimizde kalite, g\u00fcven ve esteti\u011fi bulu\u015fturduk. Yakla\u015f\u0131k 10 y\u0131lda edindi\u011fimiz tecr\u00fcbe kadar farkl\u0131 uzmanl\u0131k alanlar\u0131m\u0131zla da konut sekt\u00f6r\u00fcnde heyecan verici bir yolculu\u011fun ba\u015f\u0131nday\u0131z. \u015eehirlere nefes ald\u0131ran, teknolojik \u00fcst\u00fcnl\u00fckleri ile \u00e7a\u011f\u0131n bir ad\u0131m \u00f6n\u00fcnden giden, \u00e7evreye kar\u015f\u0131 duyarl\u0131l\u0131\u011f\u0131 ile s\u00fcrd\u00fcr\u00fclebilirli\u011fi \u00f6nemseyen \u00e7a\u011fda\u015f ve nitelikli projelerle fark yaratmay\u0131 hedefliyoruz. Yat\u0131r\u0131mc\u0131lar i\u00e7in olduk\u00e7a cazip f\u0131rsatlar bar\u0131nd\u0131ran K\u0131br\u0131s\u2019\u0131n en g\u00f6zde lokasyonu Long Beach\/Yeni \u0130skele b\u00f6lgesinde 2025 y\u0131l\u0131nda temelini ataca\u011f\u0131m\u0131z Viva \u0130skele projesi ise bu hedefin ba\u015flama vuru\u015funu olu\u015fturuyor\u201d dedi.<\/p>\n<p><img loading=\"lazy\" class=\"alignnone size-full wp-image-48755\" src=\"https:\/\/emlaktuel.com\/wp-content\/uploads\/2024\/11\/IMG_20241123_105929.jpg\" alt=\"\" width=\"909\" height=\"543\"><\/p>\n<h2>Ocak 2027\u2019de tamamlanacak<\/h2>\n<p>\u00dcnal Memi\u00e7, projeye ili\u015fkin \u015fu bilgileri verdi: \u201c1.159 daire ve 10 ticari alandan olu\u015fan ve 73.000 metrekarelik in\u015faat alan\u0131na ula\u015facak projemizin in\u015faat\u0131na Ocak 2025\u2019te ba\u015flayaca\u011f\u0131z. Projemiz; modern mimarisi, sosyal alanlar\u0131 ve geni\u015f ticari birimleriyle yat\u0131r\u0131mc\u0131lara \u00f6nemli bir de\u011fer sunacak. Teknolojik \u00fcst\u00fcnl\u00fc\u011f\u00fc, \u00e7evreye kar\u015f\u0131 duyarl\u0131, yenilik\u00e7i ve s\u00fcrd\u00fcr\u00fclebilir yakla\u015f\u0131m\u0131yla K\u0131br\u0131s in\u015faat piyasas\u0131na \u00fcst d\u00fczey boyut getirece\u011fimiz projemizde, a\u00e7\u0131k ve kapal\u0131 otoparklar, y\u00fczme havuzlar\u0131 ve sosyal donat\u0131lar gibi geni\u015f olanaklar sunulacak. Projemizi Ocak 2027\u2019de tamamlamay\u0131 hedefliyoruz.\u201d a\u00e7\u0131klamas\u0131nda bulundu.<\/p>\n<h2>K\u0131br\u0131s\u2019ta kazan\u00e7l\u0131 yat\u0131r\u0131m\u0131n adresi olacak<\/h2>\n<p>K\u0131br\u0131s\u2019ta gayrimenkul yat\u0131r\u0131m\u0131n\u0131n di\u011fer Akdeniz \u00fclkelerine k\u0131yasla daha kazan\u00e7l\u0131 oldu\u011funa dikkat \u00e7eken \u00dcnal Memi\u00e7, \u201cK\u0131br\u0131s vergisel avantajlar\u0131, y\u00fcksek kira getirisi ve geli\u015fen turizm sekt\u00f6r\u00fcyle yat\u0131r\u0131mc\u0131lar i\u00e7in cazip f\u0131rsatlar sunuyor. Ayr\u0131ca muhte\u015fem do\u011fal g\u00fczellikleri, y\u0131l\u0131n neredeyse 300 g\u00fcn\u00fc g\u00fcne\u015fli havas\u0131 ve huzurlu ya\u015fam tarz\u0131 da bu tercihi destekleyen \u00f6nemli fakt\u00f6rler aras\u0131nda yer al\u0131yor. SPOINT \u0130n\u015faat A.\u015e. olarak Viva \u0130skele projesiyle K\u0131br\u0131s\u2019ta kazan\u00e7l\u0131 yat\u0131r\u0131m\u0131n adresi olaca\u011f\u0131m\u0131za inan\u0131yoruz. K\u0131br\u0131s in\u015faat piyasas\u0131n\u0131n sundu\u011fu f\u0131rsatlar\u0131, geli\u015ftirdi\u011fimiz yat\u0131r\u0131m modeliyle daha da cazip hale getirece\u011fiz. Konut sekt\u00f6r\u00fcnde Viva \u0130skele ile ba\u015flayan yolculu\u011fumuzu ileride yeni yurt d\u0131\u015f\u0131 projelerle s\u00fcrd\u00fcrece\u011fiz. Her projemiz ile uluslararas\u0131 \u00f6l\u00e7ekte sekt\u00f6r\u00fcn \u00f6nc\u00fc firmalar\u0131 aras\u0131nda yerimizi alarak T\u00fcrkiye\u2019nin d\u00fcnya vitrinine katma de\u011fer sa\u011flayaca\u011f\u0131z\u201d dedi.<\/p>\n<h2>K\u0131br\u0131s\u2019ta ada ya\u015fam\u0131n\u0131 yeniden tan\u0131mlayacak<\/h2>\n<p>\u00dcnal Memi\u00e7, s\u00f6zlerini \u015f\u00f6yle s\u00fcrd\u00fcrd\u00fc: \u201c\u00c7a\u011f\u0131m\u0131z\u0131n in\u015faat standartlar\u0131n\u0131n gereklerini estetik tasar\u0131m anlay\u0131\u015f\u0131 ile bir araya getirdi\u011fimiz Viva \u0130skele projesi, merkezi lokasyonu ve en yeni teknolojilerle dizayn edilen sosyal donat\u0131lar\u0131 ile sosyal ya\u015fam\u0131n t\u00fcm unsurlar\u0131n\u0131 bulu\u015fturacak. Aquapark\u0131, rekreasyon alanlar\u0131, y\u00fcr\u00fcy\u00fc\u015f ve ko\u015fu parkurlar\u0131 gibi geni\u015f sosyal imkanlar\u0131 ile proje sakinlerini ayr\u0131cal\u0131kl\u0131 bir ya\u015fam standard\u0131yla tan\u0131\u015ft\u0131racak. Akdeniz\u2019in en g\u00fczel sahillerinden biri olan Long Beach\u2019in hemen yan\u0131 ba\u015f\u0131ndaki konumuyla da sakinlerine her an tatil tad\u0131nda bir ya\u015fam sunacak. L\u00fcks ve konfor dolu sosyal alanlar\u0131, d\u00fcnya mutfa\u011f\u0131ndan lezzetler sunan restoranlar\u0131 ve her t\u00fcrl\u00fc beklentiyi kar\u015f\u0131layan yeme i\u00e7me ve sosyalle\u015fme duraklar\u0131yla rezidans konforunda ya\u015fam\u0131 K\u0131br\u0131s\u2019la bulu\u015fturacak projemiz, ada ya\u015fam\u0131n\u0131 yeniden tan\u0131mlayacak.\u201d<\/p>\n<p>Viva \u0130skele\u2019nin bir in\u015faat projesi olman\u0131n \u00e7ok daha \u00f6tesinde bir anlam ifade etti\u011fini kaydeden \u00dcnal Memi\u00e7, bu anlam\u0131 \u201cGerek yenilik\u00e7i mimari yakla\u015f\u0131m\u0131 gerekse sa\u011flayaca\u011f\u0131 yakla\u015f\u0131k 1000 ki\u015filik istihdamla K\u0131br\u0131s ekonomisinin geli\u015fimine \u00f6nemli bir katk\u0131 sa\u011flayacak ticari yat\u0131r\u0131m modeli ile Viva \u0130skele projemizin bir konut projesi olman\u0131n \u00e7ok \u00f6tesindeki vizyonunun, T\u00fcrkiyemizin K\u0131br\u0131s\u2019taki anlaml\u0131 varl\u0131\u011f\u0131na \u00f6nemli katk\u0131lar\u0131 olaca\u011f\u0131na inan\u0131yorum.\u201d \u015feklinde ifade etti.<\/p>\n<p>&nbsp;<\/p>\n<p>Viva \u0130skele Projesi Genel \u00d6zellikler:<br \/>\nProje toplam in\u015faat alan\u0131: 73.000 metrekare<br \/>\nBa\u015flang\u0131\u00e7 Tarihi: Ocak 2025<br \/>\nTamamlanma Tarihi: Ocak 2027<br \/>\nKonut Say\u0131s\u0131: 1.159 konut<br \/>\nTicari Alan: 10 adet<br \/>\nKonut Tipleri: 1+0, 1+1, 1+1 bah\u00e7eli, 1+1 havuzlu, 2+1, 2+1 bah\u00e7eli, 2+1 havuzlu daire se\u00e7enekleri<br \/>\nSosyal Donat\u0131lar: Spor alanlar\u0131, \u00e7ocuk oyun alanlar\u0131, aquapark, kapal\u0131 ve a\u00e7\u0131k otopark, y\u00fczme havuzu, y\u00fcr\u00fcy\u00fc\u015f ve ko\u015fu parkurlar\u0131, yerel \u00fcr\u00fcn sat\u0131\u015f noktalar\u0131, fast-food alanlar\u0131<\/p>\n<p>&nbsp;<\/p>\n","protected":false},"excerpt":{"rendered":"<p>Ada hayat\u0131yla metropol ya\u015fam\u0131 SPOINT \u0130n\u015faat A.\u015e imzal\u0131 Viva \u0130skele Projesi\u2019nde bulu\u015fuyor! SPOINT \u0130n\u015faat A.\u015e., Viva \u0130skele Projesi ile K\u0131br\u0131s\u2019ta yat\u0131r\u0131m yapmak isteyenlerin ilk adresi olacak Taahh\u00fct sekt\u00f6r\u00fcnde bug\u00fcne kadar uluslararas\u0131 standartlara uygun bir\u00e7ok \u00f6nemli projeyi hayata ge\u00e7iren SPOINT \u0130n\u015faat A.\u015e., K\u0131br\u0131s\u2019ta in\u015fa edece\u011fi Viva \u0130skele projesi ile yeni bir d\u00f6nemin kap\u0131lar\u0131n\u0131 aral\u0131yor. K\u0131br\u0131s\u2019\u0131n en [&hellip;]<\/p>\n","protected":false},"author":1,"featured_media":48754,"comment_status":"open","ping_status":"open","sticky":false,"template":"","format":"standard","meta":{"ngg_post_thumbnail":0},"categories":[221,5219,219,220,97,5388],"tags":[17615,17616,17619,17618,17617],"_links":{"self":[{"href":"https:\/\/emlaktuel.com\/index.php?rest_route=\/wp\/v2\/posts\/48751"}],"collection":[{"href":"https:\/\/emlaktuel.com\/index.php?rest_route=\/wp\/v2\/posts"}],"about":[{"href":"https:\/\/emlaktuel.com\/index.php?rest_route=\/wp\/v2\/types\/post"}],"author":[{"embeddable":true,"href":"https:\/\/emlaktuel.com\/index.php?rest_route=\/wp\/v2\/users\/1"}],"replies":[{"embeddable":true,"href":"https:\/\/emlaktuel.com\/index.php?rest_route=%2Fwp%2Fv2%2Fcomments&post=48751"}],"version-history":[{"count":5,"href":"https:\/\/emlaktuel.com\/index.php?rest_route=\/wp\/v2\/posts\/48751\/revisions"}],"predecessor-version":[{"id":48760,"href":"https:\/\/emlaktuel.com\/index.php?rest_route=\/wp\/v2\/posts\/48751\/revisions\/48760"}],"wp:featuredmedia":[{"embeddable":true,"href":"https:\/\/emlaktuel.com\/index.php?rest_route=\/wp\/v2\/media\/48754"}],"wp:attachment":[{"href":"https:\/\/emlaktuel.com\/index.php?rest_route=%2Fwp%2Fv2%2Fmedia&parent=48751"}],"wp:term":[{"taxonomy":"category","embeddable":true,"href":"https:\/\/emlaktuel.com\/index.php?rest_route=%2Fwp%2Fv2%2Fcategories&post=48751"},{"taxonomy":"post_tag","embeddable":true,"href":"https:\/\/emlaktuel.com\/index.php?rest_route=%2Fwp%2Fv2%2Ftags&post=48751"}],"curies":[{"name":"wp","href":"https:\/\/api.w.org\/{rel}","templated":true}]}}