{"id":48737,"date":"2024-11-22T09:37:34","date_gmt":"2024-11-22T06:37:34","guid":{"rendered":"https:\/\/emlaktuel.com\/?p=48737"},"modified":"2024-11-22T09:38:09","modified_gmt":"2024-11-22T06:38:09","slug":"turk-dogal-taslari-singapurda-dunya-mimarlariyla-bulustu","status":"publish","type":"post","link":"https:\/\/emlaktuel.com\/?p=48737","title":{"rendered":"T\u00fcrk Do\u011fal Ta\u015flar\u0131 Singapur\u2019da D\u00fcnya Mimarlar\u0131yla Bulu\u015ftu!"},"content":{"rendered":"<p dir=\"ltr\">Turkish Stones, d\u00fcnyan\u0131n en prestijli mimarl\u0131k etkinliklerinden biri olan ve 6-8 Kas\u0131m tarihleri aras\u0131nda Singapur\u2019daki Marina Bay Sands\u2019te ger\u00e7ekle\u015ftirilen World Architecture Festival 2024\u2019te T\u00fcrk do\u011fal ta\u015flar\u0131n\u0131 global mimarl\u0131k sekt\u00f6r\u00fcyle bulu\u015fturdu. D\u00fcnyan\u0131n \u00e7ok farkl\u0131 \u00fclkelerinden se\u00e7kin mimarlar\u0131n, akademisyenlerin ve sekt\u00f6r profesyonellerinin kat\u0131l\u0131m\u0131yla ger\u00e7ekle\u015ftirilen bulu\u015fmada Turkish Stones, destek\u00e7isi oldu\u011fu \u201cEn \u0130yi Ta\u015f Kullan\u0131m\u0131\u201d kategorisinde do\u011fal ta\u015f kullan\u0131lan nitelikli projelerinin festival b\u00fcnyesinde uluslararas\u0131 j\u00fcri taraf\u0131ndan de\u011ferlendirilmesini ve \u00f6d\u00fcllendirilmesini sa\u011flayarak etkili bir tan\u0131t\u0131m ger\u00e7ekle\u015ftirmi\u015f oldu.&nbsp;<\/p>\n<p dir=\"ltr\">T\u00fcrk do\u011fal ta\u015flar\u0131n\u0131n k\u00fcresel bilinirli\u011fini art\u0131rmak ve marka de\u011ferini y\u00fckseltmek amac\u0131yla \u0130stanbul Maden \u0130hracat\u00e7\u0131lar Birli\u011fi (\u0130M\u0130B), Bat\u0131 Akdeniz \u0130hracat\u00e7\u0131 Birli\u011fi (BA\u0130B) ve Ege Maden \u0130hracat\u00e7\u0131lar\u0131 Birli\u011fi (EM\u0130B) destekleriyle y\u00fcr\u00fct\u00fclen bir Turquality projesi olan&nbsp;Turkish Stones, World Architecture Festival (WAF) 2024\u2019te d\u00fcnya mimarlar\u0131yla bulu\u015ftu.&nbsp;<\/p>\n<p dir=\"ltr\">Ta\u015f\u0131n anavatan\u0131 olan Anadolu\u2019nun zengin ta\u015f potansiyelini ve \u00fcst seviye end\u00fcstriyel alt yap\u0131ya, dijital teknolojilerle desteklenmi\u015f \u00fcretim bantlar\u0131na ve yeri geldi\u011finde en ince i\u015f\u00e7ilikleri el eme\u011fi ile de \u00fcretebilen yeteneklere sahip olan T\u00fcrk do\u011fal ta\u015f sekt\u00f6r\u00fcn\u00fc d\u00fcnyaya tan\u0131tmak \u00fczere yola \u00e7\u0131kan&nbsp;Turkish Stones,&nbsp;World Architecture Festival kat\u0131l\u0131m\u0131 gibi projelerle yol alarak mimarl\u0131k, i\u00e7 mimarl\u0131k, peyzaj tasar\u0131m\u0131, kentsel tasar\u0131m ve sanat alanlar\u0131nda a\u00e7\u0131l\u0131mlar ger\u00e7ekle\u015ftirmeyi hedefliyor.&nbsp;<\/p>\n<p dir=\"ltr\">Her y\u0131l d\u00fcnyan\u0131n hemen her \u00fclkesinden mimarlar\u0131, i\u00e7 mimarlar\u0131 ve sekt\u00f6r profesyonellerini bir araya getiren uluslararas\u0131 mimarl\u0131k etkinli\u011fi World Architecture Festival, d\u00fcnyan\u0131n en yarat\u0131c\u0131 mimari ve i\u00e7 mimari projelerini sergilemek ve ilham verici tart\u0131\u015fmalara ev sahipli\u011fi yapmakla kalm\u0131yor, mimarl\u0131kta m\u00fckemmelli\u011fi kutlayarak \u00f6nde gelen tasar\u0131mlara prestijli \u00f6d\u00fcller sunuyor. Bu y\u0131l 6 \u2013 8 Kas\u0131m tarihleri aras\u0131nda Singapur\u2019da, Marina Bay Sands\u2019te ger\u00e7ekle\u015fen festivalde, finalistler projelerini 175 ki\u015fiden olu\u015fan uzman j\u00fcri heyetine sundu ve toplamda 43 kategoride \u00f6nde gelen tasar\u0131mlara \u00f6d\u00fclleri takdim edildi.<\/p>\n<p dir=\"ltr\">Turkish Stones Katk\u0131lar\u0131yla \u201cEn \u0130yi Ta\u015f Kullan\u0131m\u0131 \u00d6d\u00fcl\u00fc\u201d Verildi!<\/p>\n<p dir=\"ltr\">World Architecture Festival b\u00fcnyesinde bu y\u0131l \u201cEn \u0130yi Ta\u015f Kullan\u0131m\u0131\u201d \u00f6d\u00fcl\u00fcne sponsor olan&nbsp;Turkish Stones&nbsp;bu sayede \u00e7ok y\u00f6nl\u00fc, kal\u0131c\u0131 ve s\u00fcrd\u00fcr\u00fclebilir bir malzeme olan ta\u015f\u0131n yenilik\u00e7i ve \u00f6rnek uygulamalar\u0131n\u0131 sergileyen, tamamlanm\u0131\u015f 7 mimari ve i\u00e7 mimari projenin uluslararas\u0131 j\u00fcri taraf\u0131ndan de\u011ferlendirilmesine vesile oldu. pRchitect Media &amp; Communications kurucusu Mimar Yasemin \u015eener, Feilden Clegg Bradley Studios orta\u011f\u0131 Mimar Simon Doody ve Office AIO kurucu orta\u011f\u0131 Mimar Tim Kwan\u2019dan olu\u015fan j\u00fcri heyetinin de\u011ferlendirmesi sonucunda WAF 2024 \u201cEn \u0130yi Ta\u015f Kullan\u0131m\u0131\u201d kategori \u00f6d\u00fcl\u00fc Hindistan\u2019daki \u201cOH HO Residence\u201d Play Architecture\u2019a takdim edildi. &nbsp;<\/p>\n<p dir=\"ltr\">Turkish Stones Stant\u0131 Festivalde Mimarlar\u0131n \u0130lgi Oda\u011f\u0131 Oldu&#8230;<\/p>\n<p dir=\"ltr\">Turkish Stones\u2019un T\u00fcrk do\u011fal ta\u015flar\u0131n\u0131n benzersiz niteliklerini ve ta\u015f\u0131n Anadolu\u2019daki 12 bin y\u0131ll\u0131k kadim miras\u0131n\u0131 aktard\u0131\u011f\u0131 \u00f6zel stant\u0131, festival alan\u0131nda kat\u0131l\u0131mc\u0131lar\u0131n ilgi oda\u011f\u0131 oldu. D\u00fcnyada marka haline gelmi\u015f T\u00fcrk ta\u015flar\u0131ndan \u00f6rneklerin yer ald\u0131\u011f\u0131 stantta dev ekran \u00fczerinde ge\u00e7mi\u015ften g\u00fcn\u00fcm\u00fcze T\u00fcrk do\u011fal ta\u015flar\u0131n\u0131n zamanda yolculu\u011fu aktar\u0131l\u0131rken, stant\u0131 ziyaret eden mimarlara VR g\u00f6zl\u00fcklerle benzersiz deneyimler ya\u015fat\u0131ld\u0131. Etkinlik s\u00fcresince t\u00fcm ziyaret\u00e7ilere \u0130M\u0130B Y\u00f6netim Kurulu Ba\u015fkan\u0131 Ey\u00fcp Batal, \u0130M\u0130B Y\u00f6netim Kurulu \u00dcyesi Funda Beki\u015fo\u011flu, BA\u0130B Y\u00f6netim Kurulu \u00dcyesi Ahmet Tekin, EM\u0130B Y\u00f6netim Kurulu \u00dcyeleri Mehmet \u015een ve Efe Nalbanto\u011flu, \u0130M\u0130B T\u0130M Delegesi Or\u00e7un Kocaman ve \u0130MM\u0130B Genel Sekreteri Dr. Arma\u011fan Vurdu e\u015flik etti.<\/p>\n<p dir=\"ltr\">Etkinli\u011fin ikinci g\u00fcn\u00fcnde T.C. Singapur B\u00fcy\u00fckel\u00e7isi Mehmet Bur\u00e7in G\u00f6nenli ve T.C. Ticaret M\u00fc\u015faviri Mihriban Esin Arslan\u2019\u0131n da ziyaretleriyle onurland\u0131rd\u0131\u011f\u0131&nbsp;Turkish Stones&nbsp;stand\u0131nda do\u011fal ta\u015f ve mimarl\u0131k sekt\u00f6rlerinin \u00f6nde gelen isimlerinin bir araya geldi\u011fi bir de kokteyl etkinli\u011fi ger\u00e7ekle\u015ftirildi. Kokteylin ard\u0131ndan T.C. Singapur B\u00fcy\u00fckel\u00e7isi Say\u0131n Mehmet Bur\u00e7in G\u00f6nenli, Turkish Stones yetkililerini ve T\u00fcrkiye\u2019den festivale kat\u0131lan mimarlar\u0131 B\u00fcy\u00fckel\u00e7ilik Rezidans\u0131\u2019nda verdi\u011fi \u00f6zel davette a\u011f\u0131rlad\u0131.&nbsp;<\/p>\n<p dir=\"ltr\">Turkish Stones&nbsp;stant\u0131, AOMTD, BAB Architects, Bilgin Architects, Dome+Partners, DS Landscape &amp; Architecture, EAA-Emre Arolat Architecture, Erkal Architects, GAD Architecture, GEOMIM, Iglo Architects, KG Mimarl\u0131k, Koop Architects, Ofisvesaire ve Zoom\/TPU ba\u015fta olmak \u00fczere T\u00fcrkiye\u2019den festivale kat\u0131lan mimarl\u0131k ofislerinin temsilcileri i\u00e7in etkinlik boyunca bir araya geldikleri bir bulu\u015fma noktas\u0131 oldu.&nbsp;<\/p>\n","protected":false},"excerpt":{"rendered":"<p>Turkish Stones, d\u00fcnyan\u0131n en prestijli mimarl\u0131k etkinliklerinden biri olan ve 6-8 Kas\u0131m tarihleri aras\u0131nda Singapur\u2019daki Marina Bay Sands\u2019te ger\u00e7ekle\u015ftirilen World Architecture Festival 2024\u2019te T\u00fcrk do\u011fal ta\u015flar\u0131n\u0131 global mimarl\u0131k sekt\u00f6r\u00fcyle bulu\u015fturdu. D\u00fcnyan\u0131n \u00e7ok farkl\u0131 \u00fclkelerinden se\u00e7kin mimarlar\u0131n, akademisyenlerin ve sekt\u00f6r profesyonellerinin kat\u0131l\u0131m\u0131yla ger\u00e7ekle\u015ftirilen bulu\u015fmada Turkish Stones, destek\u00e7isi oldu\u011fu \u201cEn \u0130yi Ta\u015f Kullan\u0131m\u0131\u201d kategorisinde do\u011fal ta\u015f kullan\u0131lan [&hellip;]<\/p>\n","protected":false},"author":1,"featured_media":48738,"comment_status":"open","ping_status":"open","sticky":false,"template":"","format":"standard","meta":{"ngg_post_thumbnail":0},"categories":[1,26],"tags":[],"_links":{"self":[{"href":"https:\/\/emlaktuel.com\/index.php?rest_route=\/wp\/v2\/posts\/48737"}],"collection":[{"href":"https:\/\/emlaktuel.com\/index.php?rest_route=\/wp\/v2\/posts"}],"about":[{"href":"https:\/\/emlaktuel.com\/index.php?rest_route=\/wp\/v2\/types\/post"}],"author":[{"embeddable":true,"href":"https:\/\/emlaktuel.com\/index.php?rest_route=\/wp\/v2\/users\/1"}],"replies":[{"embeddable":true,"href":"https:\/\/emlaktuel.com\/index.php?rest_route=%2Fwp%2Fv2%2Fcomments&post=48737"}],"version-history":[{"count":1,"href":"https:\/\/emlaktuel.com\/index.php?rest_route=\/wp\/v2\/posts\/48737\/revisions"}],"predecessor-version":[{"id":48739,"href":"https:\/\/emlaktuel.com\/index.php?rest_route=\/wp\/v2\/posts\/48737\/revisions\/48739"}],"wp:featuredmedia":[{"embeddable":true,"href":"https:\/\/emlaktuel.com\/index.php?rest_route=\/wp\/v2\/media\/48738"}],"wp:attachment":[{"href":"https:\/\/emlaktuel.com\/index.php?rest_route=%2Fwp%2Fv2%2Fmedia&parent=48737"}],"wp:term":[{"taxonomy":"category","embeddable":true,"href":"https:\/\/emlaktuel.com\/index.php?rest_route=%2Fwp%2Fv2%2Fcategories&post=48737"},{"taxonomy":"post_tag","embeddable":true,"href":"https:\/\/emlaktuel.com\/index.php?rest_route=%2Fwp%2Fv2%2Ftags&post=48737"}],"curies":[{"name":"wp","href":"https:\/\/api.w.org\/{rel}","templated":true}]}}