{"id":48734,"date":"2024-11-22T09:34:43","date_gmt":"2024-11-22T06:34:43","guid":{"rendered":"https:\/\/emlaktuel.com\/?p=48734"},"modified":"2024-11-22T09:34:43","modified_gmt":"2024-11-22T06:34:43","slug":"15-atlas-lojistik-odulleri-sahiplerini-buldu","status":"publish","type":"post","link":"https:\/\/emlaktuel.com\/?p=48734","title":{"rendered":"15. Atlas Lojistik \u00d6d\u00fclleri Sahiplerini Buldu\u00a0"},"content":{"rendered":"<p><b>15. Atlas Lojistik \u00d6d\u00fclleri Sahiplerini Buldu<\/b>&nbsp;<br \/>\n<b><br \/>\n15 y\u0131ld\u0131r aral\u0131ks\u0131z devam eden \u201cAtlas Lojistik \u00d6d\u00fclleri\u201d yar\u0131\u015fmas\u0131n\u0131n \u00f6d\u00fcl t\u00f6reni 21 Kas\u0131m 2024 Per\u015fembe g\u00fcn\u00fc EKO MMI Fuarc\u0131l\u0131k sponsorlu\u011funda ve Uluslararas\u0131 logitrans Transport Lojistik Fuar\u0131\u2019n\u0131n ev sahipli\u011finde yap\u0131ld\u0131. Lojistik sekt\u00f6r\u00fc ve i\u015f d\u00fcnyas\u0131n\u0131n b\u00fcy\u00fck ilgi g\u00f6sterdi\u011fi t\u00f6rende toplam 31 \u00f6d\u00fcl sahibini buldu.&nbsp;<\/b><\/p>\n<p>Aysberg Bas\u0131n Yay\u0131n taraf\u0131ndan organize edilen, j\u00fcrisinde UND, UT\u0130KAD, AND, T\u00dcRKL\u0130M, DTD gibi lojistik meslek derneklerinin ba\u015fkanlar\u0131, ulusal ve sekt\u00f6rel bas\u0131n kurulu\u015flar\u0131n\u0131n y\u00f6neticileri bulunan Atlas Lojistik \u00d6d\u00fclleri 2024 yar\u0131\u015fmas\u0131n\u0131n \u00f6d\u00fcl t\u00f6reni 21 Kas\u0131m 2024 Per\u015fembe g\u00fcn\u00fc EKO MMI Fuarc\u0131l\u0131k sponsorlu\u011funda ve Uluslararas\u0131 logitrans Transport Lojistik Fuar\u0131\u2019n\u0131n ev sahipli\u011finde ger\u00e7ekle\u015ftirildi.&nbsp;<br \/>\nBa\u015flang\u0131c\u0131ndan itibaren kesintisiz olarak yoluna devam eden ve bu y\u0131l 15. ya\u015f\u0131n\u0131 kutlayan lojistik sekt\u00f6r\u00fcn\u00fcn en sayg\u0131n \u00f6d\u00fcl organizasyonu Atlas\u2019a lojistik sekt\u00f6r\u00fc yine b\u00fcy\u00fck ilgi g\u00f6sterdi.&nbsp;<\/p>\n<p>103 se\u00e7kin aday\u0131n yar\u0131\u015ft\u0131\u011f\u0131 organizasyonda 25 firma ve lojistik sekt\u00f6r y\u00f6neticisi \u00f6d\u00fcllerine kavu\u015ftu.&nbsp;<\/p>\n<p>\u00d6d\u00fcl t\u00f6reninde ayr\u0131ca \u00fcretim, i\u00e7 ve d\u0131\u015f ticaret faaliyetleri ile ta\u015f\u0131mac\u0131l\u0131k ve lojistik end\u00fcstrisine yaratt\u0131\u011f\u0131 i\u015f potansiyeli sayesinde katk\u0131da bulunan 5 firmaya da, lojistik sekt\u00f6r\u00fcn\u00fcn te\u015fekk\u00fcr\u00fc olarak \u2018Lojisti\u011fe Katk\u0131 \u00d6d\u00fcl\u00fc\u2019 verildi.&nbsp;<\/p>\n<p>J\u00fcrinin oy birli\u011fi ile belirledi\u011fi \u201cLojisti\u011fe Katk\u0131 \u00d6zel \u00d6d\u00fcl\u00fc\u201d de T\u00fcrk ta\u015f\u0131mac\u0131l\u0131k ve lojistik end\u00fcstrisini d\u00fcnya \u00e7ap\u0131nda ba\u015far\u0131yla temsil eden Uluslararas\u0131 Ta\u015f\u0131ma \u0130\u015fleri Organizat\u00f6rleri Dernekleri Federasyonu (FIATA) Ba\u015fkan\u0131 Turgut Erkeskin\u2019e lojistik sekt\u00f6r\u00fcn\u00fc temsilen UND Ba\u015fkan\u0131 \u015eerafettin Aras taraf\u0131ndan takdim edildi.&nbsp;<\/p>\n<p>\u00d6d\u00fcl t\u00f6reninde bir konu\u015fma yaparak; lojistik sekt\u00f6r\u00fcn\u00fcn zorlu ko\u015fullardaki m\u00fccadelesine ve ba\u015far\u0131lar\u0131na dikkat \u00e7eken Atlas Lojistik \u00d6d\u00fclleri Organizasyon Komitesi Ba\u015fkan\u0131 \u0130lker Altun, \u201c\u00d6d\u00fcl\u00fc en \u00e7ok hak eden sekt\u00f6r\u00fcn mensuplar\u0131n\u0131 daha g\u00f6r\u00fcn\u00fcr k\u0131lmak, g\u00fczide \u015firketlerimiz ile birbirinden de\u011ferli y\u00f6netici ve \u00e7al\u0131\u015fanlar\u0131n\u0131 \u00f6d\u00fcllendirmek de bizim i\u00e7in neredeyse bir g\u00f6revdir.\u201d dedi.&nbsp;<br \/>\nAltun konu\u015fmas\u0131na \u015f\u00f6yle devam etti: \u201cTam bir g\u00f6rev bilinci ile \u00e7al\u0131\u015ft\u0131\u011f\u0131m\u0131z yar\u0131\u015fmaya bu y\u0131l 103 ba\u015fvuru yap\u0131ld\u0131. 4 kategoride ger\u00e7ekle\u015fen yar\u0131\u015fman\u0131n j\u00fcrisi; sonu\u00e7lar\u0131n\u0131n kesinle\u015fmesi j\u00fcri onay\u0131na ba\u011fl\u0131 olan online oylama ile sonu\u00e7lar\u0131 sadece j\u00fcri oylar\u0131 ile belirlenen projelerin se\u00e7iminde olduk\u00e7a zorland\u0131.&nbsp;<\/p>\n<p>Atlas Lojistik \u00d6d\u00fclleri Yar\u0131\u015fmas\u0131, artan bir ilgi ve itibara sahiptir. Bunu ba\u015fvurular, sosyal medya \u00e7al\u0131\u015fmalar\u0131, takip ve sorgulamadan anl\u0131yoruz. Biz de bu ilgi ve g\u00fcvene eksiksiz bir \u015fekilde kar\u015f\u0131l\u0131k vermek i\u00e7in olduk\u00e7a sayg\u0131n bir j\u00fcri ile \u00e7al\u0131\u015f\u0131yoruz.\u201d&nbsp;<\/p>\n<p>Altun konu\u015fmas\u0131n\u0131n sonunda; \u201cJ\u00fcrimiz, bu y\u0131l UND ve UT\u0130KAD\u2019\u0131n yan\u0131 s\u0131ra ilk kez aram\u0131za kat\u0131lan T\u00fcrkiye Limanc\u0131lar Birli\u011fi, A\u011f\u0131r Nakliyeciler Derne\u011fi ve Demiryolu Ta\u015f\u0131mac\u0131lar\u0131 Derne\u011fi\u2019nin sayg\u0131de\u011fer ba\u015fkanlar\u0131 ile daha g\u00fc\u00e7l\u00fc bir hale geldi. J\u00fcri \u00fcyelerimiz olan t\u00fcm ba\u015fkanlar\u0131m\u0131za ve sivil toplum \u00f6rg\u00fct\u00fc temsilcilerimize; vakit ay\u0131rd\u0131klar\u0131, yar\u0131\u015fmam\u0131z\u0131n kalitesine, g\u00fcvenilirli\u011fine ve ger\u00e7ekle\u015fmesine katk\u0131da bulunduklar\u0131 i\u00e7in te\u015fekk\u00fcr ediyorum.&nbsp;<\/p>\n<p>Ayr\u0131ca t\u00fcm kat\u0131l\u0131mc\u0131lar\u0131 kutluyor, biraz sonra \u00f6d\u00fcl\u00fcne kavu\u015facak olanlar\u0131 ayr\u0131ca tebrik ediyorum.\u201d diyerek s\u00f6zlerini tamamlad\u0131.&nbsp;<\/p>\n<p>\u0130lker Altun&#8217;un konu\u015fmas\u0131n\u0131n ard\u0131ndan ayn\u0131 zamanda Atlas Lojistik \u00d6d\u00fclleri J\u00fcrisinde de yer alan FIATA Ba\u015fkan\u0131 Turgut Erkeskin, UND Ba\u015fkan\u0131 \u015eerafettin Aras ve UT\u0130KAD Ba\u015fkan\u0131 Bilgehan Engin de lojistik sekt\u00f6r\u00fc ve Atlas Lojistik \u00d6d\u00fclleri\u2018yle ilgili g\u00f6r\u00fc\u015flerini dile getirdikleri birer konu\u015fma yaparak t\u00f6rene kat\u0131lan sekt\u00f6r temsilcilerine hitap ettiler.&nbsp;<\/p>\n<p><b>2024 Atlas Lojistik \u00d6d\u00fclleri Yar\u0131\u015fmas\u0131nda Toplam 31 \u00d6d\u00fcl Sahipleriyle Bulu\u015ftu<\/b>&nbsp;<br \/>\n<b><br \/>\n<\/b>&#8211;Ula\u015ft\u0131rma belgesine dayal\u0131 hizmetler dal\u0131nda 4 kategoride de\u011ferlendirme oldu. Ayn\u0131 kategoride her firmaya yaln\u0131zca bir \u00f6d\u00fcl verilen yar\u0131\u015fman\u0131n belgeye dayal\u0131 hizmetlere ili\u015fkin \u00f6d\u00fcl de\u011ferlendirme sonu\u00e7lar\u0131 \u015f\u00f6yle ger\u00e7ekle\u015fti:&nbsp;<br \/>\nYurti\u00e7i Lojistik \u0130\u015fletmecileri (L1): D\u0130N\u00c7ER LOGISTICS&nbsp;<br \/>\nUluslararas\u0131 Lojistik \u0130\u015fletmecileri (L2): ARC LOJ\u0130ST\u0130K&nbsp;<br \/>\nYurti\u00e7i Ta\u015f\u0131ma \u0130\u015fleri Organizat\u00f6rleri (T\u0130O): FEVZ\u0130 GANDUR LOJ\u0130ST\u0130K&nbsp;<br \/>\nUluslararas\u0131 Ta\u015f\u0131ma \u0130\u015fleri Organizat\u00f6rleri (T\u0130O): LOG\u0130TRANS LOJ\u0130ST\u0130K&nbsp;<\/p>\n<p>&#8211;Ula\u015ft\u0131rma Bakanl\u0131\u011f\u0131 yetki belgeleri d\u0131\u015f\u0131nda oda, dernek, birlik gibi \u00fcyeliklere g\u00f6re yap\u0131lan ba\u015fvurularda \u015fu sonu\u00e7lar elde edildi:&nbsp;<br \/>\nLiman \u0130\u015fletmecileri: MERS\u0130N ULUSLARARASI L\u0130MAN \u0130\u015eLETMELER\u0130<br \/>\nDemiryolu Ta\u015f\u0131mas\u0131 Firmalar\u0131 (Forwarder): TALAY LOJ\u0130ST\u0130K&nbsp;<br \/>\nDemiryolu Ta\u015f\u0131mas\u0131 Firmalar\u0131 (Operat\u00f6rler): MEDLOG LOJ\u0130ST\u0130K&nbsp;<br \/>\nUluslararas\u0131 Deniz Ta\u015f\u0131mas\u0131 Firmalar\u0131 (Forwarder): OR\u0130G\u0130N LOJ\u0130ST\u0130K&nbsp;<br \/>\nUluslararas\u0131 Deniz Ta\u015f\u0131mas\u0131 Firmalar\u0131 (Gemi Sahipleri): OMSAN LOGISTICS&nbsp;<br \/>\nUluslararas\u0131 Hava Ta\u015f\u0131ma Firmalar\u0131 (Forwarder): ARKAS LOJ\u0130ST\u0130K&nbsp;<br \/>\nUluslararas\u0131 Hava Ta\u015f\u0131ma Firmalar\u0131 (Havayolu Ta\u015f\u0131y\u0131c\u0131s\u0131): TURKISH CARGO&nbsp;<\/p>\n<p>&#8211;Yar\u0131\u015fmada, j\u00fcri \u00fcyelerinin se\u00e7imine ba\u011fl\u0131 \u015fekilde sonu\u00e7lanan Lojistik Proje \u00d6d\u00fclleri dal\u0131nda ise 7 proje \u00f6d\u00fcle de\u011fer bulundu:&nbsp;<br \/>\n\u201cEski Brandalar \u00c7ocuklar \u0130\u00e7in Okul \u00c7antas\u0131na D\u00f6n\u00fc\u015f\u00fcyor!\u201d projesi ile UND KADIN \u00c7ALI\u015eMA GRUBU&nbsp;<br \/>\n\u201cMobil Takip Sistemi &#8211; MT20\u201d Projesi ile SEY\u0130R MOB\u0130L&nbsp;<br \/>\n\u201cLine Assist (Yapay Zeka) &amp; Medkon Portal (B2B)\u201d Projesi ile MEDKON&nbsp;<br \/>\n\u201cAdana Havaliman\u0131&#8217;n\u0131n \u00c7ukurova Havaliman\u0131&#8217;na Ta\u015f\u0131nmas\u0131\u201d Projesi ile ARKAS LOJ\u0130ST\u0130K&nbsp;<br \/>\n\u201cAt\u0131k Lastikleri \u00c7evre Dostu Y\u00f6ntemlerle S\u00fcrd\u00fcr\u00fclebilir Malzemelere D\u00f6n\u00fc\u015ft\u00fcrme\u201d Projesi ile MNG KARGO&nbsp;<br \/>\n\u201cMarda\u015f Liman\u0131 3 Adet STS Vin\u00e7 Montaj\u0131\u201d Projesi ile HAREKET PROJE TA\u015eIMACILI\u011eI VE Y\u00dcK M\u00dcHEND\u0130SL\u0130\u011e\u0130&nbsp;<br \/>\n\u201c\u00d6zbekistan- Talimarjan Enerji Santrali\u201d Projesi ile \u00d6ZNAKL\u0130YAT&nbsp;<\/p>\n<p>&#8211;Aday belirleme ve oylama i\u015flemleri&nbsp;<a href=\"https:\/\/www.lojistikodulleri.com\/\" target=\"_blank\" rel=\"noopener\" data-saferedirecturl=\"https:\/\/www.google.com\/url?q=https:\/\/www.lojistikodulleri.com\/&amp;source=gmail&amp;ust=1732341323622000&amp;usg=AOvVaw1lgFWaySY2QDpgl0TiUWOx\">https:\/\/www.lojistikodulleri.<wbr>com\/<\/a>web sitesi kullan\u0131c\u0131lar\u0131 taraf\u0131ndan yap\u0131lan online yar\u0131\u015fmada ise elde edilen sonu\u00e7lar j\u00fcri taraf\u0131ndan tescil edildi. 7 kategoride 13\u2019\u00fc \u015firket ve 37\u2019si lojistik y\u00f6neticisi toplam 50 aday\u0131n yar\u0131\u015ft\u0131\u011f\u0131 online yar\u0131\u015fmada, lojistik sekt\u00f6r\u00fcn\u00fcn \u2018En Be\u011fenilen\u2019leri yine lojistik sekt\u00f6r\u00fcn\u00fcn t\u00fcm kesimlerinden gelen 12 bin 925 oyla belirlendi.&nbsp;<\/p>\n<p>En Be\u011fenilen Lojistik \u015eirketi: FERHAT GRUP LOJ\u0130ST\u0130K&nbsp;<br \/>\nEn Be\u011fenilen Karayolu Lojistik Y\u00f6neticisi: MUSTAFA \u0130MRAK&nbsp;<br \/>\nEn Be\u011fenilen Depo Y\u00f6neticisi: FERYA \u00c7\u0130\u00c7EK&nbsp;<br \/>\nEn Be\u011fenilen Proje Ta\u015f\u0131mas\u0131 Y\u00f6neticisi: \u015eAZ\u0130YE KALKAN&nbsp;<br \/>\nEn Be\u011fenilen Denizyolu Lojistik Y\u00f6neticisi: SEMA BA\u015e&nbsp;<br \/>\nEn Be\u011fenilen Havayolu Lojistik Y\u00f6neticisi: ZEK\u0130 KEREM D\u0130R\u0130&nbsp;<br \/>\nEn Be\u011fenilen Demiryolu Lojistik Y\u00f6neticisi: TU\u011eBERK T\u00dcRKEN&nbsp;<\/p>\n<p>&#8211;Bu y\u0131l dokuzuncu kez verilen &#8220;Lojisti\u011fe Katk\u0131 \u00d6d\u00fcl\u00fc&#8221;n\u00fc kazanan \u015firketler \u015funlar:&nbsp;<br \/>\nBALPARMAK&nbsp;<br \/>\nECZACIBA\u015eI V\u0130TRA&nbsp;<br \/>\n\u0130NOKSAN&nbsp;<br \/>\nORKA HOLD\u0130NG&nbsp;<br \/>\nT\u00dcRK YTONG&nbsp;<\/p>\n","protected":false},"excerpt":{"rendered":"<p>15. Atlas Lojistik \u00d6d\u00fclleri Sahiplerini Buldu&nbsp; 15 y\u0131ld\u0131r aral\u0131ks\u0131z devam eden \u201cAtlas Lojistik \u00d6d\u00fclleri\u201d yar\u0131\u015fmas\u0131n\u0131n \u00f6d\u00fcl t\u00f6reni 21 Kas\u0131m 2024 Per\u015fembe g\u00fcn\u00fc EKO MMI Fuarc\u0131l\u0131k sponsorlu\u011funda ve Uluslararas\u0131 logitrans Transport Lojistik Fuar\u0131\u2019n\u0131n ev sahipli\u011finde yap\u0131ld\u0131. Lojistik sekt\u00f6r\u00fc ve i\u015f d\u00fcnyas\u0131n\u0131n b\u00fcy\u00fck ilgi g\u00f6sterdi\u011fi t\u00f6rende toplam 31 \u00f6d\u00fcl sahibini buldu.&nbsp; Aysberg Bas\u0131n Yay\u0131n taraf\u0131ndan organize edilen, [&hellip;]<\/p>\n","protected":false},"author":1,"featured_media":48735,"comment_status":"open","ping_status":"open","sticky":false,"template":"","format":"standard","meta":{"ngg_post_thumbnail":0},"categories":[26],"tags":[],"_links":{"self":[{"href":"https:\/\/emlaktuel.com\/index.php?rest_route=\/wp\/v2\/posts\/48734"}],"collection":[{"href":"https:\/\/emlaktuel.com\/index.php?rest_route=\/wp\/v2\/posts"}],"about":[{"href":"https:\/\/emlaktuel.com\/index.php?rest_route=\/wp\/v2\/types\/post"}],"author":[{"embeddable":true,"href":"https:\/\/emlaktuel.com\/index.php?rest_route=\/wp\/v2\/users\/1"}],"replies":[{"embeddable":true,"href":"https:\/\/emlaktuel.com\/index.php?rest_route=%2Fwp%2Fv2%2Fcomments&post=48734"}],"version-history":[{"count":1,"href":"https:\/\/emlaktuel.com\/index.php?rest_route=\/wp\/v2\/posts\/48734\/revisions"}],"predecessor-version":[{"id":48736,"href":"https:\/\/emlaktuel.com\/index.php?rest_route=\/wp\/v2\/posts\/48734\/revisions\/48736"}],"wp:featuredmedia":[{"embeddable":true,"href":"https:\/\/emlaktuel.com\/index.php?rest_route=\/wp\/v2\/media\/48735"}],"wp:attachment":[{"href":"https:\/\/emlaktuel.com\/index.php?rest_route=%2Fwp%2Fv2%2Fmedia&parent=48734"}],"wp:term":[{"taxonomy":"category","embeddable":true,"href":"https:\/\/emlaktuel.com\/index.php?rest_route=%2Fwp%2Fv2%2Fcategories&post=48734"},{"taxonomy":"post_tag","embeddable":true,"href":"https:\/\/emlaktuel.com\/index.php?rest_route=%2Fwp%2Fv2%2Ftags&post=48734"}],"curies":[{"name":"wp","href":"https:\/\/api.w.org\/{rel}","templated":true}]}}