{"id":48684,"date":"2024-11-19T11:26:32","date_gmt":"2024-11-19T08:26:32","guid":{"rendered":"https:\/\/emlaktuel.com\/?p=48684"},"modified":"2024-11-19T11:26:54","modified_gmt":"2024-11-19T08:26:54","slug":"ege-yapi-alsancak-projesinde-on-satislar-basladi","status":"publish","type":"post","link":"https:\/\/emlaktuel.com\/?p=48684","title":{"rendered":"Ege Yap\u0131 Alsancak projesinde \u00f6n sat\u0131\u015flar ba\u015flad\u0131"},"content":{"rendered":"<p style=\"font-weight: 400;\"><strong><u>Ege Yap\u0131, \u0130zmir&#8217;de Alsancak Projesi ile Yat\u0131r\u0131mlar\u0131n\u0131 B\u00fcy\u00fct\u00fcyor<\/u><\/strong><\/p>\n<p style=\"font-weight: 400;\"><strong>Ege Yap\u0131 Alsancak projesinde \u00f6n sat\u0131\u015flar ba\u015flad\u0131<\/strong><\/p>\n<p><img loading=\"lazy\" class=\"alignnone size-full wp-image-48686\" src=\"https:\/\/emlaktuel.com\/wp-content\/uploads\/2024\/11\/IMG_20241119_112336.jpg\" alt=\"\" width=\"1080\" height=\"589\"><\/p>\n<p style=\"font-weight: 400;\"><strong>Ege Yap\u0131, uzmanl\u0131\u011f\u0131n\u0131 ve kalitesini, \u015fimdi de \u0130zmir\u2018in merkezine ta\u015f\u0131yor. Tarihin ve modern \u015fehirle\u015fmenin harmanland\u0131\u011f\u0131 Alsancak b\u00f6lgesinde y\u00fckselecek yeni projesiyle, Ege Yap\u0131, hem oturumcu hem de yat\u0131r\u0131mc\u0131lara yeni nesil, avantajlarla dolu, g\u00fcvenli bir ya\u015fam sunuyor. Ege Yap\u0131 Y\u00f6netim Kurulu Ba\u015fkan\u0131 \u0130nan\u00e7 Kabaday\u0131 projeyle ilgili olarak, &#8220;Y\u0131l sonuna kadar bir projemizi daha sat\u0131\u015fa a\u00e7arak \u0130zmir&#8217;deki projelerimizin say\u0131s\u0131n\u0131 \u00fc\u00e7e \u00e7\u0131kar\u0131yoruz.&#8221; a\u00e7\u0131klamas\u0131nda bulundu.<\/strong><\/p>\n<p style=\"font-weight: 400;\">yay\u0131lmak istiyoruz,&#8221; dedi. Alsancak projesiyle birlikte \u0130zmir\u2019de ikinci projeye imza att\u0131klar\u0131n\u0131 belirten Kabaday\u0131, \u015fu a\u00e7\u0131klamada bulundu:<\/p>\n<p style=\"font-weight: 400;\">&#8220;2024 y\u0131l\u0131 bitmeden \u0130zmir\u2019de bir projemizde de in\u015faat \u00e7al\u0131\u015fmalar\u0131na ba\u015flayarak toplam \u00fc\u00e7 projeye ula\u015fm\u0131\u015f olaca\u011f\u0131z. \u0130zmir \u2018de haz\u0131rl\u0131k a\u015famas\u0131nda \u00fc\u00e7 projemiz daha var.<\/p>\n<p style=\"font-weight: 400;\">Toplam alt\u0131 projeyi tamamlad\u0131\u011f\u0131m\u0131zda, Ege Yap\u0131 kalitesiyle \u0130zmir\u2019in konut sekt\u00f6r\u00fcne yeni bir soluk kazand\u0131raca\u011f\u0131z. Kekliktepe\u2019de geli\u015ftirdi\u011fimiz 73 villal\u0131k projemize olan yo\u011fun ilgi, bize \u0130zmir\u2019de yeni projeler geli\u015ftirme motivasyonu sa\u011flad\u0131. Alsancak projemiz de g\u00fc\u00e7l\u00fc m\u00fchendislik anlay\u0131\u015f\u0131m\u0131z ve \u00e7evreye duyarl\u0131l\u0131\u011f\u0131m\u0131zla tasarland\u0131. T\u00fcm projelerimizde oldu\u011fu gibi bu projemizde de s\u00fcrd\u00fcr\u00fclebilirlik ana temam\u0131z ve elektrikli ara\u00e7 \u015farj istasyonlar\u0131, ak\u0131ll\u0131 ev sistemleri, ya\u011fmur suyu toplama sistemi ve fotovoltaik paneller gibi bir\u00e7ok \u00e7evre dostu \u00e7\u00f6z\u00fcm\u00fc bar\u0131nd\u0131ran bir ya\u015fam alan\u0131 sunuyoruz.&#8221;<\/p>\n<p style=\"font-weight: 400;\"><strong>Ege Yap\u0131 Alsancak Projesi: \u015eehrin Merkezinde S\u00fcrd\u00fcr\u00fclebilir Ya\u015fam<\/strong><\/p>\n<p style=\"font-weight: 400;\">\u015eehrin tam kalbinde, ba\u015fl\u0131ca k\u00fclt\u00fcr, sanat, spor, gastronomi alanlar\u0131n\u0131n hemen yan\u0131 ba\u015f\u0131nda yer alan Ege Yap\u0131 Alsancak projesi, 4.953 metrekare arsa \u00fczerinde, toplam 29.500 metrekare in\u015faat alan\u0131na sahip d\u00f6rt bloktan olu\u015fuyor. Projede 132 konut ve 7 ticari alan bulunuyor. Modern mimarisi, s\u00fcrd\u00fcr\u00fclebilir tasar\u0131m\u0131 ve \u00f6zenle se\u00e7ilmi\u015f detaylar\u0131yla dikkat \u00e7eken Ege Yap\u0131 Alsancak, yeni sakinlerine benzersiz bir ya\u015fam ve yat\u0131r\u0131m f\u0131rsat\u0131 sunuyor.<\/p>\n<p style=\"font-weight: 400;\">Deprem g\u00fcvenli\u011fi a\u00e7\u0131s\u0131ndan t\u00fcm analizleri yap\u0131lm\u0131\u015f olan projemiz, \u00e7at\u0131da yer alan a\u00e7\u0131k havuz, fitness, sauna gibi sosyal olanaklar\u0131yla, \u015fehrin merkezinde modern ve teknolojik bir ya\u015fam alan\u0131 sunuyor.<\/p>\n<p style=\"font-weight: 400;\">&nbsp;<\/p>\n<p style=\"font-weight: 400;\">&nbsp;<\/p>\n","protected":false},"excerpt":{"rendered":"<p>Ege Yap\u0131, \u0130zmir&#8217;de Alsancak Projesi ile Yat\u0131r\u0131mlar\u0131n\u0131 B\u00fcy\u00fct\u00fcyor Ege Yap\u0131 Alsancak projesinde \u00f6n sat\u0131\u015flar ba\u015flad\u0131 Ege Yap\u0131, uzmanl\u0131\u011f\u0131n\u0131 ve kalitesini, \u015fimdi de \u0130zmir\u2018in merkezine ta\u015f\u0131yor. Tarihin ve modern \u015fehirle\u015fmenin harmanland\u0131\u011f\u0131 Alsancak b\u00f6lgesinde y\u00fckselecek yeni projesiyle, Ege Yap\u0131, hem oturumcu hem de yat\u0131r\u0131mc\u0131lara yeni nesil, avantajlarla dolu, g\u00fcvenli bir ya\u015fam sunuyor. Ege Yap\u0131 Y\u00f6netim Kurulu Ba\u015fkan\u0131 [&hellip;]<\/p>\n","protected":false},"author":1,"featured_media":48685,"comment_status":"open","ping_status":"open","sticky":false,"template":"","format":"standard","meta":{"ngg_post_thumbnail":0},"categories":[221,5219,1,97,5388],"tags":[],"_links":{"self":[{"href":"https:\/\/emlaktuel.com\/index.php?rest_route=\/wp\/v2\/posts\/48684"}],"collection":[{"href":"https:\/\/emlaktuel.com\/index.php?rest_route=\/wp\/v2\/posts"}],"about":[{"href":"https:\/\/emlaktuel.com\/index.php?rest_route=\/wp\/v2\/types\/post"}],"author":[{"embeddable":true,"href":"https:\/\/emlaktuel.com\/index.php?rest_route=\/wp\/v2\/users\/1"}],"replies":[{"embeddable":true,"href":"https:\/\/emlaktuel.com\/index.php?rest_route=%2Fwp%2Fv2%2Fcomments&post=48684"}],"version-history":[{"count":1,"href":"https:\/\/emlaktuel.com\/index.php?rest_route=\/wp\/v2\/posts\/48684\/revisions"}],"predecessor-version":[{"id":48687,"href":"https:\/\/emlaktuel.com\/index.php?rest_route=\/wp\/v2\/posts\/48684\/revisions\/48687"}],"wp:featuredmedia":[{"embeddable":true,"href":"https:\/\/emlaktuel.com\/index.php?rest_route=\/wp\/v2\/media\/48685"}],"wp:attachment":[{"href":"https:\/\/emlaktuel.com\/index.php?rest_route=%2Fwp%2Fv2%2Fmedia&parent=48684"}],"wp:term":[{"taxonomy":"category","embeddable":true,"href":"https:\/\/emlaktuel.com\/index.php?rest_route=%2Fwp%2Fv2%2Fcategories&post=48684"},{"taxonomy":"post_tag","embeddable":true,"href":"https:\/\/emlaktuel.com\/index.php?rest_route=%2Fwp%2Fv2%2Ftags&post=48684"}],"curies":[{"name":"wp","href":"https:\/\/api.w.org\/{rel}","templated":true}]}}