{"id":48611,"date":"2024-11-12T20:10:40","date_gmt":"2024-11-12T17:10:40","guid":{"rendered":"https:\/\/emlaktuel.com\/?p=48611"},"modified":"2024-11-12T20:10:40","modified_gmt":"2024-11-12T17:10:40","slug":"karsan-elektrikli-e-jest-ile-artik-ingilterede","status":"publish","type":"post","link":"https:\/\/emlaktuel.com\/?p=48611","title":{"rendered":"Karsan, Elektrikli e-JEST ile Art\u0131k \u0130ngiltere\u2019de!"},"content":{"rendered":"<p>Elektrikli Karsan e-JEST\u2019lerin Yeni Dura\u011f\u0131 \u0130ngiltere!<\/p>\n<p>Karsan Sa\u011fdan Direksiyonlu ve Elektrikli Toplu Ula\u015f\u0131m Pazar\u0131nda Japonya\u2019n\u0131n Ard\u0131ndan \u015eimdi de \u0130ngiltere\u2019ye A\u00e7\u0131l\u0131yor!<\/p>\n<p>Karsan, Elektrikli e-JEST ile Art\u0131k \u0130ngiltere\u2019de!<\/p>\n<p>\u201cMobilitenin Gelece\u011finde Bir Ad\u0131m \u00d6nde\u201d olma vizyonuyla d\u00fcnyada toplu ula\u015f\u0131m\u0131n elektrikli ve otonom ara\u00e7lara d\u00f6n\u00fc\u015f\u00fcm\u00fcnde \u00f6nc\u00fc rol oynayan Karsan, sa\u011fdan direksiyonlu ara\u00e7 pazarlar\u0131ndaki varl\u0131\u011f\u0131n\u0131 art\u0131r\u0131yor. Bu kapsamda \u015firket, ge\u00e7en y\u0131l\u0131n sonunda Japonya pazar\u0131na giri\u015f yapt\u0131\u011f\u0131 sa\u011fdan direksiyonlu e-JEST\u2019i \u015fimdi de \u0130ngiltere\u2019de tan\u0131tmaya haz\u0131rlan\u0131yor. Karsan e-JEST\u2019in lanse edildi\u011fi ilk g\u00fcnden bug\u00fcne Avrupa\u2019da \u00f6ne \u00e7\u0131kt\u0131\u011f\u0131n\u0131 s\u00f6yleyen Karsan Ticari \u0130\u015fler Genel M\u00fcd\u00fcr Yard\u0131mc\u0131s\u0131 Deniz \u00c7etin, \u201cKarsan e-JEST lanse edildi\u011fi g\u00fcnden bu yana, son 4 y\u0131ld\u0131r aral\u0131ks\u0131z olarak Avrupa\u2019da kendi segmentinin lideri konumunda yer al\u0131yor. Ge\u00e7en y\u0131l sonunda Japonya\u2019da sa\u011fdan direksiyonlu e-JEST\u2019in lansman\u0131n\u0131 ger\u00e7ekle\u015ftirmi\u015ftik. Avrupa\u2019dan sonra Kanada ve Japonya\u2019ya kadar geni\u015f bir co\u011frafyada talep g\u00f6ren e-JEST\u2019i, \u015fimdi de \u0130ngiltere ve \u0130rlanda\u2019da yollara \u00e7\u0131kar\u0131yoruz. \u00d6n\u00fcm\u00fczdeki d\u00f6nem hedeflerimiz aras\u0131nda ise art\u0131k Malta ve Avustralya var. Dinamik ve estetik tasar\u0131m\u0131 ile \u015fehirler i\u00e7in modern bir \u00e7\u00f6z\u00fcm olan Karsan e-JEST ideal yolcu kapasitesi ile yo\u011fun saatlerde ana hatlar\u0131 besleyen ara hatlarda tercih ediliyor. Yo\u011fun olmayan saatlerde ve ak\u015famlar\u0131 ise shuttle arac\u0131 olarak kullan\u0131lan e-JEST\u2019ler, kompakt boyutu ile operasyonel maliyetleri d\u00fc\u015f\u00fcr\u00fcyor, \u015fehirlere modern ve yolcu dostu \u00e7\u00f6z\u00fcm sunuyor\u201d dedi.<\/p>\n<p>D\u00fcnyada toplu ula\u015f\u0131m\u0131n elektrikli ve otonom ara\u00e7lara d\u00f6n\u00fc\u015f\u00fcm\u00fcnde \u00f6nc\u00fc rol oynayan Karsan, yenilik\u00e7i \u00fcr\u00fcnleriyle faaliyet g\u00f6sterdi\u011fi pazarlar\u0131 geni\u015fletmeye devam ediyor. Kuzey Amerika\u2019dan Japonya\u2019ya kadar \u00e7ok b\u00fcy\u00fck bir co\u011frafyada faaliyetlerini s\u00fcrd\u00fcren Karsan, 2023 y\u0131l\u0131 sonunda giri\u015f yapt\u0131\u011f\u0131 ilk sa\u011fdan direksiyonlu ara\u00e7 pazar\u0131 olan Japonya\u2019n\u0131n ard\u0131ndan \u015fimdi de \u0130ngiltere\u2019de toplu ula\u015f\u0131m\u0131 d\u00f6n\u00fc\u015ft\u00fcrmek i\u00e7in ilk ad\u0131m\u0131 att\u0131.<\/p>\n<h2>\u0130ngiltere ve \u0130rlanda\u2019dan sonra s\u0131rada Malta ve Avustralya var!<\/h2>\n<p>\u015eirket, giri\u015f yapt\u0131\u011f\u0131 ikinci sa\u011fdan direksiyonlu pazar olan \u0130ngiltere\u2019de y\u00fczde 100 elektrikli sa\u011fdan direksiyonlu e-JEST modelinin lansman\u0131n\u0131 Birmingham\u2019daki EuroBus Expo\u2019da d\u00fczenledi\u011fi etkinlikle ger\u00e7ekle\u015ftirdi. Karsan e-JEST\u2019in lanse edildi\u011fi g\u00fcnden bug\u00fcne Avrupa\u2019da \u00f6ne \u00e7\u0131kt\u0131\u011f\u0131n\u0131 s\u00f6yleyen Karsan Ticari \u0130\u015fler Genel M\u00fcd\u00fcr Yard\u0131mc\u0131s\u0131 Deniz \u00c7etin, \u201cArac\u0131m\u0131z son 4 y\u0131ld\u0131r aral\u0131ks\u0131z olarak Avrupa\u2019da kendi segmentinin lideri konumunda yer al\u0131yor. Karsan e-JEST, elektrikli minib\u00fcs segmentinde, Avrupa\u2019da kay\u0131tl\u0131 4 ara\u00e7tan biri olma ba\u015far\u0131s\u0131 g\u00f6steriyor. Kuzey Amerika\u2019da toplu ta\u015f\u0131ma alan\u0131nda ilk elektrikli minib\u00fcs\u00fcn\u00fc sunan Karsan, hali haz\u0131rda Amerika ve Kanada\u2019da 153 adet e-JEST ile b\u00f6lgede aktif olarak hizmet veriyor\u201d dedi. Karsan\u2019\u0131n 23 \u00fclkede 1200\u2019de fazla elektrikli arac\u0131yla hizmet vererek d\u00fcnya markas\u0131 olma yolunda h\u0131zla ilerledi\u011fini vurgulayan Deniz \u00c7etin, \u015f\u00f6yle devam etti: \u201cGe\u00e7en y\u0131l sonunda Japonya\u2019da sa\u011fdan direksiyonlu e-JEST\u2019in lansman\u0131n\u0131 ger\u00e7ekle\u015ftirmi\u015ftik. \u015eimdi de \u0130ngiltere ve \u0130rlanda\u2019da i\u015f orta\u011f\u0131m\u0131z EVM ile e-JEST\u2019i yollara \u00e7\u0131kar\u0131yoruz. \u00d6n\u00fcm\u00fczdeki d\u00f6nem hedeflerimiz aras\u0131nda ise art\u0131k Malta ve Avustralya var. Dinamik ve estetik tasar\u0131m\u0131 ile \u015fehirler i\u00e7in modern bir \u00e7\u00f6z\u00fcm olan Karsan e-JEST, ideal yolcu kapasitesi ile yo\u011fun saatlerde ana hatlar\u0131 besleyen ara hatlarda tercih ediliyor. Yo\u011fun olmayan saatlerde de shuttle arac\u0131 olarak kullan\u0131lan e-JEST\u2019ler, kompakt boyutu ile operasyonel maliyetleri d\u00fc\u015f\u00fcr\u00fcyor. B\u00f6ylece arac\u0131m\u0131z daha az insan\u0131n seyahat etti\u011fi gece saatlerinde d\u00fc\u015f\u00fck talebe kar\u015f\u0131, daha d\u00fc\u015f\u00fck maliyetli alternatif bir \u00e7\u00f6z\u00fcm olarak i\u015fletmelere ekstra fayda sa\u011fl\u0131yor. Daha az n\u00fcfuslu ve tarihi kentlerde, b\u00fcy\u00fck ara\u00e7 kullanmak yerine daha k\u00fc\u00e7\u00fck kapasite ile ak\u0131lc\u0131 \u00e7\u00f6z\u00fcm sunan Karsan e-JEST, b\u00fcy\u00fck ara\u00e7lar\u0131n giremedi\u011fi dar sokaklarda da rahatl\u0131kla hareket ediyor ve kompakt boyutu ile manevralarda b\u00fcy\u00fck kolayl\u0131k sa\u011fl\u0131yor.\u201d<\/p>\n<p>Karsan e-JEST\u2019i \u0130ngiltere ve \u0130rlanda pazar\u0131na sunacak olan ve Karsan\u2019\u0131n bu b\u00f6lgelerdeki i\u015f orta\u011f\u0131 olarak sekt\u00f6rde pazarda derin tecr\u00fcbesi olan EVM\u2019in CEO\u2019su Danny McGee ise \u201cKarsan\u2019\u0131n yenilik\u00e7i elektrikli minib\u00fcs\u00fc, EVM&#8217;nin daha \u00e7evreci ve verimli seyahat \u00e7\u00f6z\u00fcmleri vizyonuyla m\u00fckemmel bir uyum i\u00e7indedir. Birlikte, mobilitenin gelece\u011fine g\u00fc\u00e7 katmaya ve toplu ta\u015f\u0131ma deneyimini d\u00f6n\u00fc\u015ft\u00fcrmeye haz\u0131r\u0131z\u201d a\u00e7\u0131klamas\u0131n\u0131 yapt\u0131.<\/p>\n<p>Karsan e-JEST 210 kilometre menziliyle \u00f6ne \u00e7\u0131k\u0131yor!<\/p>\n<p>6 metrelik elektrikli \u015fehir minib\u00fcs\u00fc Karsan e-JEST, markan\u0131n elektrik d\u00f6n\u00fc\u015f\u00fcm\u00fcnde lider model olarak dikkat \u00e7ekiyor. \u0130ngiltere pazar\u0131na \u00f6zel sa\u011fdan direksiyonlu versiyonunda 17 ki\u015filik yolcu kapasitesi ile kompakt bir boyuta sahip olan e-JEST, g\u00fcc\u00fcn\u00fc BMW\u2019nin 135 kW\u2019lik elektrik motorundan al\u0131yor. 88 kWh batarya kapasitesi ile 210 kilometreye kadar menzile sahip olan ara\u00e7, h\u0131zl\u0131 \u015farj ile 1 saatte, ev tipi gece \u015farj\u0131 ile 4 saatte \u015farj olabiliyor. \u00dcstelik enerji geri kazan\u0131m\u0131 sa\u011flayan rejeneratif fren sistemi sayesinde bataryalar y\u00fczde 25 oran\u0131nda kendi kendini de \u015farj edebiliyor. Y\u00fcksek manevra kabiliyeti, geni\u015f i\u00e7 mekan\u0131, dinamik tasar\u0131m\u0131 ve rakiplerini geride b\u0131rakan benzersiz t\u0131rmanma performans\u0131yla \u00f6n plana \u00e7\u0131kan Karsan e-JEST sundu\u011fu sessiz yolculuklarla gelece\u011fe \u0131\u015f\u0131k tutuyor. Ara\u00e7 kontrol sistemlerinin yer ald\u0131\u011f\u0131 dokunmatik ekran\u0131, tamamen dijital g\u00f6sterge paneli, USB \u00e7\u0131k\u0131\u015flar\u0131 ile donat\u0131lan ve talebe ba\u011fl\u0131 olarak Wi-Fi uyumlu altyap\u0131 sa\u011flayan Karsan e-JEST\u2019in sa\u011fdan direksiyonlu versiyonu, 4 tekerlekte ba\u011f\u0131ms\u0131z s\u00fcspansiyon sistemiyle yolcular\u0131na binek ara\u00e7 konforu sunuyor. ESP\u2019den Hillholder\u2019a kadar aktif ve pasif g\u00fcvenlik s\u00fcr\u00fc\u015f \u00f6zelliklerini bir arada sunan e-JEST, bulundu\u011fu s\u0131n\u0131fta Avrupa, Kuzey Amerika ve Japonya\u2019dan sonra \u015fimdi de \u0130ngiltere ve \u0130rlanda\u2019y\u0131 elektriklendirecek<\/p>\n","protected":false},"excerpt":{"rendered":"<p>Elektrikli Karsan e-JEST\u2019lerin Yeni Dura\u011f\u0131 \u0130ngiltere! Karsan Sa\u011fdan Direksiyonlu ve Elektrikli Toplu Ula\u015f\u0131m Pazar\u0131nda Japonya\u2019n\u0131n Ard\u0131ndan \u015eimdi de \u0130ngiltere\u2019ye A\u00e7\u0131l\u0131yor! Karsan, Elektrikli e-JEST ile Art\u0131k \u0130ngiltere\u2019de! \u201cMobilitenin Gelece\u011finde Bir Ad\u0131m \u00d6nde\u201d olma vizyonuyla d\u00fcnyada toplu ula\u015f\u0131m\u0131n elektrikli ve otonom ara\u00e7lara d\u00f6n\u00fc\u015f\u00fcm\u00fcnde \u00f6nc\u00fc rol oynayan Karsan, sa\u011fdan direksiyonlu ara\u00e7 pazarlar\u0131ndaki varl\u0131\u011f\u0131n\u0131 art\u0131r\u0131yor. Bu kapsamda \u015firket, ge\u00e7en [&hellip;]<\/p>\n","protected":false},"author":1,"featured_media":48612,"comment_status":"open","ping_status":"open","sticky":false,"template":"","format":"standard","meta":{"ngg_post_thumbnail":0},"categories":[5215],"tags":[],"_links":{"self":[{"href":"https:\/\/emlaktuel.com\/index.php?rest_route=\/wp\/v2\/posts\/48611"}],"collection":[{"href":"https:\/\/emlaktuel.com\/index.php?rest_route=\/wp\/v2\/posts"}],"about":[{"href":"https:\/\/emlaktuel.com\/index.php?rest_route=\/wp\/v2\/types\/post"}],"author":[{"embeddable":true,"href":"https:\/\/emlaktuel.com\/index.php?rest_route=\/wp\/v2\/users\/1"}],"replies":[{"embeddable":true,"href":"https:\/\/emlaktuel.com\/index.php?rest_route=%2Fwp%2Fv2%2Fcomments&post=48611"}],"version-history":[{"count":1,"href":"https:\/\/emlaktuel.com\/index.php?rest_route=\/wp\/v2\/posts\/48611\/revisions"}],"predecessor-version":[{"id":48613,"href":"https:\/\/emlaktuel.com\/index.php?rest_route=\/wp\/v2\/posts\/48611\/revisions\/48613"}],"wp:featuredmedia":[{"embeddable":true,"href":"https:\/\/emlaktuel.com\/index.php?rest_route=\/wp\/v2\/media\/48612"}],"wp:attachment":[{"href":"https:\/\/emlaktuel.com\/index.php?rest_route=%2Fwp%2Fv2%2Fmedia&parent=48611"}],"wp:term":[{"taxonomy":"category","embeddable":true,"href":"https:\/\/emlaktuel.com\/index.php?rest_route=%2Fwp%2Fv2%2Fcategories&post=48611"},{"taxonomy":"post_tag","embeddable":true,"href":"https:\/\/emlaktuel.com\/index.php?rest_route=%2Fwp%2Fv2%2Ftags&post=48611"}],"curies":[{"name":"wp","href":"https:\/\/api.w.org\/{rel}","templated":true}]}}