{"id":48561,"date":"2024-11-23T15:18:20","date_gmt":"2024-11-23T12:18:20","guid":{"rendered":"https:\/\/emlaktuel.com\/?p=48561"},"modified":"2024-11-23T16:33:06","modified_gmt":"2024-11-23T13:33:06","slug":"iv-kandilli-satisa-cikti","status":"publish","type":"post","link":"https:\/\/emlaktuel.com\/?p=48561","title":{"rendered":"\u0130V Kandilli sat\u0131\u015fa \u00e7\u0131kt\u0131"},"content":{"rendered":"<p>Savur GYO\u2019dan \u2018\u0130yi ki vars\u0131n Kandilli, iyi ki vars\u0131n evim\u2019 dedirtecek proje<\/p>\n<p>\u0130V Kandilli sat\u0131\u015fa \u00e7\u0131kt\u0131<\/p>\n<p><img loading=\"lazy\" class=\"alignnone size-full wp-image-48563\" src=\"https:\/\/emlaktuel.com\/wp-content\/uploads\/2024\/11\/IMG-20241109-WA0007.jpg\" alt=\"\" width=\"1600\" height=\"1067\" srcset=\"https:\/\/emlaktuel.com\/wp-content\/uploads\/2024\/11\/IMG-20241109-WA0007.jpg 1600w, https:\/\/emlaktuel.com\/wp-content\/uploads\/2024\/11\/IMG-20241109-WA0007-750x500.jpg 750w, https:\/\/emlaktuel.com\/wp-content\/uploads\/2024\/11\/IMG-20241109-WA0007-1536x1024.jpg 1536w\" sizes=\"(max-width: 1600px) 100vw, 1600px\" \/><\/p>\n<p>Yenilik\u00e7i vizyonuyla 60 y\u0131l\u0131 a\u015fk\u0131n s\u00fcredir in\u015faat, gayrimenkul, turizm, otomotiv ve elektronik sekt\u00f6rlerinde faaliyet g\u00f6steren Savur Group \u015firketlerinden Savur Gayrimenkul Yat\u0131r\u0131m Ortakl\u0131\u011f\u0131 (Savur GYO), ilk konut projesi \u0130V Kandilli\u2019yi sat\u0131\u015fa sundu.<br \/>\nLansmana \u00f6zel avantajlar ve Savur GYO b\u00fcnyesinde olu\u015fturulan y\u00fczde 10 pe\u015finat ve 48 ay vade imkan\u0131yla konut al\u0131c\u0131s\u0131n\u0131n be\u011fenisine sunulan \u0130V Kandilli\u2019de b\u00fcy\u00fckl\u00fckleri 123 metrekare ile 392 metrekare aras\u0131nda de\u011fi\u015fen dairelerin fiyatlar\u0131 22 milyon TL\u2019den ba\u015fl\u0131yor. Projenin 2026 y\u0131l\u0131n\u0131n haziran ay\u0131nda teslim edilmesi planlan\u0131yor.<\/p>\n<p><img loading=\"lazy\" class=\"alignnone size-full wp-image-48564\" src=\"https:\/\/emlaktuel.com\/wp-content\/uploads\/2024\/11\/IMG-20241109-WA0005.jpg\" alt=\"\" width=\"1600\" height=\"819\" srcset=\"https:\/\/emlaktuel.com\/wp-content\/uploads\/2024\/11\/IMG-20241109-WA0005.jpg 1600w, https:\/\/emlaktuel.com\/wp-content\/uploads\/2024\/11\/IMG-20241109-WA0005-1536x786.jpg 1536w\" sizes=\"(max-width: 1600px) 100vw, 1600px\" \/><\/p>\n<h2>4 blokta 96 konut<\/h2>\n<p>Arsa ve in\u015faat maliyeti toplam\u0131 yakla\u015f\u0131k 1,5 milyar TL\u2019nin \u00fczerinde olan \u0130V Kandilli, 8 bin metrekare arsa \u00fczerinde 4 blokta 96 adet konuttan olu\u015fuyor. Projede b\u00fcy\u00fckl\u00fckleri 123 metrekare ile 392 metrekare aras\u0131nda de\u011fi\u015fen 2+1, 3+1, 3+1 ve 4+1 \u00e7at\u0131 dubleksleri ile 3+1 ve 4+1 bah\u00e7e dubleksleri olmak \u00fczere her ihtiyaca cevap verebilecek geni\u015f daire se\u00e7enekleri yer al\u0131yor. Birinci s\u0131n\u0131f tasar\u0131m, i\u015f\u00e7ilik ve malzemenin \u00f6zenle bir araya getirildi\u011fi daireler konforlu bir ya\u015fam vadediyor.<\/p>\n<h2><img loading=\"lazy\" class=\"alignnone size-full wp-image-48565\" src=\"https:\/\/emlaktuel.com\/wp-content\/uploads\/2024\/11\/IMG-20241109-WA0006.jpg\" alt=\"\" width=\"1600\" height=\"1067\" srcset=\"https:\/\/emlaktuel.com\/wp-content\/uploads\/2024\/11\/IMG-20241109-WA0006.jpg 1600w, https:\/\/emlaktuel.com\/wp-content\/uploads\/2024\/11\/IMG-20241109-WA0006-750x500.jpg 750w, https:\/\/emlaktuel.com\/wp-content\/uploads\/2024\/11\/IMG-20241109-WA0006-1536x1024.jpg 1536w\" sizes=\"(max-width: 1600px) 100vw, 1600px\" \/><\/h2>\n<h2>Butik aile sitesi<\/h2>\n<p>Butik bir aile sitesi olarak tasarland\u0131\u011f\u0131 i\u00e7in 1+1 dairelere yer verilmeyen proje, geni\u015f alanlar\u0131yla oldu\u011fu kadar 3,85 metreye kadar \u00e7\u0131kan tavan y\u00fcksekliklerine sahip daireleriyle dikkat \u00e7ekiyor. B\u00f6ylece evler, sadece yatayda de\u011fil dikeyde sundu\u011fu geni\u015f hacimle ferah ya\u015fam alanlar\u0131 sunuyor. Bah\u00e7e kat\u0131 dairelerin \u00f6zel bah\u00e7eleri, \u00e7at\u0131 dublekslerinin \u00f6zel teraslar\u0131 ve t\u00fcm dairelerin geni\u015f balkonlar\u0131 Kandilli\u2019nin e\u015fsiz do\u011fas\u0131n\u0131 ve deniz esintili temiz havas\u0131n\u0131 evlerin i\u00e7ine kadar ta\u015f\u0131yarak bu ferahl\u0131\u011f\u0131 benzersiz hale getiriyor. Yerden \u0131s\u0131tma, VRV so\u011futma sistemleri ve 4\u2019l\u00fc ankastre mutfak setleriyle donat\u0131lan her bir dairenin kendisine ait deposu bulunuyor.<br \/>\nHuzurlu bir ya\u015fam\u0131n kap\u0131lar\u0131n\u0131 aral\u0131yor<br \/>\nMimari projesi, Mimar Salih \u00c7\u0131kman y\u00f6netiminde Mental Design Works taraf\u0131ndan haz\u0131rlanan \u0130V Kandilli, az katl\u0131 bloklar\u0131, geni\u015f ve ferah daireleri, e\u015fsiz peyzaj\u0131 ve 7\u2019den 70\u2019e her ya\u015fa hitap eden aktivite alanlar\u0131yla huzurlu bir ya\u015fam\u0131n kap\u0131lar\u0131n\u0131 aral\u0131yor. Etraf\u0131 yemye\u015fil korular ve parklarla \u00e7evrili projenin BGM Peyzaj imzas\u0131 ta\u015f\u0131yan site i\u00e7i peyzaj alanlar\u0131 suyun sakinle\u015ftirici etkisini ta\u015f\u0131yan suyollar\u0131n\u0131 a\u011fa\u00e7lar\u0131n ye\u015filiyle bulu\u015fturuyor. Tamamen yerin alt\u0131na al\u0131nan site i\u00e7i ara\u00e7 trafi\u011fi de bu alanlar\u0131 daha g\u00fcvenli ve huzurlu hale getiriyor. A\u00e7\u0131k-kapal\u0131 y\u00fczme havuzundan sauna ve fitness alan\u0131na, basketbol sahas\u0131ndan caf\u00e9-lounge\u2019a, \u00e7ocuk oyun alan\u0131ndan kapal\u0131 otoparka kadar g\u00fcnl\u00fck ya\u015fama dair pek \u00e7ok ihtiyac\u0131 site i\u00e7inde kar\u015f\u0131lama imkan\u0131 sunan sosyal alanlar\u0131n yer ald\u0131\u011f\u0131 \u0130V Kandilli\u2019nin a\u00e7\u0131k alanlar\u0131nda ayr\u0131ca pergolal\u0131 oturma alanlar\u0131, kokulu bitkiler bah\u00e7esi, a\u00e7\u0131k hava sinemas\u0131, ate\u015f \u00e7ukurlu oturma alan\u0131, daybed alanlar\u0131, hamak alan\u0131 ve yoga-meditasyon alan\u0131 gibi dinlendirici pek \u00e7ok aktiviteye yer veriliyor.<\/p>\n<h2>Farkl\u0131 ve ayr\u0131cal\u0131kl\u0131 konum<\/h2>\n<p>\u0130stanbul Bo\u011faz\u0131\u2019na olan yak\u0131nl\u0131\u011f\u0131yla farkl\u0131 ve ayr\u0131cal\u0131kl\u0131 bir konuma sahip olan \u0130V Kandilli, merkezi lokasyonu ve ana ba\u011flant\u0131 yollar\u0131na yak\u0131nl\u0131\u011f\u0131yla da dikkat \u00e7ekiyor. Bo\u011fazi\u00e7i K\u00f6pr\u00fcs\u00fc, Fatih Sultan Mehmet K\u00f6pr\u00fcs\u00fc ve Avrasya T\u00fcneli gibi ana ula\u015f\u0131m arterlerine kolay eri\u015fim imk\u00e2n\u0131 sunan \u0130V Kandilli\u2019ye metro, otob\u00fcs ve deni\u015f ula\u015f\u0131m\u0131 gibi toplu ta\u015f\u0131ma se\u00e7enekleriyle de rahatl\u0131kla ula\u015f\u0131labiliyor. Proje, Kandilli Rasathanesi\u2019ne 250 metre, Cemile Sultan Korusu\u2019na 1,7 km, Kandilli \u0130skelesi\u2019ne 1,7 km, \u00d6zel Medivia Hastanesi\u2019ne 1,9 km, \u00c7engelk\u00f6y \u0130skelesi\u2019ne 2,1 km, Do\u011fu\u015f \u00dcniversitesi \u00c7engelk\u00f6y Yerle\u015fkesi\u2019ne 2,5 km, Anadolu Hisar\u0131\u2019na 2,7 km, Beylerbeyi Saray\u0131\u2019na 3,8 km, Medipol \u00dcniversitesi\u2019ne 4 km, FSM K\u00f6pr\u00fcs\u00fc\u2019ne 4 km, 15 Temmuz \u015eehitler K\u00f6pr\u00fcs\u00fc\u2019ne 4,4 km mesafede yer al\u0131yor.<\/p>\n<p>Kandilli Rasathanesi\u2019ne kom\u015fu proje<br \/>\n\u0130stanbul\u2019un en sa\u011flam zeminlerinden birinde, Kandilli Rasathanesi\u2019ne kom\u015fu \u0130V Kandilli, radye temel ve C35-C40 beton kullan\u0131larak in\u015fa edilen binalar statik a\u00e7\u0131dan da standartlar\u0131n \u00fczerinde bir g\u00fcvenlik sa\u011fl\u0131yor.<\/p>\n<h2>\u0130stanbul\u2019un ve bo\u011faz\u0131n t\u00fcm g\u00fczellikleri bir arada<\/h2>\n<p>Savur GYO Y\u00f6netim Kurulu \u00dcyesi Mehmet Sami Y\u0131ld\u0131ran, Savur GYO\u2019nun ilk konut projesi olan \u0130V Kandilli\u2019yi konut al\u0131c\u0131s\u0131n\u0131n be\u011fenisine sunmu\u015f olman\u0131n mutlulu\u011funu ya\u015fad\u0131klar\u0131n\u0131 s\u00f6yledi. Savur GYO\u2019nun T\u00fcrkiye\u2019de faaliyet g\u00f6steren 50\u2019ye yak\u0131n GYO\u2019dan farkl\u0131 bir konumland\u0131rma ile sekt\u00f6re ad\u0131m att\u0131\u011f\u0131n\u0131 belirten Y\u0131ld\u0131ran, \u201cSavur Group\u2019un turizm ve gayrimenkul alan\u0131nda sahip oldu\u011fu tecr\u00fcbeyi tek \u00e7at\u0131 alt\u0131nda toplayan Savur GYO\u2019nun ilk konut projesinin de farkl\u0131, \u00f6zel ve ayr\u0131cal\u0131kl\u0131 olmas\u0131n\u0131 istedik. Bu nedenle \u0130V Kandilli\u2019yi \u2018iyilik\u2019 kavram\u0131 \u00fczerine kurgulanm\u0131\u015f bir konut projesi, \u2018butik bir aile sitesi\u2019 olarak tan\u0131mlad\u0131k. Yediden yetmi\u015fe t\u00fcm sakinlerine iyi hissettirecek, \u2018\u0130yi ki vars\u0131n Kandilli, iyi ki vars\u0131n evim\u2019 dedirtecek bir proje tasarlad\u0131k\u201d dedi. \u0130stanbul\u2019un ve bo\u011faz\u0131n t\u00fcm g\u00fczelliklerinin bir arada ya\u015fatan Kandillinin eri\u015filebilir konumu ve nezih \u00e7evresiyle e\u015fsiz bir ya\u015fam alan\u0131 olarak \u00f6ne \u00e7\u0131kt\u0131\u011f\u0131n\u0131 anlatan Y\u0131ld\u0131ran, \u201cKandilli\u2019nin en nadide arsalar\u0131ndan biri \u00fczerinde y\u00fckselen projemizin de t\u00fcm bu g\u00fczellikleri sakinlerine doyas\u0131ya ya\u015fataca\u011f\u0131n\u0131 d\u00fc\u015f\u00fcnd\u00fck ve \u2018\u0130yi ki vars\u0131n Kandilli\u2019 dedik. Projemiz ad\u0131n\u0131 da buradan ald\u0131\u201d diye konu\u015ftu.<\/p>\n<h2>\u201cAyr\u0131cal\u0131kl\u0131, benzersiz ve rakipsiz bir proje yapmak istedik\u201d<\/h2>\n<p>Her y\u00f6n\u00fcyle ayr\u0131cal\u0131kl\u0131 ve benzersiz bir proje ortaya koymak i\u00e7in b\u00fcy\u00fck \u00e7aba sarf ettiklerinin alt\u0131n\u0131 \u00e7izen Mehmet Sami Y\u0131ld\u0131ran, \u0130V Kandilli\u2019yi rakipsiz k\u0131lacak ayr\u0131nt\u0131larla donatmay\u0131 hedeflediklerini s\u00f6yledi. Yemye\u015fil korular ve parklarla \u00e7evrili, deniz ve do\u011fa ile i\u00e7 i\u00e7e konumu, nezih \u00e7evresi ve ula\u015f\u0131m imkanlar\u0131yla \u0130stanbul Anadolu Yakas\u0131\u2019n\u0131n en prestijli ve g\u00fcvenli siteleri aras\u0131nda yerini almaya haz\u0131rlanan projenin konforu \u00f6n plana alan daireleri ve geni\u015f sosyal donat\u0131lar\u0131yla da iddial\u0131 oldu\u011funu belirten Y\u0131ld\u0131ran s\u00f6yle devam etti:<br \/>\n\u201cOtellerimizin tamam\u0131 uluslararas\u0131 zincir markalar alt\u0131nda ve bizim deneyimli ekiplerimiz taraf\u0131ndan i\u015fletilmektedir. Dolay\u0131s\u0131yla uluslararas\u0131 hizmet know-how\u2019\u0131m\u0131z\u0131, ekibimizin tecr\u00fcbe ve kalitesini kullanarak \u0130V Kandilli\u2019ye getirmeyi hedefliyoruz. \u00d6rne\u011fin; bug\u00fcn ailelerimizin en b\u00fcy\u00fck problemlerinden birisi olan g\u00fcnl\u00fck temizlik hizmetini sitede ya\u015fam ba\u015flad\u0131\u011f\u0131 andan itibaren kendi ekibimizle sakinlerimize sunaca\u011f\u0131z. Ayr\u0131ca, Kandilli ve \u00c7engelk\u00f6y sahiline gitmek isteyen site sakinleri, \u00fccretsiz shuttle hizmetinden faydalanabilecekler. Bu ve buna benzer 5 y\u0131ld\u0131zl\u0131 otel hizmetlerinin pek \u00e7o\u011fu \u0130V Kandilli site sakinlerine de \u00f6zel olarak sunulacak.<\/p>\n<p>Savur GYO Hakk\u0131nda<br \/>\n\u0130n\u015faat, gayrimenkul, turizm ve otomotiv elektroni\u011fi alanlar\u0131nda 60 y\u0131l\u0131 a\u015fk\u0131n tecr\u00fcbeye sahip olan Y\u0131ld\u0131ran Ailesi\u2019nin kurdu\u011fu Savur GYO, turizm ve konut alanlar\u0131nda gayrimenkul yat\u0131r\u0131mlar\u0131na sahip. Portf\u00f6y\u00fcnde, \u0130stanbul\u2019un tarihi merkezinde 4 otel ile Kandilli ve Bas\u0131n Ekspres\u2019te iki konut arsas\u0131 yer al\u0131yor. Bu otellerden Ramada \u0130stanbul Grand Bazaar Vezneciler\u2019de, Kapal\u0131\u00e7ar\u015f\u0131\u2019ya 1,5kilometre mesafede yer al\u0131rken Marriott Gruba ba\u011fl\u0131 Orientbank ve Orient Occident otelleri Sirkeci\u2019de, Boutique St. Sophia ise Sultanahmet\u2019te yer al\u0131yor. Savur GYO, Kandilli arsas\u0131 \u00fczerinde ise 96 konuttan olu\u015fan \u0130V Kandilli projesini hayata ge\u00e7irmeyi planl\u0131yor.<\/p>\n","protected":false},"excerpt":{"rendered":"<p>Savur GYO\u2019dan \u2018\u0130yi ki vars\u0131n Kandilli, iyi ki vars\u0131n evim\u2019 dedirtecek proje \u0130V Kandilli sat\u0131\u015fa \u00e7\u0131kt\u0131 Yenilik\u00e7i vizyonuyla 60 y\u0131l\u0131 a\u015fk\u0131n s\u00fcredir in\u015faat, gayrimenkul, turizm, otomotiv ve elektronik sekt\u00f6rlerinde faaliyet g\u00f6steren Savur Group \u015firketlerinden Savur Gayrimenkul Yat\u0131r\u0131m Ortakl\u0131\u011f\u0131 (Savur GYO), ilk konut projesi \u0130V Kandilli\u2019yi sat\u0131\u015fa sundu. Lansmana \u00f6zel avantajlar ve Savur GYO b\u00fcnyesinde olu\u015fturulan [&hellip;]<\/p>\n","protected":false},"author":1,"featured_media":48562,"comment_status":"open","ping_status":"open","sticky":false,"template":"","format":"standard","meta":{"ngg_post_thumbnail":0},"categories":[221,5219,219,97,5388],"tags":[],"_links":{"self":[{"href":"https:\/\/emlaktuel.com\/index.php?rest_route=\/wp\/v2\/posts\/48561"}],"collection":[{"href":"https:\/\/emlaktuel.com\/index.php?rest_route=\/wp\/v2\/posts"}],"about":[{"href":"https:\/\/emlaktuel.com\/index.php?rest_route=\/wp\/v2\/types\/post"}],"author":[{"embeddable":true,"href":"https:\/\/emlaktuel.com\/index.php?rest_route=\/wp\/v2\/users\/1"}],"replies":[{"embeddable":true,"href":"https:\/\/emlaktuel.com\/index.php?rest_route=%2Fwp%2Fv2%2Fcomments&post=48561"}],"version-history":[{"count":1,"href":"https:\/\/emlaktuel.com\/index.php?rest_route=\/wp\/v2\/posts\/48561\/revisions"}],"predecessor-version":[{"id":48566,"href":"https:\/\/emlaktuel.com\/index.php?rest_route=\/wp\/v2\/posts\/48561\/revisions\/48566"}],"wp:featuredmedia":[{"embeddable":true,"href":"https:\/\/emlaktuel.com\/index.php?rest_route=\/wp\/v2\/media\/48562"}],"wp:attachment":[{"href":"https:\/\/emlaktuel.com\/index.php?rest_route=%2Fwp%2Fv2%2Fmedia&parent=48561"}],"wp:term":[{"taxonomy":"category","embeddable":true,"href":"https:\/\/emlaktuel.com\/index.php?rest_route=%2Fwp%2Fv2%2Fcategories&post=48561"},{"taxonomy":"post_tag","embeddable":true,"href":"https:\/\/emlaktuel.com\/index.php?rest_route=%2Fwp%2Fv2%2Ftags&post=48561"}],"curies":[{"name":"wp","href":"https:\/\/api.w.org\/{rel}","templated":true}]}}