{"id":48531,"date":"2024-11-07T14:00:21","date_gmt":"2024-11-07T11:00:21","guid":{"rendered":"https:\/\/emlaktuel.com\/?p=48531"},"modified":"2024-11-07T14:00:21","modified_gmt":"2024-11-07T11:00:21","slug":"pgyf-basvurulari-yil-sonunda-sonuclanacak","status":"publish","type":"post","link":"https:\/\/emlaktuel.com\/?p=48531","title":{"rendered":"PGYF ba\u015fvurular\u0131 y\u0131l sonunda sonu\u00e7lanacak"},"content":{"rendered":"<ol start=\"19\">\n<li style=\"font-weight: 400;\"><strong> GYODER Gayrimenkul Zirvesi\u2019nde GYF\u2019lere ili\u015fkin yeni hedefler a\u00e7\u0131kland\u0131<\/strong><\/li>\n<\/ol>\n<p style=\"font-weight: 400;\"><strong>PGYF ba\u015fvurular\u0131 y\u0131l sonunda sonu\u00e7lanacak<\/strong><\/p>\n<p style=\"font-weight: 400;\"><strong>&nbsp;<\/strong><\/p>\n<ol start=\"19\">\n<li style=\"font-weight: 400;\"><strong> GYODER Gayrimenkul Zirvesi\u2019nde konu\u015fan Sermaye Piyasas\u0131 Kurulu Ba\u015fkan\u0131 \u0130brahim \u00d6mer G\u00f6n\u00fcl, \u201cGYF&#8217;lerin g\u00fcncel de\u011feri 104 milyar TL. Bu rakam\u0131n 2024 sonunda 115 milyar TL olaca\u011f\u0131n\u0131, 2025 y\u0131l\u0131nda da 150 milyar TL\u2019yi a\u015faca\u011f\u0131n\u0131 tahmin ediyoruz&#8221; diye konu\u015ftu. \u201cGayrimenkulde Finansal D\u00f6n\u00fc\u015f\u00fcm\u201d panelinde konu\u015fan SPK Kurumsal Yat\u0131r\u0131mc\u0131lar Daire Ba\u015fkan\u0131 Funda Uyar Geneci ise \u201cPek \u00e7ok PGYF ba\u015fvurumuz var, hedefimiz y\u0131l sonuna kadar hepsini sonu\u00e7land\u0131rmak\u201d dedi.<\/strong><strong>19. GYODER Gayrimenkul Zirvesi\u2019nde, finansa eri\u015fim problemlerinden i\u015f g\u00fcc\u00fc s\u0131k\u0131nt\u0131s\u0131na kadar sekt\u00f6rdeki pek \u00e7ok konu masaya yat\u0131r\u0131ld\u0131.<\/strong><\/li>\n<\/ol>\n<p style=\"font-weight: 400;\"><strong>&nbsp;<\/strong><\/p>\n<ol start=\"25\">\n<li style=\"font-weight: 400;\">y\u0131l\u0131n\u0131 kutlayan gayrimenkul sekt\u00f6r\u00fcn\u00fcn \u00e7at\u0131 kurulu\u015fu<strong>GYODER<\/strong>taraf\u0131ndan bu y\u0131l 19.\u2019su d\u00fczenlenen&nbsp;<strong>GYODER Gayrimenkul Zirvesi<\/strong>&nbsp;d\u00fcn Rixos Tersane \u0130stanbul\u2019da&nbsp;<strong>\u2018Yeniden Ba\u015flat\u2019&nbsp;<\/strong>ana temas\u0131yla ger\u00e7ekle\u015ftirildi.&nbsp;<\/li>\n<\/ol>\n<p style=\"font-weight: 400;\">Sekt\u00f6r\u00fcn d\u00fcn\u00fc, bug\u00fcn\u00fc ve yar\u0131n\u0131n\u0131n masaya yat\u0131r\u0131ld\u0131\u011f\u0131 zirvede alan\u0131nda uzman konu\u015fmac\u0131lar, panelistler sekt\u00f6rdeki geli\u015fmeleri, yenilik\u00e7i yakla\u015f\u0131mlar\u0131 ve gelece\u011fe dair \u00f6ng\u00f6r\u00fcleri payla\u015ft\u0131.<\/p>\n<p style=\"font-weight: 400;\"><strong>Z\u0130RVEDE SEKT\u00d6R\u00dcN SORUNLARI MASAYA YATIRILDI<\/strong><\/p>\n<p><img loading=\"lazy\" class=\"alignnone size-full wp-image-48533\" src=\"https:\/\/emlaktuel.com\/wp-content\/uploads\/2024\/11\/IMG_20241107_135343.jpg\" alt=\"\" width=\"1080\" height=\"1076\" srcset=\"https:\/\/emlaktuel.com\/wp-content\/uploads\/2024\/11\/IMG_20241107_135343.jpg 1080w, https:\/\/emlaktuel.com\/wp-content\/uploads\/2024\/11\/IMG_20241107_135343-150x150.jpg 150w\" sizes=\"(max-width: 1080px) 100vw, 1080px\" \/><\/p>\n<p style=\"font-weight: 400;\">Zirvenin a\u00e7\u0131l\u0131\u015f konu\u015fmas\u0131n\u0131 yapan GYODER Ba\u015fkan\u0131 Ne\u015fecan \u00c7ekici, \u201c19. GYODER Gayrimenkul Zirvesi&#8217;nde, 25 y\u0131ll\u0131k birikimimizin \u0131\u015f\u0131\u011f\u0131nda, sekt\u00f6r\u00fcm\u00fcz\u00fcn gelece\u011fini yeniden \u015fekillendirmek \u00fczere bir araya geliyoruz. Gayrimenkul end\u00fcstrisi olarak yeniden ba\u015flat d\u00fc\u011fmesine basma zaman\u0131m\u0131z geldi. Ge\u00e7mi\u015fin tecr\u00fcbeleriyle, hatalar\u0131m\u0131zdan dersler \u00e7\u0131kararak, de\u011fi\u015fen d\u00fcnya ko\u015fullar\u0131na uyum sa\u011flayarak, gelece\u011fi en iyi \u015fekilde in\u015fa etmek i\u00e7in birlikte \u00e7al\u0131\u015faca\u011f\u0131z. T\u00fcrkiye ekonomisinin kalbi, gayrimenkul sekt\u00f6r\u00fcd\u00fcr. Biz, gelece\u011fin mimarlar\u0131y\u0131z. \u0130\u015fte bu nedenle, kendimizi daima haz\u0131r, motive ve en \u00f6nemlisi \u201cyeni\u201d tutmal\u0131y\u0131z. Bu \u00f6nemli zirvede de gayrimenkul sekt\u00f6r\u00fcndeki zorluklara yan\u0131tlar arayaca\u011f\u0131z. GYODER olarak, bar\u0131nma politikalar\u0131, s\u00fcrd\u00fcr\u00fclebilirlik ve finansman y\u00f6ntemleri gibi kritik alanlarda \u00e7\u00f6z\u00fcm \u00f6nerileri sunan \u2018<strong>Mavi Kitap<\/strong>\u2019\u0131 yazd\u0131k\u201d diye konu\u015ftu.<\/p>\n<p style=\"font-weight: 400;\"><strong>GYF\u2019LER\u0130N B\u00dcY\u00dcKL\u00dc\u011e\u00dc 150 M\u0130LYAR TL\u2019Y\u0130 A\u015eACAK<\/strong><\/p>\n<p><img loading=\"lazy\" class=\"alignnone size-full wp-image-48534\" src=\"https:\/\/emlaktuel.com\/wp-content\/uploads\/2024\/11\/IMG_20241107_135355.jpg\" alt=\"\" width=\"1080\" height=\"670\"><\/p>\n<p style=\"font-weight: 400;\">Zirvenin \u00f6\u011fleden sonraki oturumlar\u0131nda Sabah Gazetesi Ekonomi M\u00fcd\u00fcr\u00fc Dilek G\u00fcng\u00f6r ve&nbsp;Sermaye Piyasas\u0131 Kurulu Ba\u015fkan\u0131 \u0130brahim \u00d6mer G\u00f6n\u00fcl\u2019\u00fcn&nbsp;birlikte ger\u00e7ekle\u015ftirdi\u011fi&nbsp;<strong>&#8216;GYO&#8217;larda D\u00fczenleyici Bak\u0131\u015f A\u00e7\u0131s\u0131&#8217;<\/strong>&nbsp;s\u00f6yle\u015fisi yer ald\u0131.<\/p>\n<p style=\"font-weight: 400;\">Son d\u00f6nemde gayrimenkul yat\u0131r\u0131m ortakl\u0131\u011f\u0131 (GYO) ve gayrimenkul yat\u0131r\u0131m fonu (GYF) modellerinin daha \u00e7ok ilgi g\u00f6rmeye ba\u015flad\u0131\u011f\u0131n\u0131 vurgulayan \u0130brahim \u00d6mer G\u00f6n\u00fcl, \u201cBorsam\u0131zda \u015fu anda 48 adet gayrimenkul yat\u0131r\u0131m ortakl\u0131\u011f\u0131 var. Bunlar\u0131n 2023 y\u0131l\u0131nda de\u011ferleri 350 milyar lirayd\u0131. Bu y\u0131l\u0131 550-600 milyar lira civar\u0131nda bir de\u011ferle kapataca\u011f\u0131m\u0131z\u0131 g\u00f6r\u00fcyoruz. Bu y\u0131l GYF&#8217;lerin projelere yat\u0131r\u0131m yapmas\u0131n\u0131n \u00f6n\u00fcn\u00fc a\u00e7t\u0131k. B\u00f6ylece sadece bitmi\u015f de\u011fil, devam eden veya ba\u015flang\u0131\u00e7 a\u015famas\u0131ndaki projelere de yat\u0131r\u0131m yapabiliyorlar. Mevcut GYF&#8217;lerden Proje GYF dedi\u011fimiz bu fonlara d\u00f6n\u00fc\u015f\u00fcm ve yeni Proje GYF kurulumu i\u00e7in \u00e7ok say\u0131da ba\u015fvurumuz var. GYF&#8217;lerin g\u00fcncel de\u011feri 104 milyar lira. 2024 sonunda yakla\u015f\u0131k 115 milyar lira gibi bir rakamla kar\u015f\u0131m\u0131za \u00e7\u0131kacaklar\u0131n\u0131 tahmin ediyorum. Bunun da 2025 y\u0131l\u0131nda yakla\u015f\u0131k 150 milyar liran\u0131n \u00fczerinde bir fon b\u00fcy\u00fckl\u00fc\u011f\u00fcne ula\u015faca\u011f\u0131n\u0131 tahmin ediyoruz<strong>&#8221;&nbsp;<\/strong>diye konu\u015ftu.<\/p>\n<p style=\"font-weight: 400;\"><strong>HEDEF\u0130M\u0130Z T\u00dcM PGYF BA\u015eVURULARINI SONU\u00c7LANDIRMAK<\/strong><\/p>\n<p style=\"font-weight: 400;\">Bloomberg HT Genel Yay\u0131n Y\u00f6netmeni A\u00e7\u0131l Sezen moderat\u00f6rl\u00fc\u011f\u00fcnde yap\u0131lan \u201c<strong>Gayrimenkulde Finansal D\u00f6n\u00fc\u015f\u00fcm\u201d<\/strong>&nbsp;panelinde konu\u015fan SPK Kurumsal Yat\u0131r\u0131mc\u0131lar Daire Ba\u015fkan\u0131 Funda Uyar Geneci ise \u015funlar\u0131 s\u00f6yledi: \u201cSon d\u00f6nemde kurumsal yat\u0131r\u0131mc\u0131lara b\u00fcy\u00fck ilgi var. Bug\u00fcn herkes bu b\u00fcy\u00fckl\u00fcklerden pay almak istiyor. Yat\u0131r\u0131m fonlar\u0131, emeklilik yat\u0131r\u0131m fonlar\u0131, GYF ve GSYF\u2019leri de toplad\u0131\u011f\u0131m\u0131zda 5 trilyonluk b\u00fcy\u00fckl\u00fc\u011fe ula\u015ft\u0131k. Proje GYF bizim 1 y\u0131ld\u0131r \u00fczerinde \u00e7al\u0131\u015ft\u0131\u011f\u0131m\u0131z bir konu. Arz ve talebi de \u00f6nemsiyoruz. Piyasada bir dinamizm olu\u015ftu. Herkes \u00e7ok heyecanland\u0131, i\u015ftah var. Herkes PGYF kurmak istiyor, bir s\u00fcr\u00fc portf\u00f6y y\u00f6netim \u015firketi kurulu\u015f ba\u015fvurumuz var. Sonu\u00e7lanma a\u015famas\u0131na gelen pek \u00e7ok PGYF ba\u015fvurumuz var. Hedefimiz y\u0131l bitene kadar hepsini sonu\u00e7land\u0131rmak.\u201d<\/p>\n<p style=\"font-weight: 400;\">Ayn\u0131 panelde konu\u015fan Foneria PY\u015e Y\u00f6netim Kurulu \u00dcyesi Berna Yi\u011fit Sevindi ise \u201c196 GYF var. Portf\u00f6y b\u00fcy\u00fckl\u00fc\u011f\u00fc de 100 milyar TL\u2019ye ula\u015fm\u0131\u015f durumda. PGYF\u2019ler \u00f6zellikle projenin finansman\u0131 noktas\u0131nda, kentsel d\u00f6n\u00fc\u015f\u00fcm noktas\u0131nda, konuta eri\u015fim noktas\u0131nda farkl\u0131la\u015f\u0131yor\u201d dedi. PY\u015e\u2019ler i\u00e7in yol haritas\u0131 olu\u015fturduklar\u0131n\u0131 s\u00f6yleyen Berna Yi\u011fit Sevindi, \u201cTaraflar aras\u0131nda yap\u0131lan hukuksal s\u00f6zle\u015fmeler \u00e7ok \u00f6nemli. GYODER\u2019de \u00fcyelerimizle birlikte payda\u015flar\u0131m\u0131z\u0131 bilgilendiriyoruz. Gerek yat\u0131r\u0131mc\u0131lar gerek m\u00fcteahhitler taraf\u0131nda t\u00fcm \u00e7al\u0131\u015fmalar\u0131m\u0131z\u0131 yap\u0131yoruz. Biz projenin tamamlanmas\u0131ndan sorumluyuz. Ba\u015far\u0131n\u0131n anahtar\u0131 teknik detaya h\u00e2kim ekip ve her t\u00fcrl\u00fc detay\u0131 takip edebilecek y\u00f6netim kurulu\u201d diye devam etti.<\/p>\n<p style=\"font-weight: 400;\"><strong>\u201cYILDA 1.2 M\u0130LYON KONUT \u00dcRET\u0130M\u0130NE \u0130HT\u0130YA\u00c7 VAR\u201d<\/strong><\/p>\n<p style=\"font-weight: 400;\">Garanti BBVA Konut Finansman\u0131 Sat\u0131\u015f M\u00fcd\u00fcrl\u00fc\u011f\u00fc Direkt\u00f6r\u00fc Song\u00fcl Ye\u015fil\u00e7imenli ise gayrimenkulde potansiyelin devam edece\u011fini s\u00f6yleyerek, \u201cN\u00fcfus her y\u0131l 1 milyon ki\u015fi art\u0131yor. 30 ya\u015f alt\u0131 n\u00fcfusun oran\u0131 y\u00fczde 44\u2019lerde. Her biri ayr\u0131 evlerde ya\u015famak istiyor. 2015 y\u0131l\u0131nda tek ba\u015f\u0131na ya\u015fayan hane n\u00fcfusu y\u00fczde 14 iken ge\u00e7en senelere bakt\u0131\u011f\u0131m\u0131zda y\u00fczde 20\u2019lere gelmi\u015f. 5 milyon ki\u015fi tek ba\u015f\u0131na ya\u015f\u0131yor. B\u00f6yle bak\u0131nca biz gayrimenkul sekt\u00f6r\u00fcnde talep taraf\u0131ndaki potansiyelin devam edece\u011fini d\u00fc\u015f\u00fcn\u00fcyoruz\u201d dedi.&nbsp;<\/p>\n<p style=\"font-weight: 400;\">Ye\u015fil\u00e7imenli s\u00f6zlerini s\u00f6yle s\u00fcrd\u00fcrd\u00fc: \u201cT\u00fcrkiye\u2019nin y\u0131ll\u0131k konut ihtiyac\u0131 800 bin. Y\u0131ll\u0131k d\u00f6n\u00fc\u015f\u00fcm hedefi de 400 bin. Bakt\u0131\u011f\u0131n\u0131zda 1.2 milyon adet \u00fcretim gerekiyor ama ruhsatlara bakarsak 600 bin adetlere d\u00fc\u015ft\u00fc. Arz s\u0131n\u0131rl\u0131, talep canl\u0131. 85 milyon n\u00fcfusumuz var, konut sto\u011fumuz 41 milyon. Bunun 7 milyonunun hemen, yar\u0131n yenilenmesi gerekiyor. Bunun da planlamas\u0131 y\u0131ll\u0131k 400 bin adet dersek komple yenilenmesi i\u00e7in 17 y\u0131la ihtiya\u00e7 var. \u0130htiya\u00e7 olan 1.2 milyon konutu \u00fcretirken de bunu s\u00fcrd\u00fcr\u00fclebilir ve \u00e7evreye duyarl\u0131 yapmak \u00f6nem ta\u015f\u0131yor.\u201d<\/p>\n<p style=\"font-weight: 400;\"><strong>\u201cKADIN USTALAR YET\u0130\u015eT\u0130RMEL\u0130Y\u0130Z\u201d<\/strong><\/p>\n<p style=\"font-weight: 400;\">Zirvede, \u0130stanbul \u00dcniversitesi \u00d6\u011fretim \u00dcyesi Prof. Dr. Ali Hep\u015fen moderat\u00f6rl\u00fc\u011f\u00fcnde d\u00fczenlenen \u201c<strong>Sekt\u00f6rde Nitelikli \u0130\u015f G\u00fcc\u00fc: \u0130stihdam\u0131 \u015eekillendirmek\u201d<\/strong>&nbsp;panelinde YT\u00dc Mimarl\u0131k Fak\u00fcltesi \u00d6\u011fretim \u00dcyesi Do\u00e7. Dr. Serhat Ba\u015fdo\u011fan, Bah\u00e7e\u015fehir \u00dcniversitesi BETAM Direkt\u00f6r\u00fc Prof. Dr. Seyfettin G\u00fcrsel, Bah\u00e7e\u015fehir \u00dcniversitesi BETAM Direkt\u00f6r Yard\u0131mc\u0131s\u0131 Prof. Dr. Ozan Bak\u0131\u015f ve \u0130stanbul Ekonomi Ara\u015ft\u0131rma Genel M\u00fcd\u00fcr\u00fc ve Kurucusu Can Sel\u00e7uki konu\u015fmac\u0131 olarak yer ald\u0131. Panelde, GYODER ve Bah\u00e7e\u015fehir \u00dcniversitesi (BETAM) birlikteli\u011fi ile y\u00fcr\u00fct\u00fclen \u0130\u015f G\u00fcc\u00fc<\/p>\n<p style=\"font-weight: 400;\">Raporu\u2019nun lansman\u0131 yap\u0131ld\u0131.<\/p>\n<p style=\"font-weight: 400;\">\u0130\u015f G\u00fcc\u00fc Raporu i\u00e7in 12 bin 37 ki\u015fiyle bilgisayar destekli telefon anketi ger\u00e7ekle\u015ftirildi. \u0130\u015fveren taraf\u0131nda da 92 ki\u015fiyle g\u00f6r\u00fc\u015f\u00fcld\u00fc. Ara\u015ft\u0131rmaya g\u00f6re in\u015faat sekt\u00f6r\u00fcnde \u00e7al\u0131\u015fanlar\u0131n en b\u00fcy\u00fck beklentisi d\u00fczenli gelir, \u00e7al\u0131\u015fma ko\u015fullar\u0131n\u0131n iyile\u015ftirilmesi ve i\u015f ya\u015fam dengesi. Panelde, kazan\u0131lan y\u00fcksek gelire ra\u011fmen in\u015faat sekt\u00f6r\u00fcn\u00fcn cezbedici g\u00f6r\u00fclmedi\u011fi ve art\u0131k a\u015fa\u011f\u0131dan personel yeti\u015fmedi\u011fine dikkat \u00e7ekildi.&nbsp;<\/p>\n<p style=\"font-weight: 400;\">\u00d6te yandan panelde kad\u0131n \u00e7al\u0131\u015fanlar\u0131 in\u015faat sekt\u00f6r\u00fcne \u00e7ekebilmenin \u00f6nemine de\u011finildi. Bu konuda de\u011ferlendirmeler yapan Prof. Dr. Seyfettin G\u00fcrsel, \u201c\u0130nsaatta kad\u0131n \u00e7al\u0131\u015fan say\u0131s\u0131 y\u00fczde 3\u2019lerden y\u00fczde 4.5\u2019lere geldi. Bu \u00e7al\u0131\u015fanlar da mimar, m\u00fchendis, i\u015f g\u00fcvenli\u011fi uzman\u0131 gibi kadrolar. Bu ara\u015ft\u0131rmada Avrupa\u2019daki duruma da bakt\u0131k ve son 20 y\u0131lda kad\u0131nlar\u0131n pay\u0131n\u0131n artt\u0131\u011f\u0131n\u0131 g\u00f6rd\u00fck. 2022 rakamlar\u0131na g\u00f6re Almanya\u2019da in\u015faat sekt\u00f6r\u00fcnde kad\u0131n \u00e7al\u0131\u015fan oran\u0131 y\u00fczde 13-14\u2019lerde, \u0130talya y\u00fczde 8, \u0130spanya y\u00fczde 10. B\u00fcy\u00fck \u00f6l\u00e7\u00fcde bu istihdam\u0131n kad\u0131n ustalardan olu\u015ftu\u011funu g\u00f6rd\u00fck. Biz y\u00fczde 4.5\u2019tan y\u00fczde 7\u2019lere \u00e7\u0131karsak bu 40 bin kad\u0131n usta demek. Burada bir potansiyel var, sekt\u00f6r\u00fcn \u00e7al\u0131\u015fma ko\u015fullar\u0131n\u0131n iyile\u015ftirimesi ve tan\u0131t\u0131lmas\u0131 \u00e7ok \u00f6nemli\u201d \u015feklinde konu\u015ftu.<\/p>\n<p style=\"font-weight: 400;\">&nbsp;<\/p>\n<p style=\"font-weight: 400;\">&nbsp;<\/p>\n","protected":false},"excerpt":{"rendered":"<p>GYODER Gayrimenkul Zirvesi\u2019nde GYF\u2019lere ili\u015fkin yeni hedefler a\u00e7\u0131kland\u0131 PGYF ba\u015fvurular\u0131 y\u0131l sonunda sonu\u00e7lanacak &nbsp; GYODER Gayrimenkul Zirvesi\u2019nde konu\u015fan Sermaye Piyasas\u0131 Kurulu Ba\u015fkan\u0131 \u0130brahim \u00d6mer G\u00f6n\u00fcl, \u201cGYF&#8217;lerin g\u00fcncel de\u011feri 104 milyar TL. Bu rakam\u0131n 2024 sonunda 115 milyar TL olaca\u011f\u0131n\u0131, 2025 y\u0131l\u0131nda da 150 milyar TL\u2019yi a\u015faca\u011f\u0131n\u0131 tahmin ediyoruz&#8221; diye konu\u015ftu. \u201cGayrimenkulde Finansal D\u00f6n\u00fc\u015f\u00fcm\u201d panelinde konu\u015fan [&hellip;]<\/p>\n","protected":false},"author":1,"featured_media":48532,"comment_status":"open","ping_status":"open","sticky":false,"template":"","format":"standard","meta":{"ngg_post_thumbnail":0},"categories":[97,5388],"tags":[],"_links":{"self":[{"href":"https:\/\/emlaktuel.com\/index.php?rest_route=\/wp\/v2\/posts\/48531"}],"collection":[{"href":"https:\/\/emlaktuel.com\/index.php?rest_route=\/wp\/v2\/posts"}],"about":[{"href":"https:\/\/emlaktuel.com\/index.php?rest_route=\/wp\/v2\/types\/post"}],"author":[{"embeddable":true,"href":"https:\/\/emlaktuel.com\/index.php?rest_route=\/wp\/v2\/users\/1"}],"replies":[{"embeddable":true,"href":"https:\/\/emlaktuel.com\/index.php?rest_route=%2Fwp%2Fv2%2Fcomments&post=48531"}],"version-history":[{"count":1,"href":"https:\/\/emlaktuel.com\/index.php?rest_route=\/wp\/v2\/posts\/48531\/revisions"}],"predecessor-version":[{"id":48535,"href":"https:\/\/emlaktuel.com\/index.php?rest_route=\/wp\/v2\/posts\/48531\/revisions\/48535"}],"wp:featuredmedia":[{"embeddable":true,"href":"https:\/\/emlaktuel.com\/index.php?rest_route=\/wp\/v2\/media\/48532"}],"wp:attachment":[{"href":"https:\/\/emlaktuel.com\/index.php?rest_route=%2Fwp%2Fv2%2Fmedia&parent=48531"}],"wp:term":[{"taxonomy":"category","embeddable":true,"href":"https:\/\/emlaktuel.com\/index.php?rest_route=%2Fwp%2Fv2%2Fcategories&post=48531"},{"taxonomy":"post_tag","embeddable":true,"href":"https:\/\/emlaktuel.com\/index.php?rest_route=%2Fwp%2Fv2%2Ftags&post=48531"}],"curies":[{"name":"wp","href":"https:\/\/api.w.org\/{rel}","templated":true}]}}