{"id":48517,"date":"2024-11-07T09:41:55","date_gmt":"2024-11-07T06:41:55","guid":{"rendered":"https:\/\/emlaktuel.com\/?p=48517"},"modified":"2024-11-07T09:41:55","modified_gmt":"2024-11-07T06:41:55","slug":"luks-gayrimenkul-fuari-ve-zirvesi-luks-gayrimenkulun-zirvesi-istanbulda-atiyor","status":"publish","type":"post","link":"https:\/\/emlaktuel.com\/?p=48517","title":{"rendered":"L\u00fcks gayrimenkul fuar\u0131 ve zirvesi: L\u00fcks gayrimenkul\u00fcn zirvesi \u0130stanbul&#8217;da at\u0131yor"},"content":{"rendered":"<p>\u0130stanbul, 9-10 Kas\u0131m 2024 \u2013 L\u00fcks gayrimenkul sekt\u00f6r\u00fc, \u0130stanbul Hilton Bosphorus Konferans Merkezi\u2019nde d\u00fczenlenecek L\u00fcks Gayrimenkul Fuar\u0131 ve Zirvesi ile T\u00fcrkiye ve d\u00fcnya genelindeki yat\u0131r\u0131mc\u0131lar\u0131 bir araya getiriyor. Bu iki g\u00fcnl\u00fck etkinlikte, l\u00fcks konut ve gayrimenkul projelerinin uluslararas\u0131 \u00f6l\u00e7ekte sergilenmesiyle, sekt\u00f6r\u00fcn yeni trendleri ve yat\u0131r\u0131m f\u0131rsatlar\u0131 masaya yat\u0131r\u0131lacak.<\/p>\n<p>L\u00fcks Gayrimenkul Fuar\u0131 ve Zirvesi, k\u00fcresel yat\u0131r\u0131mc\u0131lar\u0131 T\u00fcrkiye\u2019nin emlak potansiyeliyle tan\u0131\u015ft\u0131rmay\u0131 ve sekt\u00f6r temsilcileri i\u00e7in i\u015fbirli\u011fi f\u0131rsatlar\u0131n\u0131 art\u0131rmay\u0131 hedefliyor. Fuar alan\u0131nda T\u00fcrkiye\u2019nin \u00f6nde gelen l\u00fcks konut projelerinin yan\u0131 s\u0131ra d\u00fcnyan\u0131n farkl\u0131 b\u00f6lgelerinden gelen \u00fcst segment gayrimenkul yat\u0131r\u0131mlar\u0131 da yer alacak. Etkinlik, sekt\u00f6rdeki geli\u015fmeleri izlemek isteyen profesyoneller ve yat\u0131r\u0131mc\u0131lar i\u00e7in \u00f6nemli bir bulu\u015fma noktas\u0131 olarak \u00f6ne \u00e7\u0131k\u0131yor.<\/p>\n<p>\u015eER\u0130F VARLI: T\u00dcRK\u0130YE&#8217;DEK\u0130 L\u00dcKS GAYR\u0130MENKUL\u00dcN GELECE\u011e\u0130NE \u0130NANCIMIZ TAM<\/p>\n<p>Etkinli\u011fin en \u00f6nemli kat\u0131l\u0131mc\u0131lar\u0131ndan biri olan Vartur Broker \u015eerif Nadi Varl\u0131, zirvede T\u00fcrkiye\u2019deki l\u00fcks gayrimenkul pazar\u0131na dair g\u00f6zlemlerini ve sekt\u00f6r\u00fcn gelece\u011fine dair \u00f6ng\u00f6r\u00fclerini kat\u0131l\u0131mc\u0131larla payla\u015facak. Varl\u0131, \u0130stanbul\u2019un T\u00fcrkiye\u2019de l\u00fcks konut yat\u0131r\u0131mlar\u0131nda en cazip \u015fehirlerden biri olma \u00f6zelli\u011fini korudu\u011funu vurgulayarak \u015fu a\u00e7\u0131klamada bulundu:<\/p>\n<p>&#8220;\u0130stanbul, her y\u0131l hem yerli hem de yabanc\u0131 yat\u0131r\u0131mc\u0131lar\u0131n odak noktas\u0131 olmaya devam ediyor. \u00d6zellikle son y\u0131llarda yabanc\u0131 yat\u0131r\u0131mc\u0131lar\u0131n T\u00fcrkiye\u2019ye olan ilgisinde \u00f6nemli bir art\u0131\u015f g\u00f6zlemliyoruz. Bu zirve, sekt\u00f6rdeki yenilikleri g\u00f6rmek, beklentileri analiz etmek ve i\u015fbirliklerini g\u00fc\u00e7lendirmek ad\u0131na e\u015fsiz bir f\u0131rsat sunuyor. Yat\u0131r\u0131mc\u0131lar, burada kar\u015f\u0131lar\u0131na \u00e7\u0131kan projelerde g\u00fcvenilir kaliteyi ve standartlar\u0131 bulabilecekler.&#8221;<\/p>\n<p>\u015eerif Nadi Varl\u0131, fuar s\u00fcresince Vartur\u2019un en yeni projeleri hakk\u0131nda bilgi verip, yat\u0131r\u0131mc\u0131larla birebir g\u00f6r\u00fc\u015fmeler ger\u00e7ekle\u015ftirecek. Ayr\u0131ca T\u00fcrkiye\u2019nin l\u00fcks gayrimenkul sekt\u00f6r\u00fcnde sa\u011flam bir konum edinmesi ad\u0131na yap\u0131labilecek stratejik hamleler \u00fczerine de fikirlerini aktaracak. &#8220;D\u00fcnyan\u0131n d\u00f6rt bir yan\u0131ndan gelen yat\u0131r\u0131mc\u0131lar\u0131n T\u00fcrkiye\u2019ye duydu\u011fu ilgi, \u00fclkemizin l\u00fcks gayrimenkul pazar\u0131ndaki potansiyelini en iyi \u015fekilde yans\u0131t\u0131yor. Bu zirve, sekt\u00f6r\u00fc ve potansiyelini g\u00f6stermek ad\u0131na \u00f6nemli bir platform,&#8221; diyerek etkinli\u011fe dair beklentilerini payla\u015ft\u0131.<\/p>\n<p>Zirvenin Etkinlik Program\u0131 ve Paneller<\/p>\n<p>L\u00fcks Gayrimenkul Fuar\u0131 ve Zirvesi, farkl\u0131 temalardaki paneller ve uzman sunumlar\u0131yla kat\u0131l\u0131mc\u0131lara sekt\u00f6r hakk\u0131nda geni\u015f bir bak\u0131\u015f a\u00e7\u0131s\u0131 sunmay\u0131 hedefliyor. Etkinlik boyunca, l\u00fcks konut sekt\u00f6r\u00fc i\u00e7in s\u00fcrd\u00fcr\u00fclebilirlik, dijital d\u00f6n\u00fc\u015f\u00fcm, yeni trendler ve pazar dinamikleri gibi konular detayl\u0131 \u015fekilde tart\u0131\u015f\u0131lacak. Yat\u0131r\u0131mc\u0131lar ve sekt\u00f6rdeki \u00f6nemli oyuncular, birebir g\u00f6r\u00fc\u015fmelerde projeler hakk\u0131nda daha detayl\u0131 bilgi alarak i\u015f ba\u011flant\u0131lar\u0131n\u0131 g\u00fc\u00e7lendirme f\u0131rsat\u0131na sahip olacaklar.<\/p>\n<p>L\u00fcks Gayrimenkul Fuar\u0131 ve Zirvesi, \u0130stanbul\u2019un geli\u015fen emlak pazar\u0131n\u0131 uluslararas\u0131 platformda tan\u0131tmak ve yerli-yabanc\u0131 yat\u0131r\u0131mc\u0131lara bilgi al\u0131\u015fveri\u015fi yapabilecekleri bir ortam sunmak amac\u0131yla organize ediliyor. T\u00fcrkiye\u2019nin l\u00fcks gayrimenkuldeki konumunu peki\u015ftirmek ad\u0131na \u00f6nemli bir ad\u0131m olan zirve, sekt\u00f6r\u00fcn gelece\u011fine \u0131\u015f\u0131k tutacak bir bulu\u015fma noktas\u0131 olmaya haz\u0131rlan\u0131yor.<\/p>\n<p>Fuar ve Zirve Hakk\u0131nda: 9-10 Kas\u0131m 2024 tarihlerinde \u0130stanbul Hilton Bosphorus Konferans Merkezi\u2019nde ger\u00e7ekle\u015fecek olan L\u00fcks Gayrimenkul Fuar\u0131 ve Zirvesi\u2019ne t\u00fcm sekt\u00f6r payda\u015flar\u0131 davetlidir. Etkinlik, l\u00fcks gayrimenkul sekt\u00f6r\u00fcne ilgi duyan herkese kap\u0131lar\u0131n\u0131 a\u00e7arak sekt\u00f6r\u00fcn dinamiklerini yerinde g\u00f6zlemleme f\u0131rsat\u0131 sunacakt\u0131r.<\/p>\n","protected":false},"excerpt":{"rendered":"<p>\u0130stanbul, 9-10 Kas\u0131m 2024 \u2013 L\u00fcks gayrimenkul sekt\u00f6r\u00fc, \u0130stanbul Hilton Bosphorus Konferans Merkezi\u2019nde d\u00fczenlenecek L\u00fcks Gayrimenkul Fuar\u0131 ve Zirvesi ile T\u00fcrkiye ve d\u00fcnya genelindeki yat\u0131r\u0131mc\u0131lar\u0131 bir araya getiriyor. Bu iki g\u00fcnl\u00fck etkinlikte, l\u00fcks konut ve gayrimenkul projelerinin uluslararas\u0131 \u00f6l\u00e7ekte sergilenmesiyle, sekt\u00f6r\u00fcn yeni trendleri ve yat\u0131r\u0131m f\u0131rsatlar\u0131 masaya yat\u0131r\u0131lacak. L\u00fcks Gayrimenkul Fuar\u0131 ve Zirvesi, k\u00fcresel yat\u0131r\u0131mc\u0131lar\u0131 [&hellip;]<\/p>\n","protected":false},"author":1,"featured_media":48518,"comment_status":"open","ping_status":"open","sticky":false,"template":"","format":"standard","meta":{"ngg_post_thumbnail":0},"categories":[5388],"tags":[],"_links":{"self":[{"href":"https:\/\/emlaktuel.com\/index.php?rest_route=\/wp\/v2\/posts\/48517"}],"collection":[{"href":"https:\/\/emlaktuel.com\/index.php?rest_route=\/wp\/v2\/posts"}],"about":[{"href":"https:\/\/emlaktuel.com\/index.php?rest_route=\/wp\/v2\/types\/post"}],"author":[{"embeddable":true,"href":"https:\/\/emlaktuel.com\/index.php?rest_route=\/wp\/v2\/users\/1"}],"replies":[{"embeddable":true,"href":"https:\/\/emlaktuel.com\/index.php?rest_route=%2Fwp%2Fv2%2Fcomments&post=48517"}],"version-history":[{"count":1,"href":"https:\/\/emlaktuel.com\/index.php?rest_route=\/wp\/v2\/posts\/48517\/revisions"}],"predecessor-version":[{"id":48519,"href":"https:\/\/emlaktuel.com\/index.php?rest_route=\/wp\/v2\/posts\/48517\/revisions\/48519"}],"wp:featuredmedia":[{"embeddable":true,"href":"https:\/\/emlaktuel.com\/index.php?rest_route=\/wp\/v2\/media\/48518"}],"wp:attachment":[{"href":"https:\/\/emlaktuel.com\/index.php?rest_route=%2Fwp%2Fv2%2Fmedia&parent=48517"}],"wp:term":[{"taxonomy":"category","embeddable":true,"href":"https:\/\/emlaktuel.com\/index.php?rest_route=%2Fwp%2Fv2%2Fcategories&post=48517"},{"taxonomy":"post_tag","embeddable":true,"href":"https:\/\/emlaktuel.com\/index.php?rest_route=%2Fwp%2Fv2%2Ftags&post=48517"}],"curies":[{"name":"wp","href":"https:\/\/api.w.org\/{rel}","templated":true}]}}