{"id":48514,"date":"2024-11-07T09:37:29","date_gmt":"2024-11-07T06:37:29","guid":{"rendered":"https:\/\/emlaktuel.com\/?p=48514"},"modified":"2024-11-07T09:37:29","modified_gmt":"2024-11-07T06:37:29","slug":"gayrimenkul-sektoru-yeniden-basladi","status":"publish","type":"post","link":"https:\/\/emlaktuel.com\/?p=48514","title":{"rendered":"Gayrimenkul sekt\u00f6r\u00fc \u2018yeniden ba\u015flad\u0131\u2019"},"content":{"rendered":"<ol start=\"19\">\n<li style=\"font-weight: 400; text-align: left;\"><strong style=\"font-weight: 400;\"> GYODER Gayrimenkul Zirvesi Rixos Tersane \u0130stanbul\u2019da ger\u00e7ekle\u015ftiriliyor Gayrimenkul sekt\u00f6r\u00fc<\/strong> <strong style=\"font-weight: 400;\">\u2018yeniden ba\u015flad\u0131\u2019<\/strong><\/li>\n<\/ol>\n<p style=\"font-weight: 400;\"><strong>&nbsp;<\/strong><\/p>\n<p style=\"font-weight: 400;\"><strong>T\u00fcrkiye gayrimenkul sekt\u00f6r\u00fcn\u00fcn \u00f6nde gelen bulu\u015fma noktas\u0131 19. GYODER Gayrimenkul Zirvesi bug\u00fcn Rixos Tersane \u0130stanbul\u2019da ger\u00e7ekle\u015ftiriliyor. T\u00fcm sekt\u00f6re &#8220;Yeniden Ba\u015flat&#8221; mesaj\u0131 veren zirvenin a\u00e7\u0131l\u0131\u015f konu\u015fmas\u0131n\u0131 yapan GYODER Ba\u015fkan\u0131 Ne\u015fecan \u00c7ekici, \u201cGayrimenkul end\u00fcstrisi olarak yeniden ba\u015flat d\u00fc\u011fmesine basma zaman\u0131m\u0131z geldi. Ge\u00e7mi\u015fin tecr\u00fcbeleriyle, hatalar\u0131m\u0131zdan dersler \u00e7\u0131kararak, de\u011fi\u015fen d\u00fcnya ko\u015fullar\u0131na uyum sa\u011flayarak, gelece\u011fi en iyi \u015fekilde in\u015fa etmek i\u00e7in birlikte \u00e7al\u0131\u015faca\u011f\u0131z\u201d diye konu\u015ftu.<\/strong><\/p>\n<p style=\"font-weight: 400;\"><strong>&nbsp;<\/strong><\/p>\n<ol start=\"25\">\n<li style=\"font-weight: 400;\">y\u0131l\u0131n\u0131 kutlayan gayrimenkul sekt\u00f6r\u00fcn\u00fcn \u00e7at\u0131 kurulu\u015fu<strong>GYODER<\/strong>taraf\u0131ndan bu y\u0131l 19.\u2019su d\u00fczenlenen&nbsp;<strong>GYODER Gayrimenkul Zirvesi<\/strong>&nbsp;bug\u00fcn Rixos Tersane \u0130stanbul\u2019da&nbsp;<strong>\u2018Yeniden Ba\u015flat\u2019&nbsp;<\/strong>ana temas\u0131yla ger\u00e7ekle\u015ftiriliyor.<\/li>\n<\/ol>\n<p style=\"font-weight: 400;\">Sekt\u00f6r\u00fcn d\u00fcn\u00fc, bug\u00fcn\u00fc ve yar\u0131n\u0131n\u0131n masaya yat\u0131r\u0131laca\u011f\u0131 19. GYODER Gayrimenkul Zirvesi\u2019nde alan\u0131nda uzman konu\u015fmac\u0131lar, panelistler sekt\u00f6rdeki geli\u015fmeleri, yenilik\u00e7i yakla\u015f\u0131mlar\u0131 ve gelece\u011fe dair \u00f6ng\u00f6r\u00fcleri tart\u0131\u015facak.<\/p>\n<p style=\"font-weight: 400;\"><strong>\u201cGELECE\u011e\u0130 B\u0130RL\u0130KTE \u0130N\u015eA EDECE\u011e\u0130Z\u201d<\/strong><\/p>\n<p style=\"font-weight: 400;\">Zirvenin a\u00e7\u0131l\u0131\u015f konu\u015fmas\u0131n\u0131 yapan GYODER Ba\u015fkan\u0131 Ne\u015fecan \u00c7ekici, \u201c19. GYODER Gayrimenkul Zirvesi&#8217;nde, 25 y\u0131ll\u0131k birikimimizin \u0131\u015f\u0131\u011f\u0131nda, sekt\u00f6r\u00fcm\u00fcz\u00fcn gelece\u011fini yeniden \u015fekillendirmek \u00fczere bir araya geliyoruz. Yeniden ba\u015flamaktan korkmadan, bu sefer s\u0131f\u0131rdan de\u011fil, tecr\u00fcbelerimizden ba\u015fl\u0131yoruz. Gayrimenkul end\u00fcstrisi olarak yeniden ba\u015flat d\u00fc\u011fmesine basma zaman\u0131m\u0131z geldi. Ge\u00e7mi\u015fin tecr\u00fcbeleriyle, hatalar\u0131m\u0131zdan dersler \u00e7\u0131kararak, de\u011fi\u015fen d\u00fcnya ko\u015fullar\u0131na uyum sa\u011flayarak, gelece\u011fi en iyi \u015fekilde in\u015fa etmek i\u00e7in birlikte \u00e7al\u0131\u015faca\u011f\u0131z. T\u00fcrkiye ekonomisinin kalbi, gayrimenkul sekt\u00f6r\u00fcd\u00fcr. Biz, gelece\u011fin mimarlar\u0131y\u0131z. \u0130\u015fte bu nedenle, kendimizi daima haz\u0131r, motive ve en \u00f6nemlisi \u201cyeni\u201d tutmal\u0131y\u0131z. Bu \u00f6nemli zirvede de gayrimenkul sekt\u00f6r\u00fcndeki zorluklara yan\u0131tlar arayaca\u011f\u0131z. GYODER olarak, bar\u0131nma politikalar\u0131, s\u00fcrd\u00fcr\u00fclebilirlik ve finansman y\u00f6ntemleri gibi kritik alanlarda \u00e7\u00f6z\u00fcm \u00f6nerileri sunan \u2018<strong>Mavi Kitap<\/strong>\u2019\u0131 yazd\u0131k. T\u00fcm payda\u015flar\u0131m\u0131zla bir seferberlik \u00e7er\u00e7evesinde gayrimenkul ve kentsel d\u00f6n\u00fc\u015f\u00fcm okuryazarl\u0131\u011f\u0131 projeleri y\u00fcr\u00fctmeye ba\u015flad\u0131k. Yapay zek\u00e2 art\u0131k bizim i\u00e7in de var. Biz ona \u2018GYODER Bilge\u2019 ad\u0131n\u0131 ve burdik. 6 ayd\u0131r kendisini e\u011fitiyoruz. \u00c7al\u0131\u015fmalar\u0131m\u0131za dahil oluyor. Teknolojiyi hayat\u0131m\u0131za ciddi anlamda dahil etmeye kararl\u0131y\u0131z. Ancak insan akl\u0131n\u0131n ve tecr\u00fcbesinin izd\u00fc\u015f\u00fcm\u00fcn\u00fc nitelikli halde devreye sokabilmek i\u00e7in \u2018Sezgi Laboratuvar\u0131\u2019, \u2018Fark\u0131ndal\u0131k Akademisi\u2019 gibi Ar-Ge mutfaklar\u0131, ba\u015fka bir deyi\u015fle yarat\u0131m masalar\u0131 kuruyoruz\u201d diye konu\u015ftu.<\/p>\n<p style=\"font-weight: 400;\">Rixos Otelleri ve Tersane \u0130stanbul Kurucusu ve Y\u00f6netim Kurulu Ba\u015fkan\u0131 Fettah Tamince ise konu\u015fmas\u0131nda \u015funlar\u0131 s\u00f6yledi: \u201cD\u00fcnyada \u00e7ok ba\u015far\u0131l\u0131 \u015fehirler var. Bu \u015fehirler sadece o \u015fehirlerde ya\u015fayanlara ait degil, her biri d\u00fcnya miras\u0131 haline geldi. Bir turizmci olarak \u0130stanbul i\u00e7in, \u0130stanbul\u2019un zenginli\u011fine katk\u0131 sa\u011flayacak bir \u015fey yapabilir miyiz hayali bende hep vard\u0131. Hali\u00e7\u2019te, \u00f6zellikle Tersane b\u00f6lgesi ile ilgili bir proje s\u00f6z konusu olunca da bunun arad\u0131\u011f\u0131m f\u0131rsat oldu\u011funu, \u0130stanbul\u2019un zenginli\u011fine zenginlik katacak ve d\u00fcnyadaki di\u011fer \u015fehirler ile \u0130stanbul\u2019u daha iyi yar\u0131\u015ft\u0131rabilecek bir art\u0131 de\u011fer oldu\u011funu d\u00fc\u015f\u00fcnd\u00fcm. \u0130stanbul potansiyelinin y\u00fczde 15, y\u00fczde 20\u2019sini ya\u015f\u0131yor. Bu proje ile bu potansiyelin daha b\u00fcy\u00fct\u00fclmesine katk\u0131 sa\u011flayabilir miyiz vizyonu beni motive etti.\u201d<\/p>\n<p style=\"font-weight: 400;\"><strong>\u201cTAR\u0130H\u0130N KEND\u0130S\u0130 RE-START\u201d<\/strong><\/p>\n<ol start=\"19\">\n<li style=\"font-weight: 400;\"><strong> GYODER Gayrimenkul Zirvesi<\/strong>\u2019nde Harvard Business Review T\u00fcrkiye Genel Yay\u0131n Y\u00f6netmeni Serdar Turan ve tarih\u00e7i-yazar Prof. Dr. Emrah Safa G\u00fcrkan<strong>\u201cYeniden Ba\u015flat<\/strong>\u201d temal\u0131 bir s\u00f6yle\u015fi ger\u00e7ekle\u015ftirdi. Prof. Dr. Emrah Safa G\u00fcrkan, \u201cYeni bir \u00e7a\u011f\u0131n ba\u015flad\u0131\u011f\u0131 do\u011fru ama yeni bir \u00e7a\u011f\u0131n ba\u015flang\u0131c\u0131na tan\u0131k olan insanlar onu fark edemezler. Sloganla\u015fm\u0131\u015f \u015feyler fark edilmeyen \u015feyler olur. Eskiden yeniden ba\u015flatmak kavram\u0131 daha negatifti. Art\u0131k eskisi gibi bir yola girilip tamamen o yoldan gitmek yok. Kriz ve h\u0131zl\u0131 de\u011fi\u015fim ortamlar\u0131 bir s\u00fcr\u00fc icad\u0131n da ortaya \u00e7\u0131kt\u0131\u011f\u0131 ortamlard\u0131r. \u0130yi ve k\u00f6t\u00fcy\u00fc de ay\u0131rt eder bu d\u00f6nemler. T\u00fcrk toplumu \u00e7ok esnektir ve bu bizim i\u00e7in b\u00fcy\u00fck bir avantaj. Yeniden ba\u015flama asl\u0131nda d\u00fc\u015f\u00fcn\u00fclenden daha s\u0131k ya\u015fan\u0131yor. D\u00fcnya tarihinde 200 y\u0131ld\u0131r geli\u015fen bir d\u00f6ng\u00fcn\u00fcn i\u00e7indeyiz. S\u00fcrekli bir ekonomik, teknolojik geli\u015fmenin i\u00e7indeyiz. Re-start tarihin kendisi. H\u0131zl\u0131 de\u011fi\u015fen \u00e7a\u011fda, o \u00e7a\u011fa ayak uyduran kazan\u0131r\u201d diye konu\u015ftu.<\/li>\n<\/ol>\n<p style=\"font-weight: 400;\"><strong>\u201cT\u00dcRK\u0130YE B\u00dcY\u00dcK B\u0130R KR\u0130Z Y\u00d6NET\u0130M\u0130 \u00dcSTADI\u201d<\/strong><\/p>\n<p style=\"font-weight: 400;\">Ard\u0131ndan zirvenin keynote speaker\u2019\u0131 ekonomist yazar Dr. Mahfi E\u011filmez, \u201c<strong>2025: Ekonomiye Bak\u0131\u015f<\/strong>\u201d ba\u015fl\u0131kl\u0131 bir konu\u015fma yapt\u0131.<\/p>\n<p style=\"font-weight: 400;\">Sanayi \u00fcretiminde son y\u0131llarda d\u00fc\u015f\u00fc\u015f oldu\u011funa dikkat \u00e7eken Dr. Mahfi E\u011filmez \u015funlar\u0131 s\u00f6yledi: \u201cEnflasyonu \u00e7\u00f6zmenin yollar\u0131ndan birisi de b\u00fcy\u00fcmeyi d\u00fc\u015f\u00fcrmek. T\u00fcm bunlara ra\u011fmen talebin canl\u0131 oldu\u011funu g\u00f6r\u00fcyoruz. Dolay\u0131s\u0131yla arz ve talep aras\u0131nda bir uyumsuzluk var diyebiliriz.\u201d<\/p>\n<p style=\"font-weight: 400;\">T\u00dc\u0130K\u2019in son a\u00e7\u0131klad\u0131\u011f\u0131 konut verilerine de de\u011finen Dr. E\u011filmez, \u201cKonut sat\u0131\u015flar\u0131nda durum k\u00f6t\u00fc de\u011fil. Ge\u00e7en y\u0131l\u0131n ayn\u0131 d\u00f6nemine g\u00f6re ikinci elde art\u0131\u015f, birinci elde d\u00fc\u015f\u00fc\u015f oldu\u011funu g\u00f6zlemliyoruz. Dolay\u0131s\u0131yla sat\u0131\u015flar y\u00fcksekmi\u015f gibi g\u00f6r\u00fcn\u00fcyor. Ancak fiyatlar reel olarak bir gerileme i\u00e7inde\u201d dedi.<\/p>\n<p style=\"font-weight: 400;\">Balkan \u00fclkelerinin Avrupa Birli\u011fi\u2019ne girince ki\u015fi ba\u015f\u0131 gelirlerinde bizi ge\u00e7tiklerine vurgu yapan Dr. E\u011filmez, \u201cBundan 20 y\u0131l \u00f6nce ise durum \u00e7ok farkl\u0131yd\u0131. Bu durumun sebeplerinden bir tanesi yast\u0131k alt\u0131 birikimlerin yap\u0131lmaya devam edilmesi. T\u00fcrkiye\u2019de \u00e7o\u011fu alt\u0131n Anadolu\u2019da kad\u0131nlar\u0131n ya kollar\u0131nda ya da yast\u0131k alt\u0131nda. Bunlar\u0131 alal\u0131m ekonomiye kazand\u0131ral\u0131m d\u00fc\u015f\u00fcncesi m\u00fcmk\u00fcn olmuyor. \u0130kinci sorun ise d\u00f6vizler. Yurt i\u00e7inde ve yurt d\u0131\u015f\u0131nda tahminen 150 milyar dolar belki biraz daha fazla banka kasalar\u0131nda d\u00f6viz oldu\u011fu tahmin ediliyor. Bu durum tabii bir\u00e7ok \u00fclkede ya\u015fan\u0131yor ama bizim \u00fclkemizdekinin \u00e7ap\u0131 \u00e7ok b\u00fcy\u00fck\u201d diye konu\u015ftu.&nbsp;<\/p>\n<p style=\"font-weight: 400;\">Beklentiler iyile\u015fmedi\u011fi i\u00e7in enflasyonu d\u00fc\u015f\u00fcrmenin zor oldu\u011funa dikkat \u00e7eken Dr. E\u011filmez, \u015f\u00f6yle devam etti: \u201c2001 y\u0131l\u0131nda ya\u015fanan krizde bizim iyi bir yola girmemizi sa\u011flayan da beklentileri d\u00fczeltmek olmu\u015ftu. Biz b\u00fcy\u00fcmeyle enflasyonu d\u00fc\u015f\u00fcrmeyi ayn\u0131 anda beceremedik. B\u00fct\u00fcn bunlara ra\u011fmen T\u00fcrkiye b\u00fcy\u00fck bir kriz y\u00f6netimi \u00fcstad\u0131. \u00d6zel sekt\u00f6r\u00fcm\u00fcz bu konuda olduk\u00e7a diren\u00e7li, at\u0131lacak ad\u0131mlar\u0131n irrasyonel olaca\u011f\u0131n\u0131 tahmin edebiliyor.\u201d<\/p>\n<p style=\"font-weight: 400;\"><strong>GAYR\u0130MENKULDE TEK SES<\/strong><\/p>\n<p style=\"font-weight: 400;\">Zirvede Ekonomi Gazetesi Genel Koordinat\u00f6r\u00fc Vahap Munyar moderat\u00f6rl\u00fc\u011f\u00fcnde ger\u00e7ekle\u015ftirilen<strong>&nbsp;<\/strong>\u201c<strong>Gayrimenkulde Tek Ses &#8211; Hepimiz Birimiz, Birimiz Hepimiz \u0130\u00e7in\u201d<\/strong>&nbsp;ba\u015fl\u0131kl\u0131 oturumda GYODER Y\u00f6netim Kurulu Ba\u015fkan\u0131 Ne\u015fecan \u00c7ekici, KONUTDER Y\u00f6netim Kurulu Ba\u015fkan\u0131 Ramadan Kumova, \u0130NDER Y\u00f6netim Kurulu Ba\u015fkan\u0131 Engin Ke\u00e7eli ve AYD Y\u00f6netim Kurulu Ba\u015fkan\u0131 Nuri \u015eapkac\u0131 yer ald\u0131.<\/p>\n<p style=\"font-weight: 400;\">Panelde konu\u015fan Ne\u015fecan \u00c7ekici, \u201cDerne\u011fimizde gayrimenkulle\u015ftirme enstr\u00fcmanlar\u0131 \u00fczerine SPK ile, di\u011fer STK\u2019larla politika geli\u015ftirmeye \u00e7al\u0131\u015f\u0131yoruz. T\u00fcrkiye\u2019nin bir gayrimenkul politikas\u0131na, ortak ak\u0131l \u00e7\u0131karmaya ihtiyac\u0131 var\u201d diye konu\u015ftu.<\/p>\n<p style=\"font-weight: 400;\">Yap\u0131 tasarruf sand\u0131klar\u0131n\u0131n T\u00fcrkiye\u2019de art\u0131k harekete ge\u00e7mesi grekti\u011fini s\u00f6yleyen Ramadan Kumova ise \u015funlar\u0131 s\u00f6yledi: \u201cYap\u0131 tasarruf sand\u0131klar\u0131 Avrupa\u2019da uygulanan, insanlar\u0131n \u00e7al\u0131\u015f\u0131rken sistemin i\u00e7erisine girdikleri, biriken paran\u0131n zaman i\u00e7erisinde finansmana d\u00f6n\u00fc\u015ft\u00fc\u011f\u00fc bir sistem. Bununla ilgili \u00e7al\u0131\u015f\u0131yoruz. E\u011fer yap\u0131 tasarruf sand\u0131klar\u0131n\u0131 T\u00fcrkiye\u2019de olu\u015fturup, gayrimenkul sekt\u00f6r\u00fc ile birle\u015ftirebilirsek, yast\u0131k alt\u0131ndaki alt\u0131n\u0131n buraya aktar\u0131labilece\u011fine inan\u0131yoruz. Birka\u00e7 y\u0131l i\u00e7inde yap\u0131 tasarrfuf sand\u0131klar\u0131 ile ilgili \u00e7al\u0131\u015fmam\u0131z belli bir noktaya gelecek.\u201d<\/p>\n<p style=\"font-weight: 400;\">Engin Ke\u00e7eli ise \u201cBizim eksi\u011fimiz fizibilite ve sermaye. \u0130nsanlar \u00f6nce fizibilite ve sermaye altyap\u0131lar\u0131n\u0131 haz\u0131rlay\u0131p projelerini \u00f6yle geli\u015ftiriyorlar. Proje gayrimenkul yat\u0131r\u0131m fonlar\u0131 konusunda son derece mutluyuz. Sekt\u00f6r\u00fcn kurtulu\u015fu olarak bak\u0131yoruz. Reg\u00fclasyonun do\u011fru olu\u015fturularak h\u0131zla ba\u015flanmas\u0131 gerekiyor. Alternatif konut \u00fcretmeye ihtiyac\u0131m\u0131z var\u201d diye konu\u015ftu.<\/p>\n<p style=\"font-weight: 400;\">Art\u0131k geleneksel kredilerden \u00e7\u0131k\u0131p yeni alternatiflere y\u00f6nelmek gerekti\u011fini s\u00f6yleyen Nuri \u015eapkac\u0131, \u201cYarat\u0131c\u0131 finansman y\u00f6ntemleri bu noktada devreye giriyor. GYF&#8217;ler bu konuda \u00e7ok yard\u0131mc\u0131 olacakt\u0131r. Yat\u0131r\u0131mc\u0131larla bunu tabana yaymak istiyoruz. Maliyetleri optimize edebilmek ve m\u00fc\u015fterilerimize en iyisini sunabilmek i\u00e7in de yarat\u0131c\u0131 finansman y\u00f6ntemlerinin \u00e7ok k\u0131ymetli oldu\u011funu d\u00fc\u015f\u00fcn\u00fcyorum\u201d dedi.<\/p>\n<p style=\"font-weight: 400;\"><strong>GYO \u00d6D\u00dcLLER\u0130 SAH\u0130PLER\u0130N\u0130 BULUYOR<\/strong><\/p>\n<p style=\"font-weight: 400;\">Zirvenin \u00f6\u011fleden sonraki oturumlar\u0131nda Sabah Gazetesi Ekonomi M\u00fcd\u00fcr\u00fc Dilek G\u00fcng\u00f6r ve Sermaye Piyasas\u0131 Kurulu Ba\u015fkan\u0131 \u0130brahim \u00d6mer G\u00f6n\u00fcl\u2019\u00fcn birlikte ger\u00e7ekle\u015ftirece\u011fi&nbsp;<strong>&#8216;GYO&#8217;larda D\u00fczenleyici Bak\u0131\u015f A\u00e7\u0131s\u0131&#8217;<\/strong>&nbsp;s\u00f6yle\u015fisi yer alacak. Ard\u0131ndan \u201c<strong>Gayrimenkul Yat\u0131r\u0131m Ortakl\u0131klar\u0131 \u00d6d\u00fcl T\u00f6reni\u201d<\/strong>&nbsp;ve \u201c<strong>GYODER Kente Dokunan Tasar\u0131mlar \u00d6\u011frenci Yar\u0131\u015fmas\u0131 \u00d6d\u00fcl T\u00f6reni<\/strong>\u201d ger\u00e7ekle\u015ftirilecek.<\/p>\n<p style=\"font-weight: 400;\">ULI Danimarka \u00dclke Ba\u015fkan\u0131 ve ULI Living Concepts \u00dcr\u00fcn Konseyi Kurucu Orta\u011f\u0131 Jack Renteria \u201c<strong>Yeni Nesil Ya\u015fam Bi\u00e7imleri<\/strong>\u201d ba\u015fl\u0131kl\u0131 bir konu\u015fma ger\u00e7ekle\u015ftirecek.<\/p>\n<p style=\"font-weight: 400;\">Dan\u0131\u015fman, Yeminli Mali M\u00fc\u015favir Ersun Bayraktaro\u011flu moderat\u00f6rl\u00fc\u011f\u00fcnde ger\u00e7ekle\u015ftirilecek&nbsp;<strong>\u201cGayrimenkul\u00fcn Yeni 4P&#8217;si: Gelece\u011fin Hikayesi\u201d<\/strong>&nbsp;ba\u015fl\u0131kl\u0131 oturumda ise Mimarlar Kurucu Orta\u011f\u0131 Han T\u00fcmertekin, EurAsia Proptech Initiative Kurucusu Mete Varas, Kalyon Kentsel \u0130cra Kurulu \u00dcyesi G\u00f6khan Y\u0131ld\u0131z, Yirmibirgram Kurucu Orta\u011f\u0131 Onur Yan\u0131k yer alacak.<\/p>\n<p style=\"font-weight: 400;\"><strong>\u0130\u015e G\u00dcC\u00dc RAPORU LANSMANI YAPILACAK<\/strong><\/p>\n<p style=\"font-weight: 400;\">\u0130stanbul \u00dcniversitesi \u00d6\u011fretim \u00dcyesi Prof. Dr. Ali Hep\u015fen moderat\u00f6rl\u00fc\u011f\u00fcnde d\u00fczenlenecek \u201c<strong>Sekt\u00f6rde Nitelikli \u0130\u015f G\u00fcc\u00fc: \u0130stihdam\u0131 \u015eekillendirmek\u201d<\/strong>&nbsp;panelinde YT\u00dc Mimarl\u0131k Fak\u00fcltesi \u00d6\u011fretim \u00dcyesi Do\u00e7. Dr. Serhat Ba\u015fdo\u011fan, Bah\u00e7e\u015fehir \u00dcniversitesi BETAM Direkt\u00f6r\u00fc Prof. Dr. Seyfettin G\u00fcrsel, Bah\u00e7e\u015fehir \u00dcniversitesi BETAM Direkt\u00f6r Yard\u0131mc\u0131s\u0131 Prof. Dr. Ozan Bak\u0131\u015f ve \u0130stanbul Ekonomi Ara\u015ft\u0131rma Genel M\u00fcd\u00fcr\u00fc ve Kurucusu Can Sel\u00e7uki konu\u015fmac\u0131 olarak yer alacak. Panelde, GYODER ve Bah\u00e7e\u015fehir \u00dcniversitesi (BETAM) birlikteli\u011fi ile y\u00fcr\u00fct\u00fclen \u0130\u015f G\u00fcc\u00fc Raporu\u2019nun lansman\u0131 yap\u0131lacak.<\/p>\n<p style=\"font-weight: 400;\">Bloomberg HT Genel Yay\u0131n Y\u00f6netmeni A\u00e7\u0131l Sezen moderat\u00f6rl\u00fc\u011f\u00fcnde yap\u0131lacak \u201c<strong>Gayrimenkulde Finansal D\u00f6n\u00fc\u015f\u00fcm\u201d<\/strong>&nbsp;panelinde SPK Daire Ba\u015fkan\u0131, Kurumsal Yat\u0131r\u0131mc\u0131lar Dairesi Ba\u015fkanl\u0131\u011f\u0131 Funda Uyar Geneci, Foneria PY\u015e Y\u00f6netim Kurulu \u00dcyesi Berna Yi\u011fit Sevindi ve Garanti BBVA Konut Finansman\u0131 Sat\u0131\u015f M\u00fcd\u00fcrl\u00fc\u011f\u00fc Direkt\u00f6r\u00fc Song\u00fcl Ye\u015fil\u00e7imenli kat\u0131lacak.<\/p>\n<p style=\"font-weight: 400;\">Zirvenin finalinde kat\u0131l\u0131mc\u0131lar\u0131 keyifli bir yolculu\u011fa \u00e7\u0131karacak olan teknoloji d\u00fcnyas\u0131n\u0131n \u00fcnl\u00fc ismi Serdar Kuzulo\u011flu, ilgi \u00e7ekici sunumu&nbsp;<strong>\u201cGelece\u011fin \u00c7at\u0131s\u0131 Alt\u0131nda\u201d<\/strong>&nbsp;ile sahnede olacak.<\/p>\n<p style=\"font-weight: 400;\"><strong><u>&nbsp;<\/u><\/strong><\/p>\n<p style=\"font-weight: 400;\">&nbsp;<\/p>\n","protected":false},"excerpt":{"rendered":"<p>GYODER Gayrimenkul Zirvesi Rixos Tersane \u0130stanbul\u2019da ger\u00e7ekle\u015ftiriliyor Gayrimenkul sekt\u00f6r\u00fc \u2018yeniden ba\u015flad\u0131\u2019 &nbsp; T\u00fcrkiye gayrimenkul sekt\u00f6r\u00fcn\u00fcn \u00f6nde gelen bulu\u015fma noktas\u0131 19. GYODER Gayrimenkul Zirvesi bug\u00fcn Rixos Tersane \u0130stanbul\u2019da ger\u00e7ekle\u015ftiriliyor. T\u00fcm sekt\u00f6re &#8220;Yeniden Ba\u015flat&#8221; mesaj\u0131 veren zirvenin a\u00e7\u0131l\u0131\u015f konu\u015fmas\u0131n\u0131 yapan GYODER Ba\u015fkan\u0131 Ne\u015fecan \u00c7ekici, \u201cGayrimenkul end\u00fcstrisi olarak yeniden ba\u015flat d\u00fc\u011fmesine basma zaman\u0131m\u0131z geldi. Ge\u00e7mi\u015fin tecr\u00fcbeleriyle, hatalar\u0131m\u0131zdan dersler [&hellip;]<\/p>\n","protected":false},"author":1,"featured_media":48515,"comment_status":"open","ping_status":"open","sticky":false,"template":"","format":"standard","meta":{"ngg_post_thumbnail":0},"categories":[221,5388],"tags":[],"_links":{"self":[{"href":"https:\/\/emlaktuel.com\/index.php?rest_route=\/wp\/v2\/posts\/48514"}],"collection":[{"href":"https:\/\/emlaktuel.com\/index.php?rest_route=\/wp\/v2\/posts"}],"about":[{"href":"https:\/\/emlaktuel.com\/index.php?rest_route=\/wp\/v2\/types\/post"}],"author":[{"embeddable":true,"href":"https:\/\/emlaktuel.com\/index.php?rest_route=\/wp\/v2\/users\/1"}],"replies":[{"embeddable":true,"href":"https:\/\/emlaktuel.com\/index.php?rest_route=%2Fwp%2Fv2%2Fcomments&post=48514"}],"version-history":[{"count":1,"href":"https:\/\/emlaktuel.com\/index.php?rest_route=\/wp\/v2\/posts\/48514\/revisions"}],"predecessor-version":[{"id":48516,"href":"https:\/\/emlaktuel.com\/index.php?rest_route=\/wp\/v2\/posts\/48514\/revisions\/48516"}],"wp:featuredmedia":[{"embeddable":true,"href":"https:\/\/emlaktuel.com\/index.php?rest_route=\/wp\/v2\/media\/48515"}],"wp:attachment":[{"href":"https:\/\/emlaktuel.com\/index.php?rest_route=%2Fwp%2Fv2%2Fmedia&parent=48514"}],"wp:term":[{"taxonomy":"category","embeddable":true,"href":"https:\/\/emlaktuel.com\/index.php?rest_route=%2Fwp%2Fv2%2Fcategories&post=48514"},{"taxonomy":"post_tag","embeddable":true,"href":"https:\/\/emlaktuel.com\/index.php?rest_route=%2Fwp%2Fv2%2Ftags&post=48514"}],"curies":[{"name":"wp","href":"https:\/\/api.w.org\/{rel}","templated":true}]}}