{"id":48490,"date":"2024-11-04T15:01:00","date_gmt":"2024-11-04T12:01:00","guid":{"rendered":"https:\/\/emlaktuel.com\/?p=48490"},"modified":"2024-11-04T15:01:00","modified_gmt":"2024-11-04T12:01:00","slug":"hamdi-ercelik-atlas-lojistik-odulleri-limanlarimizin-uluslararasi-arenada-tanitimi-icin-onemli-bir-firsat","status":"publish","type":"post","link":"https:\/\/emlaktuel.com\/?p=48490","title":{"rendered":"Hamdi Er\u00e7elik: Atlas Lojistik \u00d6d\u00fclleri limanlar\u0131m\u0131z\u0131n Uluslararas\u0131 Arenada Tan\u0131t\u0131m\u0131 \u0130\u00e7in \u00d6nemli Bir F\u0131rsat"},"content":{"rendered":"<p><b>T\u00dcRKL\u0130M Ba\u015fkan\u0131 Hamdi Er\u00e7elik:<br \/>\nAtlas Lojistik \u00d6d\u00fclleri limanlar\u0131m\u0131z\u0131n Uluslararas\u0131 Arenada Tan\u0131t\u0131m\u0131 \u0130\u00e7in \u00d6nemli Bir F\u0131rsat<\/b><\/p>\n<p><b>T\u00fcrkiye Liman \u0130\u015fletmecileri Derne\u011fi (T\u00dcRKL\u0130M) Ba\u015fkan\u0131 Hamdi Er\u00e7elik, Atlas Lojistik \u00d6d\u00fclleri gibi de\u011ferli organizasyonlarda \u00fclkemiz limanlar\u0131n\u0131n daha fazla temsil edilmesiyle T\u00fcrkiye\u2019nin lojistik g\u00fcc\u00fcn\u00fcn tan\u0131t\u0131m\u0131na katk\u0131da bulunulaca\u011f\u0131n\u0131 vurgulad\u0131.<\/b><\/p>\n<p>Er\u00e7elik, yapt\u0131\u011f\u0131 a\u00e7\u0131klamada, \u201c\u00dclkemiz, co\u011frafi konumu ve yat\u0131r\u0131mlar\u0131yla lojistikte \u00f6nemli bir merkez olmay\u0131 s\u00fcrd\u00fcr\u00fcyor. Limanlar\u0131m\u0131z, modern altyap\u0131lar\u0131 ve verdikleri hizmetlerle d\u00fcnya standartlar\u0131nda hizmet sunuyor. Bu potansiyeli daha iyi tan\u0131tabilmek ve limanlar\u0131m\u0131z\u0131n g\u00f6r\u00fcn\u00fcrl\u00fc\u011f\u00fcne bir nebze de olsa katk\u0131da bulunmak ad\u0131na Atlas Lojistik \u00d6d\u00fclleri gibi organizasyonlar bizlere \u00f6nemli f\u0131rsatlar sunuyor. \u00d6d\u00fcl t\u00f6reninin uluslararas\u0131 kat\u0131l\u0131mc\u0131lar\u0131n yo\u011fun oldu\u011fu Uluslararas\u0131 logitrans Transport Lojistik Fuar\u0131\u2019n\u0131n ev sahipli\u011finde ger\u00e7ekle\u015ftirilecek olmas\u0131 da b\u00fcy\u00fck bir avantaj sa\u011fl\u0131yor. Bu gibi organizasyonlarda \u00fclkemiz limanlar\u0131n\u0131n daha fazla yer almas\u0131, hem limanlar\u0131m\u0131z\u0131n hem de T\u00fcrkiye&#8217;nin lojistikteki g\u00fcc\u00fcn\u00fcn uluslararas\u0131 arenadaki tan\u0131t\u0131m\u0131na katk\u0131da bulunacakt\u0131r.&#8221; dedi.<\/p>\n<p><b>Liman \u0130\u015fletmecileri Dal\u0131n\u0131n da Yer Ald\u0131\u011f\u0131 Kurumsal Kategori Ba\u015fvurular\u0131 4 Kas\u0131m 2024 Tarihinde Sona Eriyor<\/b><br \/>\n\u201cUla\u015ft\u0131rma Bakanl\u0131\u011f\u0131 Belgeli Hizmetler\u201d, \u201cOda ve Derneklere Kay\u0131tl\u0131 Hizmetler\u201d ve \u201cJ\u00fcri \u00d6zel \u00d6d\u00fclleri\u201d alt dallar\u0131ndan olu\u015fan \u201cKurumsal Yar\u0131\u015fma Kategorisi\u201d i\u00e7in kay\u0131t olma s\u00fcresi 4 Kas\u0131m 2024 Pazartesi g\u00fcn\u00fc 17.00\u2019de sona erecek. Kurumsal ba\u015fvurular&nbsp;https:\/\/www.lojistikodulleri.<wbr>com\/basvuru-formlari\/&nbsp;adresindeki formlar arac\u0131l\u0131\u011f\u0131yla yap\u0131labiliyor.<\/p>\n<p><b>Online Oylama 4 Kas\u0131m 2024 Pazartesi G\u00fcn\u00fc Sona Eriyor<\/b><br \/>\nAtlas \u00d6d\u00fclleri\u2019nin heyecanla devam eden kategorisi online yar\u0131\u015fmada oy verme s\u00fcreci 4 Kas\u0131m 2024 Pazartesi 17.00\u2019ye kadar devam edecek.<\/p>\n","protected":false},"excerpt":{"rendered":"<p>T\u00dcRKL\u0130M Ba\u015fkan\u0131 Hamdi Er\u00e7elik: Atlas Lojistik \u00d6d\u00fclleri limanlar\u0131m\u0131z\u0131n Uluslararas\u0131 Arenada Tan\u0131t\u0131m\u0131 \u0130\u00e7in \u00d6nemli Bir F\u0131rsat T\u00fcrkiye Liman \u0130\u015fletmecileri Derne\u011fi (T\u00dcRKL\u0130M) Ba\u015fkan\u0131 Hamdi Er\u00e7elik, Atlas Lojistik \u00d6d\u00fclleri gibi de\u011ferli organizasyonlarda \u00fclkemiz limanlar\u0131n\u0131n daha fazla temsil edilmesiyle T\u00fcrkiye\u2019nin lojistik g\u00fcc\u00fcn\u00fcn tan\u0131t\u0131m\u0131na katk\u0131da bulunulaca\u011f\u0131n\u0131 vurgulad\u0131. Er\u00e7elik, yapt\u0131\u011f\u0131 a\u00e7\u0131klamada, \u201c\u00dclkemiz, co\u011frafi konumu ve yat\u0131r\u0131mlar\u0131yla lojistikte \u00f6nemli bir merkez olmay\u0131 [&hellip;]<\/p>\n","protected":false},"author":1,"featured_media":48491,"comment_status":"open","ping_status":"open","sticky":false,"template":"","format":"standard","meta":{"ngg_post_thumbnail":0},"categories":[26],"tags":[],"_links":{"self":[{"href":"https:\/\/emlaktuel.com\/index.php?rest_route=\/wp\/v2\/posts\/48490"}],"collection":[{"href":"https:\/\/emlaktuel.com\/index.php?rest_route=\/wp\/v2\/posts"}],"about":[{"href":"https:\/\/emlaktuel.com\/index.php?rest_route=\/wp\/v2\/types\/post"}],"author":[{"embeddable":true,"href":"https:\/\/emlaktuel.com\/index.php?rest_route=\/wp\/v2\/users\/1"}],"replies":[{"embeddable":true,"href":"https:\/\/emlaktuel.com\/index.php?rest_route=%2Fwp%2Fv2%2Fcomments&post=48490"}],"version-history":[{"count":1,"href":"https:\/\/emlaktuel.com\/index.php?rest_route=\/wp\/v2\/posts\/48490\/revisions"}],"predecessor-version":[{"id":48492,"href":"https:\/\/emlaktuel.com\/index.php?rest_route=\/wp\/v2\/posts\/48490\/revisions\/48492"}],"wp:featuredmedia":[{"embeddable":true,"href":"https:\/\/emlaktuel.com\/index.php?rest_route=\/wp\/v2\/media\/48491"}],"wp:attachment":[{"href":"https:\/\/emlaktuel.com\/index.php?rest_route=%2Fwp%2Fv2%2Fmedia&parent=48490"}],"wp:term":[{"taxonomy":"category","embeddable":true,"href":"https:\/\/emlaktuel.com\/index.php?rest_route=%2Fwp%2Fv2%2Fcategories&post=48490"},{"taxonomy":"post_tag","embeddable":true,"href":"https:\/\/emlaktuel.com\/index.php?rest_route=%2Fwp%2Fv2%2Ftags&post=48490"}],"curies":[{"name":"wp","href":"https:\/\/api.w.org\/{rel}","templated":true}]}}