{"id":48453,"date":"2024-11-02T10:54:22","date_gmt":"2024-11-02T07:54:22","guid":{"rendered":"https:\/\/emlaktuel.com\/?p=48453"},"modified":"2024-11-02T10:54:22","modified_gmt":"2024-11-02T07:54:22","slug":"chery-arrizo-8-luks-ve-konforda-yeni-standartlari-belirliyor","status":"publish","type":"post","link":"https:\/\/emlaktuel.com\/?p=48453","title":{"rendered":"Chery ARRIZO 8 L\u00fcks ve Konforda Yeni Standartlar\u0131 Belirliyor!"},"content":{"rendered":"<p>Chery ARRIZO 8 G\u00f6ky\u00fcz\u00fcn\u00fcn Cazibesini \u0130\u00e7 Mek\u00e2na Ta\u015f\u0131yor!<\/p>\n<p>Chery ARRIZO 8 L\u00fcks ve Konforda Yeni Standartlar\u0131 Belirliyor!<img loading=\"lazy\" class=\"alignnone size-full wp-image-48455\" src=\"https:\/\/emlaktuel.com\/wp-content\/uploads\/2024\/11\/Chery-ARRIZO-8-2-scaled.jpg\" alt=\"\" width=\"2560\" height=\"1440\" srcset=\"https:\/\/emlaktuel.com\/wp-content\/uploads\/2024\/11\/Chery-ARRIZO-8-2-scaled.jpg 2560w, https:\/\/emlaktuel.com\/wp-content\/uploads\/2024\/11\/Chery-ARRIZO-8-2-1536x864.jpg 1536w, https:\/\/emlaktuel.com\/wp-content\/uploads\/2024\/11\/Chery-ARRIZO-8-2-2048x1152.jpg 2048w\" sizes=\"(max-width: 2560px) 100vw, 2560px\" \/> <img loading=\"lazy\" class=\"alignnone size-full wp-image-48456\" src=\"https:\/\/emlaktuel.com\/wp-content\/uploads\/2024\/11\/Chery-ARRIZO-8-3-scaled.jpg\" alt=\"\" width=\"2560\" height=\"1440\" srcset=\"https:\/\/emlaktuel.com\/wp-content\/uploads\/2024\/11\/Chery-ARRIZO-8-3-scaled.jpg 2560w, https:\/\/emlaktuel.com\/wp-content\/uploads\/2024\/11\/Chery-ARRIZO-8-3-1536x864.jpg 1536w, https:\/\/emlaktuel.com\/wp-content\/uploads\/2024\/11\/Chery-ARRIZO-8-3-2048x1152.jpg 2048w\" sizes=\"(max-width: 2560px) 100vw, 2560px\" \/> <img loading=\"lazy\" class=\"alignnone size-full wp-image-48457\" src=\"https:\/\/emlaktuel.com\/wp-content\/uploads\/2024\/11\/Chery-ARRIZO-8-4-scaled.jpg\" alt=\"\" width=\"2560\" height=\"1708\" srcset=\"https:\/\/emlaktuel.com\/wp-content\/uploads\/2024\/11\/Chery-ARRIZO-8-4-scaled.jpg 2560w, https:\/\/emlaktuel.com\/wp-content\/uploads\/2024\/11\/Chery-ARRIZO-8-4-750x500.jpg 750w, https:\/\/emlaktuel.com\/wp-content\/uploads\/2024\/11\/Chery-ARRIZO-8-4-1536x1025.jpg 1536w, https:\/\/emlaktuel.com\/wp-content\/uploads\/2024\/11\/Chery-ARRIZO-8-4-2048x1366.jpg 2048w\" sizes=\"(max-width: 2560px) 100vw, 2560px\" \/><\/p>\n<p>\u00c7in\u2019in otomotiv alan\u0131ndaki \u00f6nc\u00fc ve lider markalar\u0131ndan Chery, yenilik\u00e7i modelleriyle kullan\u0131c\u0131lar\u0131n\u0131n hayat\u0131n\u0131 kolayla\u015ft\u0131rmaya devam ediyor. Bunlardan biri olan Chery ARRIZO 8, benzersiz ve s\u0131n\u0131f\u0131n\u0131n en b\u00fcy\u00fck panoramik a\u00e7\u0131l\u0131r cam tavan tasar\u0131m\u0131yla dikkat \u00e7ekiyor. \u00dcst d\u00fczey sedan d\u00fcnyas\u0131ndaki konfor standartlar\u0131n\u0131 yeniden tan\u0131mlayan ARRIZO 8, premium yolculukta yeni bir trend belirliyor. ARRIZO 8&#8217;in panoramik a\u00e7\u0131l\u0131r cam tavan\u0131, 425 milimetreye kadar a\u00e7\u0131lma mesafesi ve y\u00fczde 70 \u0131\u015f\u0131k ge\u00e7irgenli\u011fi ile 0,5 metrekarelik bir a\u00e7\u0131kl\u0131k sunuyor. Bu tasar\u0131m kabinin daha ayd\u0131nl\u0131k olmas\u0131n\u0131 ve yolcular\u0131n daha geni\u015f bir manzaran\u0131n ve daha fazla \u00f6zg\u00fcrl\u00fck duygusunun keyfini \u00e7\u0131karmalar\u0131n\u0131 sa\u011fl\u0131yor.<\/p>\n<p>D\u00fcnyan\u0131n \u00f6nde gelen otomotiv \u00fcreticilerinden Chery, yenilik\u00e7i \u00fcr\u00fcnleri ve y\u00fcksek teknolojisiyle t\u00fcm segmentlerde kullan\u0131c\u0131lar\u0131n ihtiyac\u0131na uygun modeller geli\u015ftiriyor. T\u00fcrkiye\u2019de yollara \u00e7\u0131kmaya ba\u015flad\u0131\u011f\u0131 k\u0131sa s\u00fcrede kalite ve l\u00fcks\u00fcn san\u0131ld\u0131\u011f\u0131 kadar pahal\u0131 olmad\u0131\u011f\u0131n\u0131 kan\u0131tlayan Chery, sundu\u011fu \u00fcst d\u00fczey seyahat deneyimiyle dikkatleri \u00fczerine \u00e7ekmeye devam ediyor.<\/p>\n<h2>Profesyoneller i\u00e7in yeni bir seyahat deneyimi!<\/h2>\n<p>\u00d6zellikle profesyonellerin temel ula\u015f\u0131m ihtiya\u00e7lar\u0131n\u0131n \u00f6tesine ge\u00e7erek talep etti\u011fi huzur ve konfor, otomobil \u00fcreticilerini, bunlar\u0131 kar\u015f\u0131lamak ad\u0131na \u00e7\u00f6z\u00fcmlerini s\u00fcrekli olarak yenilemeye ve y\u00fckseltmeye y\u00f6nlendiriyor. Bu ba\u011flamda, s\u0131n\u0131f\u0131n\u0131n en iyi panoramik a\u00e7\u0131l\u0131r cam tavan\u0131yla l\u00fcks ve konforu yeniden tan\u0131mlayan Chery ARRIZO 8, profesyoneller i\u00e7in yeni bir seyahat deneyimi vadediyor. L\u00fcks konfor deneyiminin \u00f6nemli bir \u00f6zelli\u011fi olarak ARRIZO 8&#8217;in panoramik a\u00e7\u0131l\u0131r cam tavan\u0131, markan\u0131n en \u00fcst d\u00fczey l\u00fcks ve ileri teknoloji anlay\u0131\u015f\u0131n\u0131 yans\u0131tmakla kalm\u0131yor, ayn\u0131 zamanda \u00fcst s\u0131n\u0131f sedan segmentinde konfor i\u00e7in yeni bir standart belirliyor. Ara\u00e7ta kullan\u0131lan ve s\u0131n\u0131f\u0131nda en iyisi olan bu panoramik cam tavan tasar\u0131m\u0131, 0,5 metrekarelik a\u00e7\u0131kl\u0131k ile geni\u015f bir alan kapl\u0131yor. 425 milimetrelik ola\u011fan\u00fcst\u00fc a\u00e7\u0131lma mesafesi ve y\u00fczde 70 \u0131\u015f\u0131k ge\u00e7irgenli\u011fi ile kabini do\u011fal \u0131\u015f\u0131kla doldurarak yolculara ferah ve \u00f6zg\u00fcr bir s\u00fcr\u00fc\u015f deneyimi sunuyor. ARRIZO 8\u2019in hareketli bir tuval g\u00f6revi g\u00f6ren panoramik a\u00e7\u0131l\u0131r cam tavan\u0131 \u015fehrin sil\u00fcetini ve de\u011fi\u015fen mevsimleri \u00f6zg\u00fcrce deneyimleme olana\u011f\u0131 sa\u011fl\u0131yor. \u0130\u00e7erideki yolcular do\u011fayla b\u00fct\u00fcnle\u015fme hissi veren manzaran\u0131n tad\u0131n\u0131 \u00e7\u0131karabiliyor. Panoramik manzara ister \u015fafa\u011f\u0131n ilk \u0131\u015f\u0131\u011f\u0131 ister batan g\u00fcne\u015f olsun, e\u015fsiz bir g\u00f6rsel \u015f\u00f6len sunuyor. Uzun seyahatlerde, a\u00e7\u0131l\u0131r cam tavan rahatlamak i\u00e7in \u00f6nemli bir unsur olarak \u00f6ne \u00e7\u0131k\u0131yor ve ferahlat\u0131c\u0131 bir esintinin yorgunlu\u011fu hafifletiyor ve i\u015f g\u00f6r\u00fc\u015fmelerini ve dinlendirici molalar\u0131 daha keyifli hale getiriyor.<\/p>\n<h2>Sesli komutla da a\u00e7\u0131l\u0131p kapat\u0131labiliyor!<\/h2>\n<p>ARRIZO 8\u2019in panoramik a\u00e7\u0131l\u0131r cam tavan\u0131 sesli komut ve uzaktan kumanda da dahil olmak \u00fczere \u00e7oklu \u00e7al\u0131\u015fma modlar\u0131yla kullan\u0131m kolayl\u0131\u011f\u0131n\u0131 \u00f6nemli oranda art\u0131r\u0131yor. Yolcular, basit bir sesli komut vererek veya bir ak\u0131ll\u0131 telefon uygulamas\u0131na dokunarak, s\u0131cak bir yaz g\u00fcn\u00fcnde kabini h\u0131zl\u0131 bir \u015fekilde serinletmek veya bulutlu bir \u00f6\u011fleden sonra i\u00e7 mek\u00e2n\u0131 ayd\u0131nlatmak i\u00e7in a\u00e7\u0131l\u0131r cam tavan\u0131 sorunsuz bir \u015fekilde kontrol edebiliyor. Ayr\u0131ca a\u00e7\u0131l\u0131r cam tavan s\u0131k\u0131\u015fmay\u0131 \u00f6nleme i\u015flevine sahip. Yanl\u0131\u015fl\u0131kla etkinle\u015ftirildi\u011finde olu\u015fabilecek g\u00fcvenlik tehlikelerini etkili bir \u015fekilde \u00f6nl\u00fcyor ve yolcular\u0131n hem konforun tad\u0131n\u0131 \u00e7\u0131karmas\u0131n\u0131 hem de i\u00e7lerinin rahat olmas\u0131n\u0131 sa\u011fl\u0131yor. Bunun d\u0131\u015f\u0131nda malzeme se\u00e7iminden i\u015f\u00e7ili\u011fe kadar, ARRIZO 8\u2019in her bir detay\u0131 ola\u011fan\u00fcst\u00fc \u00fcr\u00fcn kalitesi sa\u011flamak \u00fczere titizlikle y\u00f6netiliyor ve dikkatlice uygulan\u0131yor. Y\u00fcksek maliyetli yat\u0131r\u0131ma ve aral\u0131ks\u0131z m\u00fckemmellik aray\u0131\u015f\u0131na olan bu ba\u011fl\u0131l\u0131k, sadece panoramik a\u00e7\u0131l\u0131r cam tavan\u0131n ustaca tasar\u0131m\u0131nda de\u011fil, ayn\u0131 zamanda arac\u0131n her yerinde kendini hissettiriyor. \u00d6rne\u011fin, a\u00e7\u0131l\u0131r cam tavan, yolcu konforunu en \u00fcst d\u00fczeye \u00e7\u0131karmak ad\u0131na \u0131\u015f\u0131k ge\u00e7irmeyen bir perdeye sahip ve \u0131\u015f\u0131k ko\u015fullar\u0131na g\u00f6re ayarlanabiliyor. Bu, parlak, g\u00fcne\u015fli g\u00fcnlerde ultraviyole \u0131\u015f\u0131nlar\u0131n\u0131 ve \u0131s\u0131y\u0131 etkili bir \u015fekilde engelleyerek kabinin serin ve konforlu olmas\u0131n\u0131 sa\u011fl\u0131yor, kasvetli havalarda ise i\u00e7 ayd\u0131nlatmay\u0131 iyile\u015ftirerek daha ferah bir kabin ortam\u0131 sa\u011fl\u0131yor. Bu d\u00fc\u015f\u00fcnceli ve kullan\u0131c\u0131 odakl\u0131 tasar\u0131m, ARRIZO 8&#8217;i l\u00fcks sedan pazar\u0131nda ayr\u0131 bir yerde konumland\u0131rarak, kaliteli ya\u015fam ve seyahat deneyimine de\u011fer veren t\u00fcketiciler i\u00e7in ideal bir se\u00e7im haline getiriyor.<br \/>\nARRIZO 8&#8217;in panoramik a\u00e7\u0131l\u0131r cam tavan tasar\u0131m\u0131, end\u00fcstri standartlar\u0131n\u0131 yeniden tan\u0131mlayarak seyahatteki l\u00fcks ve konforu \u00f6nemli \u00f6l\u00e7\u00fcde art\u0131r\u0131yor. Geni\u015f \u0131\u015f\u0131k ge\u00e7iren y\u00fczeyi ve etkileyici ge\u00e7irgenlik oran\u0131, yolculara daha ayd\u0131nl\u0131k, daha a\u00e7\u0131k bir ortam ve geni\u015f bir manzara sunuyor. S\u0131k\u0131\u015fma \u00f6nleme sistemi gibi g\u00fcvenlik i\u015flevleri ve \u00e7ok say\u0131da \u00e7al\u0131\u015fma modu yolcular\u0131n g\u00fcvenli ve g\u00fcvenilir bir s\u00fcr\u00fc\u015f deneyiminin keyfini \u00e7\u0131karmas\u0131n\u0131 sa\u011fl\u0131yor. ARRIZO 8&#8217;in her bir detay\u0131, \u00fcst\u00fcn seyahat deneyimleri arayan profesyonellerin \u00fcst seviye beklentilerini kar\u015f\u0131lamak i\u00e7in \u00f6zenle haz\u0131rlanm\u0131\u015f ve titizlikle test edilmi\u015f durumda. ARRIZO 8, l\u00fcks ve konfora \u00f6nc\u00fcl\u00fck ederek \u00fcst d\u00fczey seyahat i\u00e7in daha iyi bir gelece\u011fe \u00f6nc\u00fcl\u00fck ediyor.<\/p>\n","protected":false},"excerpt":{"rendered":"<p>Chery ARRIZO 8 G\u00f6ky\u00fcz\u00fcn\u00fcn Cazibesini \u0130\u00e7 Mek\u00e2na Ta\u015f\u0131yor! Chery ARRIZO 8 L\u00fcks ve Konforda Yeni Standartlar\u0131 Belirliyor! \u00c7in\u2019in otomotiv alan\u0131ndaki \u00f6nc\u00fc ve lider markalar\u0131ndan Chery, yenilik\u00e7i modelleriyle kullan\u0131c\u0131lar\u0131n\u0131n hayat\u0131n\u0131 kolayla\u015ft\u0131rmaya devam ediyor. Bunlardan biri olan Chery ARRIZO 8, benzersiz ve s\u0131n\u0131f\u0131n\u0131n en b\u00fcy\u00fck panoramik a\u00e7\u0131l\u0131r cam tavan tasar\u0131m\u0131yla dikkat \u00e7ekiyor. \u00dcst d\u00fczey sedan d\u00fcnyas\u0131ndaki konfor [&hellip;]<\/p>\n","protected":false},"author":1,"featured_media":48454,"comment_status":"open","ping_status":"open","sticky":false,"template":"","format":"standard","meta":{"ngg_post_thumbnail":0},"categories":[5215],"tags":[17589],"_links":{"self":[{"href":"https:\/\/emlaktuel.com\/index.php?rest_route=\/wp\/v2\/posts\/48453"}],"collection":[{"href":"https:\/\/emlaktuel.com\/index.php?rest_route=\/wp\/v2\/posts"}],"about":[{"href":"https:\/\/emlaktuel.com\/index.php?rest_route=\/wp\/v2\/types\/post"}],"author":[{"embeddable":true,"href":"https:\/\/emlaktuel.com\/index.php?rest_route=\/wp\/v2\/users\/1"}],"replies":[{"embeddable":true,"href":"https:\/\/emlaktuel.com\/index.php?rest_route=%2Fwp%2Fv2%2Fcomments&post=48453"}],"version-history":[{"count":1,"href":"https:\/\/emlaktuel.com\/index.php?rest_route=\/wp\/v2\/posts\/48453\/revisions"}],"predecessor-version":[{"id":48458,"href":"https:\/\/emlaktuel.com\/index.php?rest_route=\/wp\/v2\/posts\/48453\/revisions\/48458"}],"wp:featuredmedia":[{"embeddable":true,"href":"https:\/\/emlaktuel.com\/index.php?rest_route=\/wp\/v2\/media\/48454"}],"wp:attachment":[{"href":"https:\/\/emlaktuel.com\/index.php?rest_route=%2Fwp%2Fv2%2Fmedia&parent=48453"}],"wp:term":[{"taxonomy":"category","embeddable":true,"href":"https:\/\/emlaktuel.com\/index.php?rest_route=%2Fwp%2Fv2%2Fcategories&post=48453"},{"taxonomy":"post_tag","embeddable":true,"href":"https:\/\/emlaktuel.com\/index.php?rest_route=%2Fwp%2Fv2%2Ftags&post=48453"}],"curies":[{"name":"wp","href":"https:\/\/api.w.org\/{rel}","templated":true}]}}