{"id":48436,"date":"2024-10-31T07:35:47","date_gmt":"2024-10-31T04:35:47","guid":{"rendered":"https:\/\/emlaktuel.com\/?p=48436"},"modified":"2024-10-31T07:35:47","modified_gmt":"2024-10-31T04:35:47","slug":"meydan-ardicli-projesinde-son-etap-daire-teslimleri-basladi","status":"publish","type":"post","link":"https:\/\/emlaktuel.com\/?p=48436","title":{"rendered":"\u2018Meydan Ard\u0131\u00e7l\u0131\u2019 projesinde son etap daire teslimleri ba\u015flad\u0131"},"content":{"rendered":"<p>\u00d6zyurtlar-Baha\u015f Ortak Giri\u015fimi\u2019nin y\u00fcksek prestijli dev projesi<br \/>\nMeydan Ard\u0131\u00e7l\u0131\u2019da sona gelindi.<\/p>\n<p>\u2018Meydan Ard\u0131\u00e7l\u0131\u2019 projesinde<br \/>\nson etap daire teslimleri ba\u015flad\u0131<\/p>\n<p>\u00d6zyurtlar-Baha\u015f Ortak Giri\u015fimi\u2019nin, Esenyurt\u2019ta hayata ge\u00e7irdi\u011fi dev projesi \u2018Meydan Ard\u0131\u00e7l\u0131\u2019da sona gelindi. Projenin 3\u2019\u00fcnc\u00fc ve son etab\u0131ndaki A bloklar\u0131n tamamlanmas\u0131yla teslimler ekim ay\u0131 itibariyle ba\u015flad\u0131. Toplam 150 milyon dolarl\u0131k yat\u0131r\u0131mla hayata ge\u00e7en projede toplam \u00fc\u00e7 etapta bin 681 konut ve 125 ticari \u00fcnite yer al\u0131yor.<\/p>\n<p>\u00d6zyurtlar-Baha\u015f Ortak Giri\u015fimi\u2019nin, Esenyurt&#8217;un en de\u011ferli b\u00f6lgesi Do\u011fan Arasl\u0131 Bulvar\u0131 \u00fczerinde in\u015fa etti\u011fi \u2018Meydan Ard\u0131\u00e7l\u0131\u2019 projesinde son etap teslimleri ba\u015flad\u0131. Toplam 67 bin metrekare arsa \u00fczerinde alt\u0131\u015far ve yedi\u015fer katl\u0131 27 bloktan olu\u015fan projenin teslimleri peyderpey devam ediyor. Toplam 150 milyon dolarl\u0131k yat\u0131r\u0131mla hayata ge\u00e7en ve A1, A2, A3, A4 bloklar\u0131n\u0131n teslimine ba\u015flanan dev proje \u2018Meydan Ard\u0131\u00e7l\u0131\u2019da toplam \u00fc\u00e7 etapta bin 681 konut ve 125 ticari \u00fcnite yer al\u0131yor.<\/p>\n<p>Konumu ve sundu\u011fu prestij ile b\u00f6lgede yeni ya\u015fam dalgas\u0131 ba\u015flatan \u2018Meydan Ard\u0131\u00e7l\u0131\u2019 merkezi lokasyonu ve \u00fcst d\u00fczey donan\u0131m\u0131yla da katma de\u011feri y\u00fcksek bir yat\u0131r\u0131m olarak dikkat \u00e7ekiyor. Projede; F bloklar prestij kitlesine, A ve D bloklar gen\u00e7 kitleye, B ve C bloklar ailelere hitap ediyor. \u2018Meydan Ard\u0131\u00e7l\u0131\u2019 sakinlerine 1+0, 1+1, 2+1, 3,5+1 ve 4,5+1 olmak \u00fczere be\u015f ayr\u0131 daire se\u00e7ene\u011fi sunuyor. Konutlar\u0131n metrekare b\u00fcy\u00fckl\u00fckleri ise 41 ile 228 metrekare aras\u0131nda de\u011fi\u015fiyor.<\/p>\n<p>Al\u0131\u015fveri\u015f ve e\u011flenceyi bir arada sunuyor<br \/>\nProje, kamuya a\u00e7\u0131k al\u0131\u015fveri\u015f ve e\u011flence imkan\u0131 sunan caddeleriyle de dikkat \u00e7ekiyor. Ticari alanlar ise her t\u00fcrl\u00fc ihtiyac\u0131n kar\u015f\u0131lanmas\u0131na y\u00f6nelik \u015fekilde hizmet veriyor.<\/p>\n<p>Tam donan\u0131ml\u0131 bir sosyal tesisin hizmet verdi\u011fi \u2018Meydan Ard\u0131\u00e7l\u0131\u2019, site sakinlerinin sosyal tesis, durak, metro ve \u00e7ar\u015f\u0131ya ula\u015f\u0131mlar\u0131n\u0131 kolay \u015fekilde sa\u011flayabilecekleri \u015fekilde tasarlanm\u0131\u015f bulunuyor.<\/p>\n<h2>\u00dcnl\u00fc metropollerin meydanlar\u0131 \u00f6rnek al\u0131nd\u0131<\/h2>\n<p>Yatay mimarinin en g\u00fczel \u00f6rneklerinden biri olarak in\u015fa edilen \u2018Meydan Ard\u0131\u00e7l\u0131\u2019, ge\u00e7mi\u015fin nostaljik cumbal\u0131 mimari tasar\u0131m\u0131n\u0131, bug\u00fcn\u00fcn modern mimarisiyle harmanl\u0131yor. Paris\u2019ten Roma\u2019ya New York\u2019tan \u0130stanbul\u2019a kadar d\u00fcnyan\u0131n en b\u00fcy\u00fck metropollerinin meydanlar\u0131ndan esinlenerek hayata ge\u00e7irilen Meydan Ard\u0131\u00e7l\u0131, konumu ve donan\u0131m\u0131ndan ald\u0131\u011f\u0131 g\u00fc\u00e7le b\u00f6lgenin sosyal hayat\u0131na \u00fcst d\u00fczey bir boyut kat\u0131yor.<\/p>\n<p>Her t\u00fcrl\u00fc detay\u0131n d\u00fc\u015f\u00fcn\u00fcld\u00fc\u011f\u00fc cadde ve sokaklar\u0131, su ve \u0131\u015f\u0131k oyunlar\u0131yla 24 saat ya\u015fayan projede 12 bin metrekareden olu\u015fan ye\u015fil alan ve yer alt\u0131 otoparklar\u0131 da yer al\u0131yor. Sokak sanat\u00e7\u0131lar\u0131n\u0131n eserlerini sergileyebilecekleri alanlardan, i\u00e7erisinde d\u00fcnyaca \u00fcnl\u00fc markalar\u0131 bar\u0131nd\u0131ran d\u00fckkanlardan, kafe ve restoranlara kadar pek \u00e7ok se\u00e7ene\u011fi bir arada sunan proje, yan\u0131 ba\u015f\u0131nda yer alan metro istasyonuyla, civardaki \u00fcniversite, hastane ve okullara yak\u0131nl\u0131\u011f\u0131 ile de sakinlerine \u00e7e\u015fitli ula\u015f\u0131m avantajlar\u0131 sa\u011fl\u0131yor.<\/p>\n<p>www.meydanardicli.com.tr<\/p>\n<p>0850 460 9070<\/p>\n","protected":false},"excerpt":{"rendered":"<p>\u00d6zyurtlar-Baha\u015f Ortak Giri\u015fimi\u2019nin y\u00fcksek prestijli dev projesi Meydan Ard\u0131\u00e7l\u0131\u2019da sona gelindi. \u2018Meydan Ard\u0131\u00e7l\u0131\u2019 projesinde son etap daire teslimleri ba\u015flad\u0131 \u00d6zyurtlar-Baha\u015f Ortak Giri\u015fimi\u2019nin, Esenyurt\u2019ta hayata ge\u00e7irdi\u011fi dev projesi \u2018Meydan Ard\u0131\u00e7l\u0131\u2019da sona gelindi. Projenin 3\u2019\u00fcnc\u00fc ve son etab\u0131ndaki A bloklar\u0131n tamamlanmas\u0131yla teslimler ekim ay\u0131 itibariyle ba\u015flad\u0131. Toplam 150 milyon dolarl\u0131k yat\u0131r\u0131mla hayata ge\u00e7en projede toplam \u00fc\u00e7 etapta [&hellip;]<\/p>\n","protected":false},"author":1,"featured_media":29661,"comment_status":"open","ping_status":"open","sticky":false,"template":"","format":"standard","meta":{"ngg_post_thumbnail":0},"categories":[5388],"tags":[],"_links":{"self":[{"href":"https:\/\/emlaktuel.com\/index.php?rest_route=\/wp\/v2\/posts\/48436"}],"collection":[{"href":"https:\/\/emlaktuel.com\/index.php?rest_route=\/wp\/v2\/posts"}],"about":[{"href":"https:\/\/emlaktuel.com\/index.php?rest_route=\/wp\/v2\/types\/post"}],"author":[{"embeddable":true,"href":"https:\/\/emlaktuel.com\/index.php?rest_route=\/wp\/v2\/users\/1"}],"replies":[{"embeddable":true,"href":"https:\/\/emlaktuel.com\/index.php?rest_route=%2Fwp%2Fv2%2Fcomments&post=48436"}],"version-history":[{"count":1,"href":"https:\/\/emlaktuel.com\/index.php?rest_route=\/wp\/v2\/posts\/48436\/revisions"}],"predecessor-version":[{"id":48437,"href":"https:\/\/emlaktuel.com\/index.php?rest_route=\/wp\/v2\/posts\/48436\/revisions\/48437"}],"wp:featuredmedia":[{"embeddable":true,"href":"https:\/\/emlaktuel.com\/index.php?rest_route=\/wp\/v2\/media\/29661"}],"wp:attachment":[{"href":"https:\/\/emlaktuel.com\/index.php?rest_route=%2Fwp%2Fv2%2Fmedia&parent=48436"}],"wp:term":[{"taxonomy":"category","embeddable":true,"href":"https:\/\/emlaktuel.com\/index.php?rest_route=%2Fwp%2Fv2%2Fcategories&post=48436"},{"taxonomy":"post_tag","embeddable":true,"href":"https:\/\/emlaktuel.com\/index.php?rest_route=%2Fwp%2Fv2%2Ftags&post=48436"}],"curies":[{"name":"wp","href":"https:\/\/api.w.org\/{rel}","templated":true}]}}