{"id":48094,"date":"2024-09-25T09:28:18","date_gmt":"2024-09-25T06:28:18","guid":{"rendered":"https:\/\/emlaktuel.com\/?p=48094"},"modified":"2024-09-25T09:28:18","modified_gmt":"2024-09-25T06:28:18","slug":"ald-automotive-ve-leaseplan-artik-ayvens-olarak-yoluna-devam-ediyor","status":"publish","type":"post","link":"https:\/\/emlaktuel.com\/?p=48094","title":{"rendered":"ALD Automotive ve LeasePlan, Art\u0131k Ayvens Olarak Yoluna Devam Ediyor!"},"content":{"rendered":"<p>ALD Automotive ve LeasePlan, Art\u0131k Ayvens Olarak Yoluna Devam Ediyor!<\/p>\n<p>&nbsp;<\/p>\n<p>ALD Automotive ve LeasePlan \u015firketlerini tek bir ortak kimlik alt\u0131nda birle\u015ftiren yeni k\u00fcresel mobilite markas\u0131 Ayvens, T\u00fcrkiye\u2019deki lansman\u0131n\u0131 ger\u00e7ekle\u015ftirdi. Bug\u00fcnden itibaren iki \u015firket, Ayvens olarak tek bir marka alt\u0131nda faaliyet g\u00f6sterecek.<br \/>\nDaha \u00f6nce ALD Automotive ve LeasePlan, T\u00fcrkiye\u2019de iki ayr\u0131 \u015firket olarak faaliyet g\u00f6steriyordu. LeasePlan\u2019in, ALD Automotive taraf\u0131ndan k\u00fcresel \u00f6l\u00e7ekte sat\u0131n al\u0131nmas\u0131yla yeni k\u00fcresel mobilite markas\u0131 Ayvens do\u011fdu. Ayvens, T\u00fcrkiye\u2019de 30.000\u2019den fazla ara\u00e7 filosunu b\u00fcnyesinde bar\u0131nd\u0131rarak sekt\u00f6re liderlik ediyor. \u015eirketler i\u00e7in ara\u00e7 ve filo kiralama, mobilite dan\u0131\u015fmanl\u0131\u011f\u0131, filo y\u00f6netimi ve ikinci el ara\u00e7 sat\u0131\u015f\u0131 gibi hizmetler sunan iki \u015firketin operasyonlar\u0131 art\u0131k tek marka alt\u0131nda devam edecek.<\/p>\n<h2>Her ad\u0131mda daha iyiye<\/h2>\n<p>\u0130ki \u015firketin bilgi ve uzmanl\u0131\u011f\u0131n\u0131n birle\u015fmesiyle mobiliteyi daha iyiye do\u011fru yeniden tasarlama amac\u0131n\u0131 g\u00fcden Ayvens markas\u0131 sekt\u00f6rde yerini ald\u0131. Yeni marka, \u015firketin pazardaki benzersiz konumunu tan\u0131ml\u0131yor, markan\u0131n pazardaki di\u011fer rakiplerinden ayr\u0131\u015fan noktalar\u0131n\u0131 ve t\u00fcm segmentlerdeki m\u00fc\u015fterilere katt\u0131\u011f\u0131 de\u011feri vurgulayarak bu ortak amac\u0131 besliyor. Yeni marka vaadi, daha kusursuz, daha esnek ve daha s\u00fcrd\u00fcr\u00fclebilir bir mobilite anlay\u0131\u015f\u0131 sunarak hayat\u0131n ak\u0131\u015f\u0131n\u0131 daha iyi hale getirmek olarak belirlendi.<\/p>\n<p>D\u00fcnya \u00e7ap\u0131nda y\u00f6netilen toplam 3,4 milyon ara\u00e7tan olu\u015fan filo i\u00e7erisinde d\u00fcnyan\u0131n en b\u00fcy\u00fck \u00e7ok markal\u0131 elektrikli ara\u00e7 filolar\u0131ndan birine sahip olan Ayvens, net s\u0131f\u0131r emisyona giden yolda \u00f6nc\u00fcl\u00fck etmeyi ve sekt\u00f6r\u00fcn dijital d\u00f6n\u00fc\u015f\u00fcm\u00fcn\u00fc daha da \u015fekillendirerek k\u00fcresel s\u00fcrd\u00fcr\u00fclebilir mobilitenin \u00f6nde gelen oyuncusu olmay\u0131 hedefliyor.<\/p>\n<p>Ayvens T\u00fcrkiye, filo y\u00f6netimi sekt\u00f6r\u00fcn\u00fcn \u00f6nde gelen iki k\u00fcresel oyuncusu olan ALD Automotive ve LeasePlan&#8217;\u0131n birle\u015fmesinin ard\u0131ndan daha b\u00fcy\u00fck bir stratejik giri\u015fimin par\u00e7as\u0131 oluyor. \u201cMobilite pazar\u0131 \u00fclkemizde bir\u00e7ok geli\u015fme ve b\u00fcy\u00fcme f\u0131rsatlar\u0131 bar\u0131nd\u0131r\u0131yor. Sekt\u00f6r\u00fcn ba\u015far\u0131l\u0131 iki markas\u0131 olan ALD Automotive ve LeasePlan\u2019in birle\u015fmesinin yaratt\u0131\u011f\u0131 global \u00f6l\u00e7ek ve avantajlar\u0131 lokal tecr\u00fcbelerimizle harmanlay\u0131p m\u00fc\u015fterilerimizi oda\u011f\u0131m\u0131zda tutmaya, inovatif, yenilik\u00e7i \u00e7\u00f6z\u00fcmler sunmaya devam edece\u011fiz. Ayvens ile m\u00fc\u015fterilerimiz ve ortaklar\u0131m\u0131zla birlikte operasyonel kiralama sekt\u00f6r\u00fcn\u00fc yeni bir seviyeye ta\u015f\u0131ma f\u0131rsat\u0131 sunuyoruz. \u0130\u015f ihtiya\u00e7lar\u0131na uygun sundu\u011fumuz \u00fcr\u00fcnlerle mobilite \u00e7\u00f6z\u00fcmleri geli\u015ftirmeyi ve m\u00fc\u015fteri deneyimini iyile\u015ftirmeyi ama\u00e7l\u0131yor, her ad\u0131mda somut ilerleme sa\u011flamak i\u00e7in \u00e7al\u0131\u015f\u0131yoruz\u201d ifadelerini kullanan Ayvens T\u00fcrkiye Genel M\u00fcd\u00fcr\u00fc T\u00fcrkay Oktay, her ad\u0131mda daha iyiye gitmeyi marka hedefi haline getiren Ayvens T\u00fcrkiye\u2019nin, bu vaad ile m\u00fc\u015fterilerine uygun \u00e7\u00f6z\u00fcmler ve hizmetler sunarak s\u00fcrekli geli\u015fen i\u015f ortam\u0131nda ba\u015far\u0131lar\u0131n\u0131 art\u0131rma konusundaki kararl\u0131l\u0131\u011f\u0131n\u0131 kan\u0131tlad\u0131\u011f\u0131n\u0131n alt\u0131n\u0131 \u00e7izdi.<\/p>\n<h2>Hedef daha s\u00fcrd\u00fcr\u00fclebilir bir mobilite anlay\u0131\u015f\u0131<\/h2>\n<p>\u015eirketin yeni ad\u0131 ve stratejisi, de\u011fi\u015fen pazara ve g\u00fcn\u00fcm\u00fcz\u00fcn b\u00fcy\u00fck zorluklar\u0131na uyum sa\u011fl\u0131yor. Ayvens T\u00fcrkiye Genel M\u00fcd\u00fcr\u00fc T\u00fcrkay Oktay konuyla ilgili, \u201cS\u00fcrd\u00fcr\u00fclebilirlik konusunda Ayvens olarak global stratejimizi yaln\u0131zca elektrikli ara\u00e7 ge\u00e7i\u015fi \u00fczerinden de\u011fil, ayn\u0131 zamanda do\u011fru ara\u00e7 d\u00f6ng\u00fcs\u00fcn\u00fc yaratarak sa\u011flayaca\u011f\u0131z. M\u00fc\u015fterilerimizi uzun soluklu ara\u00e7 kullan\u0131m\u0131na te\u015fvik ederek, d\u00fczenli bak\u0131mlar\u0131 yap\u0131lm\u0131\u015f, iyi durumda olan kullan\u0131lm\u0131\u015f ara\u00e7lar\u0131n kiralamas\u0131n\u0131, sat\u0131\u015f\u0131n\u0131 ger\u00e7ekle\u015ftirerek ara\u00e7lar i\u00e7in do\u011fru s\u00fcrd\u00fcr\u00fclebilirlik politikalar\u0131n\u0131 uygulamaya devam edece\u011fiz. Ayr\u0131ca, d\u00fcnya genelinde sahip oldu\u011fumuz 500.000\u2019den fazla elektrikli ara\u00e7 ile d\u00fcnyan\u0131n en b\u00fcy\u00fck Elektrikli Ara\u00e7 Filosunun sahibi konumunday\u0131z. Bu sayede karbon emisyonlar\u0131n\u0131n azalt\u0131lmas\u0131nda da sekt\u00f6rde \u00f6nc\u00fc olmaya devam edece\u011fiz\u201d ifadelerini kulland\u0131.<\/p>\n<p>Mobiliteyi yeniden hayal etme f\u0131rsat\u0131n\u0131 g\u00f6ren Ayvens, ana mesaj\u0131 olan \u201cBetter with every move\u201d ile her ad\u0131mla d\u00fcnyay\u0131 daha iyi bir yere d\u00f6n\u00fc\u015ft\u00fcrmeyi ama\u00e7l\u0131yor. T\u00fcrkay Oktay, \u201cMarkam\u0131z\u0131n temel vizyonu; m\u00fc\u015fterilerimizin hayat\u0131n\u0131 kolayla\u015ft\u0131r\u0131rken faaliyetlerimizi d\u00fcnyay\u0131 daha iyi hale getirme amac\u0131m\u0131zla s\u00fcrd\u00fcrmek olacak. Yeni markam\u0131zla, m\u00fc\u015fterilerimize daha iyi ve daha s\u00fcrd\u00fcr\u00fclebilir bir mobilite hizmeti sa\u011flayaca\u011f\u0131z\u201d ifadelerini kullanarak yeni markan\u0131n vaadiyle vizyonunun uyumuna vurgu yapt\u0131.<\/p>\n<h2>Yeni marka ismi ve logosu<\/h2>\n<p>Ayvens; ilerlemeyi i\u015faret eden, kolay hat\u0131rlanabilir, basit ve g\u00fc\u00e7l\u00fc bir isim. Bu isme; iki \u015firketin tek bir ekip olarak bir araya gelmesini, ortak bir hedef do\u011frultusunda \u00e7al\u0131\u015fmas\u0131n\u0131 temsil eden, g\u00fc\u00e7l\u00fc, istikrarl\u0131 bir temel ve yukar\u0131ya do\u011fru y\u00f6nelen bir form ile ilerleme ve dinamizmi simgeleyen bir sembol e\u015flik ediyor. Ayr\u0131ca bu isim; markan\u0131n \u00e7o\u011funluk hissedar\u0131 olan ve d\u00fcnya \u00e7ap\u0131nda bilinen Soci\u00e9t\u00e9 General\u2019in referans\u0131n\u0131 da logosunda ta\u015f\u0131yor.<\/p>\n<h2>Yeni Bir Grafik Tasar\u0131m<\/h2>\n<p>Yeni grafik tasar\u0131m, do\u011fadan ilham alan ve pazarda ayr\u0131\u015fmak \u00fczere tasarlanm\u0131\u015f, canl\u0131 ve benzersiz renklerinin yan\u0131 s\u0131ra kulland\u0131\u011f\u0131 samimi ve modern yaz\u0131 tipi arac\u0131l\u0131\u011f\u0131yla markan\u0131n enerjisini aktar\u0131yor. Ne\u015feli ve dinamik ikonografisi ise g\u00fcnl\u00fck ya\u015famdaki g\u00fczel anlar\u0131 g\u00f6zler \u00f6n\u00fcne sererek mobilitenin \u00f6z\u00fcn\u00fc yakal\u0131yor.<br \/>\nYeni Marka Slogan\u0131<br \/>\nMarka, \u201cBetter with every move\u201d slogan\u0131n\u0131 sahiplenerek m\u00fc\u015fteriler, i\u015fletmeler ve d\u00fcnya i\u00e7in s\u00fcrekli ilerleyen \u201cdaha iyi (better)\u201d bir mobilite sunma misyonunu ta\u015f\u0131yor.<\/p>\n<p>Hakk\u0131m\u0131zda<\/p>\n","protected":false},"excerpt":{"rendered":"<p>ALD Automotive ve LeasePlan, Art\u0131k Ayvens Olarak Yoluna Devam Ediyor! &nbsp; ALD Automotive ve LeasePlan \u015firketlerini tek bir ortak kimlik alt\u0131nda birle\u015ftiren yeni k\u00fcresel mobilite markas\u0131 Ayvens, T\u00fcrkiye\u2019deki lansman\u0131n\u0131 ger\u00e7ekle\u015ftirdi. Bug\u00fcnden itibaren iki \u015firket, Ayvens olarak tek bir marka alt\u0131nda faaliyet g\u00f6sterecek. Daha \u00f6nce ALD Automotive ve LeasePlan, T\u00fcrkiye\u2019de iki ayr\u0131 \u015firket olarak faaliyet g\u00f6steriyordu. [&hellip;]<\/p>\n","protected":false},"author":1,"featured_media":48095,"comment_status":"open","ping_status":"open","sticky":false,"template":"","format":"standard","meta":{"ngg_post_thumbnail":0},"categories":[5215],"tags":[],"_links":{"self":[{"href":"https:\/\/emlaktuel.com\/index.php?rest_route=\/wp\/v2\/posts\/48094"}],"collection":[{"href":"https:\/\/emlaktuel.com\/index.php?rest_route=\/wp\/v2\/posts"}],"about":[{"href":"https:\/\/emlaktuel.com\/index.php?rest_route=\/wp\/v2\/types\/post"}],"author":[{"embeddable":true,"href":"https:\/\/emlaktuel.com\/index.php?rest_route=\/wp\/v2\/users\/1"}],"replies":[{"embeddable":true,"href":"https:\/\/emlaktuel.com\/index.php?rest_route=%2Fwp%2Fv2%2Fcomments&post=48094"}],"version-history":[{"count":1,"href":"https:\/\/emlaktuel.com\/index.php?rest_route=\/wp\/v2\/posts\/48094\/revisions"}],"predecessor-version":[{"id":48096,"href":"https:\/\/emlaktuel.com\/index.php?rest_route=\/wp\/v2\/posts\/48094\/revisions\/48096"}],"wp:featuredmedia":[{"embeddable":true,"href":"https:\/\/emlaktuel.com\/index.php?rest_route=\/wp\/v2\/media\/48095"}],"wp:attachment":[{"href":"https:\/\/emlaktuel.com\/index.php?rest_route=%2Fwp%2Fv2%2Fmedia&parent=48094"}],"wp:term":[{"taxonomy":"category","embeddable":true,"href":"https:\/\/emlaktuel.com\/index.php?rest_route=%2Fwp%2Fv2%2Fcategories&post=48094"},{"taxonomy":"post_tag","embeddable":true,"href":"https:\/\/emlaktuel.com\/index.php?rest_route=%2Fwp%2Fv2%2Ftags&post=48094"}],"curies":[{"name":"wp","href":"https:\/\/api.w.org\/{rel}","templated":true}]}}