{"id":47914,"date":"2024-09-09T23:33:35","date_gmt":"2024-09-09T20:33:35","guid":{"rendered":"https:\/\/emlaktuel.com\/?p=47914"},"modified":"2024-09-09T23:34:51","modified_gmt":"2024-09-09T20:34:51","slug":"eyup-bartik-avrupaya-makine-de-tasiyoruz-baklava-da","status":"publish","type":"post","link":"https:\/\/emlaktuel.com\/?p=47914","title":{"rendered":"Ey\u00fcp Bart\u0131k: \u201cAvrupa\u2019ya makine de ta\u015f\u0131yoruz, baklava da\u201d\u00a0  \u00a0"},"content":{"rendered":"<p><strong>Ey\u00fcp Bart\u0131k: \u201cAvrupa\u2019ya makine de ta\u015f\u0131yoruz, baklava da\u201d&nbsp;<\/strong><\/p>\n<p><strong>Y\u00fck Taksi\u2019nin en tatl\u0131 y\u00fck\u00fc Gaziantep baklavas\u0131!<\/strong><\/p>\n<p><img loading=\"lazy\" class=\"alignnone size-full wp-image-47917\" src=\"https:\/\/emlaktuel.com\/wp-content\/uploads\/2024\/09\/IMG_20240909_233414.jpg\" alt=\"\" width=\"1080\" height=\"698\"><\/p>\n<p><strong>Lojistik sekt\u00f6r\u00fcn\u00fcn \u00f6nc\u00fc kurulu\u015fu Ey\u00fcp Lojistik\u2019in Avrupa \u00fclkelerine y\u00f6nelik kurye ta\u015f\u0131mac\u0131l\u0131\u011f\u0131 kapsam\u0131nda ba\u015flatt\u0131\u011f\u0131 Y\u00fck Taksi uygulamas\u0131 geni\u015f ilgi g\u00f6r\u00fcyor. Her g\u00fcn Gaziantep\u2019ten d\u00fczenli \u015fekilde hareket eden 12 ara\u00e7la Avrupa\u2019ya 240 sefer d\u00fczenleniyor. Ara\u00e7lara komple y\u00fck olarak teslim al\u0131nan g\u00f6nderiler \u00fc\u00e7 g\u00fcnde; parsiyel olarak al\u0131nan y\u00fckler ise be\u015f g\u00fcnde Almanya, \u0130spanya, \u0130ngiltere dahil b\u00fct\u00fcn Avrupa \u00fclkelerindeki transfer merkezlerine ula\u015ft\u0131r\u0131l\u0131yor. Ey\u00fcp Lojistik Y\u00f6netim Kurulu Ba\u015fkan\u0131 Ey\u00fcp Bart\u0131k, \u201cY\u00fck Taksi ile \u00e7e\u015fitli evraklar, tekstil, makine, ambalaj, g\u0131da, geni\u015f ve a\u011f\u0131r tonajl\u0131 y\u00fcklerin yan\u0131 s\u0131ra Gaziantep\u2019in geleneksel tad\u0131 olan baklavay\u0131 da s\u0131kl\u0131kla ta\u015f\u0131yoruz. Gurbet\u00e7ilerin memleket \u00f6zlemini de b\u00f6ylece gideriyoruz\u201d dedi.&nbsp;<\/strong><\/p>\n<p>Ey\u00fcp Lojistik, \u00f6zg\u00fcn kargo ta\u015f\u0131mac\u0131l\u0131k \u00e7\u00f6z\u00fcm\u00fc \u2018Y\u00fck Taksi\u2019 ile sanayicilerden ve ticaret erbab\u0131ndan tam not ald\u0131. Avrupa\u2019n\u0131n her noktas\u0131na 5 g\u00fcnde ekspres, aktarmas\u0131z, parsiyel ta\u015f\u0131mac\u0131l\u0131k hizmeti vermeye ba\u015flayan Ey\u00fcp Lojistik, firmalara b\u00fcy\u00fck kolayl\u0131k sa\u011flam\u0131\u015f oldu. Minivan ara\u00e7lardan olu\u015fan y\u00fck taksiler, 1 kilogramdan 1300 kilograma kadar y\u00fck alabiliyor. Avrupa\u2019ya giysi g\u00f6nderilmesi durumunda, taksinin i\u00e7i raf sistemiyle \u00fcr\u00fcn\u00fcn \u00f6zelli\u011fine g\u00f6re dizayn ediliyor. Sevkiyatlar ve ara\u00e7lar profesyonel ekiplerce anl\u0131k takip edilip, m\u00fc\u015fteriler bilgilendiriliyor.<\/p>\n<p><strong>Y\u00fck Taksi art\u0131k tescilli bir marka<\/strong><\/p>\n<p>Ey\u00fcp Lojistik Y\u00f6netim Kurulu Ba\u015fkan\u0131 Ey\u00fcp Bart\u0131k,<strong>&nbsp;<\/strong>yenilik\u00e7i ve esnek \u00e7\u00f6z\u00fcmlerle \u00fcst d\u00fczey m\u00fc\u015fteri memnuniyeti i\u00e7in \u00e7al\u0131\u015ft\u0131klar\u0131n\u0131 belirterek, \u201cY\u00fck Taksi\u2019yi de bu ama\u00e7la hayata ge\u00e7irmi\u015ftik, isim tescil i\u015flemlerini de tamamlad\u0131k. Firmalar bizden Almanya ba\u015fta olmak \u00fczere Hollanda, Bel\u00e7ika, \u0130talya, Avusturya, \u0130svi\u00e7re, Fransa, \u0130spanya, Danimarka, Polonya, \u0130sve\u00e7, Macaristan, Romanya, \u0130ngiltere ve Do\u011fu Avrupa\u2019n\u0131n her noktas\u0131na ekspres \u00fcr\u00fcn sevkiyat\u0131 talep ediyor. Y\u00fck Taksi ile parsiyel olarak \u00e7e\u015fitli evraklar, tekstil, makine, ambalaj, g\u0131da, geni\u015f ve a\u011f\u0131r tonajl\u0131 y\u00fcklerin yan\u0131 s\u0131ra Gaziantep\u2019in geleneksel tad\u0131 olan baklavay\u0131 da s\u0131kl\u0131kla ta\u015f\u0131maktay\u0131z.<\/p>\n<p>Hem\u015fehrilerimizin bu y\u00f6ndeki talebi olduk\u00e7a fazla. Gurbet\u00e7ilerin memleket \u00f6zlemini de b\u00f6ylece gideriyoruz.<strong>&nbsp;<\/strong>Her g\u00fcn Gaziantep\u2019ten d\u00fczenli bir \u015fekilde hareket eden 12 arac\u0131m\u0131z var. Ayda 240 sefer yap\u0131yoruz\u201d dedi.&nbsp;<\/p>\n<p>&nbsp;<\/p>\n<p><strong>Komple y\u00fckte 3 g\u00fcnde, parsiyelde 5 g\u00fcnde teslim&nbsp;<\/strong><\/p>\n<p>Ey\u00fcp Lojistik Y\u00f6netim Kurulu Ba\u015fkan\u0131 Ey\u00fcp Bart\u0131k, \u201cKomple Ta\u015f\u0131mac\u0131l\u0131k; bir m\u00fc\u015fteriye ait olan y\u00fck\u00fcn sadece bir araca y\u00fcklenip ta\u015f\u0131nmas\u0131d\u0131r. Parsiyel ta\u015f\u0131mac\u0131l\u0131k uygulamas\u0131nda ise ayn\u0131 g\u00fczergahta yer alan birbirinden farkl\u0131 m\u00fc\u015fterilerin e\u015fya, \u00fcr\u00fcn ya da y\u00fcklerin, ayn\u0131 ta\u015f\u0131ma arac\u0131 ile ta\u015f\u0131nmas\u0131 i\u015flemidir. Bu \u015fekilde ara\u00e7lara komple y\u00fck olarak teslim al\u0131nan g\u00f6nderiler ekspres bir \u015fekilde \u00fc\u00e7 g\u00fcnde; parsiyel olarak al\u0131nan y\u00fckler ise yine ekspres olarak be\u015f g\u00fcnde Avrupa\u2019n\u0131n her noktas\u0131na ta\u015f\u0131yoruz.\u201c<\/p>\n<p><strong>Y\u00fck Taksi\u2019yi tercih edene baklava hediye<\/strong><\/p>\n<p>Bart\u0131k, \u015f\u00f6yle devam etti: \u201cB\u00fcy\u00fck k\u00fc\u00e7\u00fck demeden t\u00fcm ihracat \u00fcr\u00fcnlerini Avrupa\u2019ya parsiyel olarak ula\u015ft\u0131r\u0131yoruz. Gaziantep bir sanayi \u015fehri, bu nedenle de firmalar, tamirat gerektiren makine par\u00e7as\u0131n\u0131 veya yedek par\u00e7a gibi \u00fcr\u00fcnleri Avrupa\u2019ya s\u0131k\u00e7a g\u00f6nderiyor. Tamirat\u0131 ger\u00e7ekle\u015ftirilen bu makineler ve yedek par\u00e7alar, Y\u00fck Taksi ile h\u0131zl\u0131ca T\u00fcrkiye\u2019ye ula\u015f\u0131yor. Ey\u00fcp Lojistik olarak Avrupa\u2019ya \u00fcr\u00fcn g\u00f6nderen t\u00fcm m\u00fc\u015fterilerimize, Gaziantep baklavas\u0131n\u0131 da hediye olarak g\u00f6nderiyoruz. Bu \u015fekilde gazi\u015fehrimizin k\u00fclt\u00fcrel miras\u0131na sahip \u00e7\u0131karak, ihracat\u0131n hareketlenmesine katk\u0131da bulunmaya \u00e7al\u0131\u015f\u0131yoruz.\u2019\u2019<\/p>\n<p>&nbsp;<\/p>\n<p><strong>\u201c\u00dclkeleri tan\u0131yoruz, zaman\u0131 iyi y\u00f6netiyoruz\u201d<\/strong><\/p>\n<p>Ey\u00fcp Bart\u0131k, ara\u00e7 takip sistemlerini de \u015f\u00f6yle anlatt\u0131: \u201cAra\u00e7lar\u0131m\u0131z\u0131 anl\u0131k takip ediyoruz, s\u00fcr\u00fcc\u00fclerimizi daha etkin bir \u015fekilde y\u00f6neterek en iyi rota plan\u0131n\u0131 olu\u015fturuyor ve zaman\u0131 de\u011ferlendiriyoruz. Hangi \u00fclkede ne var? Ne gibi sorunlar var? Bu sorular\u0131n yan\u0131tlar\u0131n\u0131 biliyoruz. Yapt\u0131\u011f\u0131m\u0131z i\u015f hakk\u0131nda deneyimli ve bilgiliyiz. \u00d6nceli\u011fimiz m\u00fc\u015fterilerimizin memnuniyeti, onlar\u0131n ihtiya\u00e7lar\u0131na \u00e7\u00f6z\u00fcm \u00f6nerileri geli\u015ftiriyoruz. T\u00fcrkiye\u2019de lojistik ve depo lojisti\u011fi alan\u0131ndaki i\u015f hacmimizi bu anlay\u0131\u015fla b\u00fcy\u00fctmeye devam edece\u011fiz.\u2019\u2019&nbsp;<\/p>\n<p>&nbsp;<\/p>\n<p>&nbsp;<\/p>\n","protected":false},"excerpt":{"rendered":"<p>Ey\u00fcp Bart\u0131k: \u201cAvrupa\u2019ya makine de ta\u015f\u0131yoruz, baklava da\u201d&nbsp; Y\u00fck Taksi\u2019nin en tatl\u0131 y\u00fck\u00fc Gaziantep baklavas\u0131! Lojistik sekt\u00f6r\u00fcn\u00fcn \u00f6nc\u00fc kurulu\u015fu Ey\u00fcp Lojistik\u2019in Avrupa \u00fclkelerine y\u00f6nelik kurye ta\u015f\u0131mac\u0131l\u0131\u011f\u0131 kapsam\u0131nda ba\u015flatt\u0131\u011f\u0131 Y\u00fck Taksi uygulamas\u0131 geni\u015f ilgi g\u00f6r\u00fcyor. Her g\u00fcn Gaziantep\u2019ten d\u00fczenli \u015fekilde hareket eden 12 ara\u00e7la Avrupa\u2019ya 240 sefer d\u00fczenleniyor. Ara\u00e7lara komple y\u00fck olarak teslim al\u0131nan g\u00f6nderiler \u00fc\u00e7 [&hellip;]<\/p>\n","protected":false},"author":1,"featured_media":47915,"comment_status":"open","ping_status":"open","sticky":false,"template":"","format":"standard","meta":{"ngg_post_thumbnail":0},"categories":[26,5215],"tags":[],"_links":{"self":[{"href":"https:\/\/emlaktuel.com\/index.php?rest_route=\/wp\/v2\/posts\/47914"}],"collection":[{"href":"https:\/\/emlaktuel.com\/index.php?rest_route=\/wp\/v2\/posts"}],"about":[{"href":"https:\/\/emlaktuel.com\/index.php?rest_route=\/wp\/v2\/types\/post"}],"author":[{"embeddable":true,"href":"https:\/\/emlaktuel.com\/index.php?rest_route=\/wp\/v2\/users\/1"}],"replies":[{"embeddable":true,"href":"https:\/\/emlaktuel.com\/index.php?rest_route=%2Fwp%2Fv2%2Fcomments&post=47914"}],"version-history":[{"count":2,"href":"https:\/\/emlaktuel.com\/index.php?rest_route=\/wp\/v2\/posts\/47914\/revisions"}],"predecessor-version":[{"id":47918,"href":"https:\/\/emlaktuel.com\/index.php?rest_route=\/wp\/v2\/posts\/47914\/revisions\/47918"}],"wp:featuredmedia":[{"embeddable":true,"href":"https:\/\/emlaktuel.com\/index.php?rest_route=\/wp\/v2\/media\/47915"}],"wp:attachment":[{"href":"https:\/\/emlaktuel.com\/index.php?rest_route=%2Fwp%2Fv2%2Fmedia&parent=47914"}],"wp:term":[{"taxonomy":"category","embeddable":true,"href":"https:\/\/emlaktuel.com\/index.php?rest_route=%2Fwp%2Fv2%2Fcategories&post=47914"},{"taxonomy":"post_tag","embeddable":true,"href":"https:\/\/emlaktuel.com\/index.php?rest_route=%2Fwp%2Fv2%2Ftags&post=47914"}],"curies":[{"name":"wp","href":"https:\/\/api.w.org\/{rel}","templated":true}]}}