{"id":47906,"date":"2024-09-09T23:18:23","date_gmt":"2024-09-09T20:18:23","guid":{"rendered":"https:\/\/emlaktuel.com\/?p=47906"},"modified":"2024-09-09T23:18:43","modified_gmt":"2024-09-09T20:18:43","slug":"47906","status":"publish","type":"post","link":"https:\/\/emlaktuel.com\/?p=47906","title":{"rendered":"Gayrimenkulde Arz Y\u00f6nl\u00fc Politika \u0130zlenecek"},"content":{"rendered":"<p>Gayrimenkulde Arz Y\u00f6nl\u00fc Politika \u0130zlenecek<\/p>\n<p>OVP\u2019deki gayrimenkul politikas\u0131na de\u011finen Emlak Uzman\u0131 Mustafa Hakan \u00d6zelmac\u0131kl\u0131,&#8221;OVP kapsam\u0131nda kira ve konut fiyatlar\u0131ndaki geli\u015fmeler g\u00f6z \u00f6n\u00fcnde bulundurarak depremin olu\u015fturdu\u011fu konut stokundaki kay\u0131plar\u0131n telafisine y\u00f6nelik yeni sosyal konut projelerin geli\u015ftirilmesi planlan\u0131yor&#8221; dedi.<br \/>\n2025-2027 y\u0131llar\u0131n\u0131 kapsayan Orta Vadeli Program (OVP) a\u00e7\u0131kland\u0131. 3 y\u0131ll\u0131k yol haritas\u0131nda gayrimenkulde arz y\u00f6nl\u00fc politika izlenecek. Konuya ili\u015fkin de\u011ferlendirmelerde bulunan Alt\u0131n Emlak Global Genel M\u00fcd\u00fcr\u00fc Mustafa Hakan \u00d6zelmac\u0131kl\u0131, \u201cOVP kapsam\u0131nda kira ve konut fiyatlar\u0131ndaki geli\u015fmeler g\u00f6z \u00f6n\u00fcnde bulundurarak depremin olu\u015fturdu\u011fu konut stokundaki kay\u0131plar\u0131n telafisine y\u00f6nelik yeni sosyal konut projelerin geli\u015ftirilmesi planlan\u0131yor. Bunun yan\u0131 s\u0131ra dar gelirli vatanda\u015flar\u0131n konuta eri\u015fim imk\u00e2n\u0131 art\u0131r\u0131lmas\u0131 hedefleniyor. Ayr\u0131ca k\u0131sa ve uzun d\u00f6nemli t\u00fcm gayrimenkul kira kontratlar\u0131n\u0131n belirli bir standartta dijital platforma transferi de k\u0131sa s\u00fcrede tamamlanacak. Kentsel d\u00f6n\u00fc\u015f\u00fcm projelerinin ger\u00e7ekle\u015ftirilmesine de h\u0131z verilecek\u201d dedi.<\/p>\n<p>Afetlere Diren\u00e7li Yap\u0131lar Geli\u015ftirilecek<br \/>\n&nbsp;\u0130stanbul ba\u015fta olmak \u00fczere, afetlere kar\u015f\u0131 dayan\u0131ks\u0131z yap\u0131 stokunun yenilenmesi konusunda bir iradenin de OVP de yer ald\u0131\u011f\u0131n\u0131 belirten \u00d6zelmac\u0131kl\u0131, \u201cHak sahiplerinin beklentileri ve d\u00f6n\u00fc\u015f\u00fcm alanlar\u0131n\u0131n dinamikleri dikkate al\u0131narak kentsel d\u00f6n\u00fc\u015f\u00fcm \u00e7al\u0131\u015fmalar\u0131n\u0131n s\u00fcrd\u00fcr\u00fclmesi hedefleniyor. Sosyal konut \u00fcretiminde afet riski y\u00fcksek olan b\u00f6lgelere \u00f6ncelik verilerek, kapsay\u0131c\u0131, sa\u011fl\u0131kl\u0131, g\u00fcvenli ve diren\u00e7li ya\u015fam alanlar\u0131 altyap\u0131 ve \u00fcstyap\u0131 tesisleriyle bir b\u00fct\u00fcn olarak planlanarak in\u015fa edilecek.&nbsp; Yeterli, g\u00fcvenli ve kapsay\u0131c\u0131 konuta eri\u015fimin sa\u011flanmas\u0131 esas\u0131yla ba\u015fta \u0130stanbul olmak \u00fczere yerel y\u00f6netimlerle i\u015fbirli\u011fi halinde kentsel d\u00f6n\u00fc\u015f\u00fcm projelerinin ger\u00e7ekle\u015ftirilmesine h\u0131z verilecek\u201d \u015feklinde konu\u015ftu.<\/p>\n<h2>\u0130n\u015faatta Toparlanma S\u00fcrecek, Finansman Sa\u011flanacak<br \/>\n&nbsp;<\/h2>\n<p>Son 5 y\u0131ld\u0131r daralma g\u00f6steren in\u015faat sekt\u00f6r\u00fcn\u00fcn deprem b\u00f6lgesindeki yeniden yap\u0131lanma faaliyetlerinin de etkisiyle y\u00fczde 7,2 oran\u0131nda b\u00fcy\u00fcme ya\u015fad\u0131\u011f\u0131n\u0131n da OVP\u2019de belirtildi\u011fini ifade eden \u00d6zelmac\u0131kl\u0131, \u201cYerle\u015fim yerlerinin ve toplumun afetlere kar\u015f\u0131 diren\u00e7lili\u011finin art\u0131r\u0131lmas\u0131, afet risk ve zararlar\u0131n\u0131n azalt\u0131larak can ve mal kay\u0131plar\u0131n\u0131n asgari d\u00fczeye indirilmesi, afet y\u00f6netiminin t\u00fcm s\u00fcre\u00e7lerinin etkin bir \u015fekilde y\u00fcr\u00fct\u00fclmesinde gerekli finansman\u0131n sa\u011flanmas\u0131 temel ama\u00e7 olarak g\u00f6r\u00fcl\u00fcyor. Ayr\u0131ca \u00f6zel b\u00fct\u00e7eli idarelerin \u00f6denek teklif tavanlar\u0131 da programda yer ald\u0131. Bu kapsamda Kentsel D\u00f6n\u00fc\u015f\u00fcm Ba\u015fkanl\u0131\u011f\u0131na 2025 y\u0131l\u0131 i\u00e7in 136 milyar 557 milyon 896 bin lira, 2026 y\u0131l\u0131 i\u00e7in 213 milyar 440 milyon 367 bin lira, 2027 y\u0131l\u0131 i\u00e7in de 261 milyar 806 milyon 175 bin lira b\u00fct\u00e7e \u00f6dene\u011fi ayr\u0131ld\u0131\u201d diye konu\u015ftu.<\/p>\n<h2>DASK Geli\u015ftirilecek, Kay\u0131t D\u0131\u015f\u0131 Ekonomi Takip Edilecek<br \/>\n&nbsp;<\/h2>\n<p>\u00d6zelmac\u0131kl\u0131, \u201cProgram kapsam\u0131nda ayr\u0131ca t\u00fcm afet tehlikelerini kapsayacak afet sigortas\u0131n\u0131n geli\u015ftirilmesi, yayg\u0131nla\u015ft\u0131r\u0131lmas\u0131, zorunlu deprem sigortas\u0131n\u0131n beyan\u0131n ve \u00f6demesinin etkin takibinin sa\u011flanmas\u0131 hedefleniyor. Ayr\u0131ca programda vergi kay\u0131p ve ka\u00e7a\u011f\u0131 ile kay\u0131t d\u0131\u015f\u0131 ekonomik faaliyetlerin \u00f6nlenmesi i\u00e7in olu\u015fturulan Risk Analizi De\u011ferlendirme ve Ara\u015ft\u0131rma (RADAR) Sistemi\u2019ne de\u011finilmi\u015f. RADAR ile mali ve ekonomik verilerin entegrasyonu ve bu verilerin sekt\u00f6rel ve m\u00fckellef bazl\u0131 risk senaryolar\u0131n\u0131 beslemesi suretiyle de geli\u015ftirilmesi \u00f6ng\u00f6r\u00fcl\u00fcyor\u201d dedi.<\/p>\n","protected":false},"excerpt":{"rendered":"<p>Gayrimenkulde Arz Y\u00f6nl\u00fc Politika \u0130zlenecek OVP\u2019deki gayrimenkul politikas\u0131na de\u011finen Emlak Uzman\u0131 Mustafa Hakan \u00d6zelmac\u0131kl\u0131,&#8221;OVP kapsam\u0131nda kira ve konut fiyatlar\u0131ndaki geli\u015fmeler g\u00f6z \u00f6n\u00fcnde bulundurarak depremin olu\u015fturdu\u011fu konut stokundaki kay\u0131plar\u0131n telafisine y\u00f6nelik yeni sosyal konut projelerin geli\u015ftirilmesi planlan\u0131yor&#8221; dedi. 2025-2027 y\u0131llar\u0131n\u0131 kapsayan Orta Vadeli Program (OVP) a\u00e7\u0131kland\u0131. 3 y\u0131ll\u0131k yol haritas\u0131nda gayrimenkulde arz y\u00f6nl\u00fc politika izlenecek. Konuya [&hellip;]<\/p>\n","protected":false},"author":1,"featured_media":47418,"comment_status":"open","ping_status":"open","sticky":false,"template":"","format":"standard","meta":{"ngg_post_thumbnail":0},"categories":[221,5388],"tags":[],"_links":{"self":[{"href":"https:\/\/emlaktuel.com\/index.php?rest_route=\/wp\/v2\/posts\/47906"}],"collection":[{"href":"https:\/\/emlaktuel.com\/index.php?rest_route=\/wp\/v2\/posts"}],"about":[{"href":"https:\/\/emlaktuel.com\/index.php?rest_route=\/wp\/v2\/types\/post"}],"author":[{"embeddable":true,"href":"https:\/\/emlaktuel.com\/index.php?rest_route=\/wp\/v2\/users\/1"}],"replies":[{"embeddable":true,"href":"https:\/\/emlaktuel.com\/index.php?rest_route=%2Fwp%2Fv2%2Fcomments&post=47906"}],"version-history":[{"count":2,"href":"https:\/\/emlaktuel.com\/index.php?rest_route=\/wp\/v2\/posts\/47906\/revisions"}],"predecessor-version":[{"id":47908,"href":"https:\/\/emlaktuel.com\/index.php?rest_route=\/wp\/v2\/posts\/47906\/revisions\/47908"}],"wp:featuredmedia":[{"embeddable":true,"href":"https:\/\/emlaktuel.com\/index.php?rest_route=\/wp\/v2\/media\/47418"}],"wp:attachment":[{"href":"https:\/\/emlaktuel.com\/index.php?rest_route=%2Fwp%2Fv2%2Fmedia&parent=47906"}],"wp:term":[{"taxonomy":"category","embeddable":true,"href":"https:\/\/emlaktuel.com\/index.php?rest_route=%2Fwp%2Fv2%2Fcategories&post=47906"},{"taxonomy":"post_tag","embeddable":true,"href":"https:\/\/emlaktuel.com\/index.php?rest_route=%2Fwp%2Fv2%2Ftags&post=47906"}],"curies":[{"name":"wp","href":"https:\/\/api.w.org\/{rel}","templated":true}]}}