{"id":47813,"date":"2024-09-02T09:18:54","date_gmt":"2024-09-02T06:18:54","guid":{"rendered":"https:\/\/emlaktuel.com\/?p=47813"},"modified":"2024-09-02T09:18:54","modified_gmt":"2024-09-02T06:18:54","slug":"vosmer-otomotiv-15inci-yilini-kutluyor","status":"publish","type":"post","link":"https:\/\/emlaktuel.com\/?p=47813","title":{"rendered":"Vosmer Otomotiv 15\u2019inci Y\u0131l\u0131n\u0131 Kutluyor!"},"content":{"rendered":"<p>Vosmer Otomotiv 15\u2019inci Y\u0131l\u0131n\u0131 Kutluyor!<\/p>\n<p>Skoda\u2019n\u0131n Hem Sat\u0131\u015f Hem de Servis Alan\u0131nda En \u0130yi Bayisi Vosmer Otomotiv!<\/p>\n<p>Vosmer Otomotiv 2024 Y\u0131l\u0131n\u0131 9 Bin Adedin \u00dczerinde Otomobil Sat\u0131\u015f\u0131yla Tamamlayacak!<\/p>\n<p>Vosmer Otomotiv 15 Y\u0131lda 70 Binden Fazla M\u00fc\u015fterisini Ara\u00e7 Sahibi Yapt\u0131!<\/p>\n<p>\u0130zmir ve \u00e7evresindeki otomobil tutkunlar\u0131na 2009 y\u0131l\u0131ndan bu yana en kaliteli ve yenilik\u00e7i hizmeti sunan Vosmer Otomotiv, \u0130zmir\u2019deki 3 lokasyona yay\u0131lm\u0131\u015f tesisleriyle sekt\u00f6r\u00fcn \u00f6nde gelen oyuncular\u0131 aras\u0131nda yer al\u0131yor. Kurulu\u015funun 15\u2019inci y\u0131l\u0131n\u0131 geride b\u0131rakan Vosmer Otomotiv\u2019in Genel M\u00fcd\u00fcr\u00fc Siyon Karmona, \u201cKurulu\u015f y\u0131l\u0131m\u0131z olan 2009\u2019u 879 yeni ara\u00e7 sat\u0131\u015f\u0131yla tamamlam\u0131\u015ft\u0131k. 2023 y\u0131l\u0131nda ise bu rakam\u0131 8 bin 44 adede \u00e7\u0131kard\u0131k ve yakla\u015f\u0131k 9 katl\u0131k bir art\u0131\u015f ger\u00e7ekle\u015ftirdik. Ayr\u0131ca 2023\u2019te bin adetten fazla ikinci el ara\u00e7 sat\u0131\u015f\u0131 yapt\u0131k. Ge\u00e7en 15 y\u0131lda 70 binden fazla s\u0131f\u0131r kilometre ara\u00e7 sat\u0131\u015f\u0131na imza atarken 11 bin adedin \u00fczerinde de ikinci el arac\u0131 m\u00fc\u015fterilerimizle bulu\u015fturduk. 2009 y\u0131l\u0131nda grubumuz i\u00e7erisindeki pazar pay\u0131m\u0131z 1.79 civar\u0131ndayd\u0131, 2023 y\u0131l\u0131nda geldi\u011fimiz noktada pazar pay\u0131m\u0131z\u0131 yakla\u015f\u0131k 4.8\u2019e \u00e7\u0131kard\u0131k. \u0130zmir\u2019deki otomobil sat\u0131\u015flar\u0131ndan ald\u0131\u011f\u0131m\u0131z pay ise y\u00fczde 11-12 seviyesinde\u201d dedi. Y\u0131l\u0131n ilk 7 ayl\u0131k d\u00f6neminde 5 binin \u00fczerinde s\u0131f\u0131r ve ikinci el sat\u0131\u015f\u0131 ger\u00e7ekle\u015ftirdiklerini vurgulayan Siyon Karmona, \u201cBu d\u00f6nemde yakla\u015f\u0131k 35 bin adet de servis i\u015f emri a\u00e7t\u0131k. Y\u0131l sonu itibar\u0131yla hedefimiz ikinci yar\u0131 y\u0131lda d\u00fc\u015fen pazara ra\u011fmen toplamda 8 bin adedin \u00fczerinde s\u0131f\u0131r kilometre ve bin adedin \u00fczerinde de ikinci el ara\u00e7 sat\u0131\u015f\u0131 ger\u00e7ekle\u015ftirmek. Servis taraf\u0131ndaki hedefimiz ise 62 bin servis i\u015f emri a\u00e7arak hacmimizi korumak. Bizim i\u00e7in en de\u011ferli ba\u015far\u0131lardan ve gurur verici olaylardan birini Skoda taraf\u0131nda ya\u015fad\u0131k. Bu ba\u015far\u0131 da Skoda Bornova \u015fubemizin Y\u00fcce Auto taraf\u0131ndan hem sat\u0131\u015f hem de servis alanlar\u0131nda T\u00fcrkiye\u2019nin 2023 y\u0131l\u0131ndaki en ba\u015far\u0131l\u0131 bayisi se\u00e7ilmesi oldu\u201d diye konu\u015ftu.<\/p>\n<p>Ko\u015fulsuz m\u00fc\u015fteri memnuniyeti ve hizmette m\u00fckemmellik prensipleriyle \u00e7al\u0131\u015fmalar\u0131n\u0131 s\u00fcrd\u00fcren Vosmer Otomotiv, sekt\u00f6rdeki 15\u2019inci y\u0131l\u0131n\u0131 geride b\u0131rakt\u0131. Do\u011fu\u015f Otomotiv ile Y\u00fcce Auto yetkili sat\u0131c\u0131s\u0131 ve servisi olarak 2009 y\u0131l\u0131ndan bu yana \u0130zmir ve \u00e7evresindeki otomobil tutkunlar\u0131na hizmet veren \u015firket, bug\u00fcn itibar\u0131yla \u0130zmir\u2019de Alsancak, Gaziemir ve Bornova\u2019da olmak \u00fczere 3 farkl\u0131 lokasyonda faaliyetlerine devam ediyor. Yakla\u015f\u0131k 55 bin metrekareye yay\u0131lm\u0131\u015f 3 tesisle hizmet veren Vosmer Otomotiv, 600\u2019\u00fcn \u00fczerinde \u00e7al\u0131\u015fan\u0131yla sekt\u00f6r\u00fcn b\u00fcy\u00fck oyuncular\u0131 aras\u0131nda yer al\u0131yor.<\/p>\n<h2>15 y\u0131lda sat\u0131\u015flar\u0131m\u0131z\u0131 9 kat art\u0131rd\u0131k!<\/h2>\n<p><img loading=\"lazy\" class=\"alignnone size-full wp-image-47814\" src=\"https:\/\/emlaktuel.com\/wp-content\/uploads\/2024\/09\/SI\u0307YON-KARMONA-1-scaled.jpeg\" alt=\"\" width=\"1707\" height=\"2560\" srcset=\"https:\/\/emlaktuel.com\/wp-content\/uploads\/2024\/09\/SI\u0307YON-KARMONA-1-scaled.jpeg 1707w, https:\/\/emlaktuel.com\/wp-content\/uploads\/2024\/09\/SI\u0307YON-KARMONA-1-1024x1536.jpeg 1024w, https:\/\/emlaktuel.com\/wp-content\/uploads\/2024\/09\/SI\u0307YON-KARMONA-1-1365x2048.jpeg 1365w\" sizes=\"(max-width: 1707px) 100vw, 1707px\" \/><\/p>\n<p>Vosmer Otomotiv Genel M\u00fcd\u00fcr\u00fc Siyon Karmona, \u201c\u0130zmir\u2019de 3 tesiste 100\u2019\u00fcn \u00fczerinde ara\u00e7 lifti, 90 adet liftsiz servis \u00e7al\u0131\u015fma alan\u0131, 8 adet boya f\u0131r\u0131n\u0131 ile g\u00fcnde 350 araca kadar bak\u0131m ve onar\u0131m hizmeti verebiliyoruz. 2023 y\u0131l\u0131nda 62 bin adedin \u00fczerinde servis i\u015f emri a\u00e7arak 40 bine yak\u0131n m\u00fc\u015fterimize en kaliteli hizmeti sunmak i\u00e7in gayret g\u00f6sterdik\u201d dedi. \u0130zmir\u2019deki 3 lokasyonda 185 ara\u00e7 sergileme kapasitelerinin oldu\u011funu ifade eden Siyon Karmona, \u201cKurulu\u015f y\u0131l\u0131m\u0131z olan 2009\u2019u 879 yeni ara\u00e7 sat\u0131\u015f\u0131yla tamamlam\u0131\u015ft\u0131k. 2023 y\u0131l\u0131nda ise bu rakam\u0131 8 bin 44 adede \u00e7\u0131kard\u0131k ve yakla\u015f\u0131k 9 katl\u0131k bir art\u0131\u015f ger\u00e7ekle\u015ftirdik. Ayr\u0131ca 2023\u2019te bin adetten fazla ikinci el ara\u00e7 sat\u0131\u015f\u0131 yapt\u0131k. Ge\u00e7en 15 y\u0131lda 70 binden fazla s\u0131f\u0131r kilometre ara\u00e7 sat\u0131\u015f\u0131na imza atarken 11 bin adedin \u00fczerinde de ikinci el arac\u0131 m\u00fc\u015fterilerimizle bulu\u015fturduk. 2009 y\u0131l\u0131nda grubumuz i\u00e7erisindeki pazar pay\u0131m\u0131z 1.79 civar\u0131ndayd\u0131, 2023 y\u0131l\u0131nda geldi\u011fimiz noktada pazar pay\u0131m\u0131z\u0131 yakla\u015f\u0131k 4.8\u2019e \u00e7\u0131kard\u0131k. \u0130zmir\u2019deki otomobil sat\u0131\u015flar\u0131ndan ald\u0131\u011f\u0131m\u0131z pay ise y\u00fczde 11-12 seviyesinde\u201d diye konu\u015ftu.<\/p>\n<h2>Fortune 500 listesinde 292\u2019nci s\u0131raday\u0131z!<\/h2>\n<p>Y\u0131l\u0131n ilk 7 ayl\u0131k d\u00f6neminde 5 binin \u00fczerinde s\u0131f\u0131r ve ikinci el sat\u0131\u015f\u0131 ger\u00e7ekle\u015ftirdiklerini vurgulayan Siyon Karmona, \u015f\u00f6yle devam etti: \u201cBu d\u00f6nemde yakla\u015f\u0131k 35 bin adet de servis i\u015f emri a\u00e7t\u0131k. Y\u0131l sonu itibar\u0131yla hedefimiz ikinci yar\u0131 y\u0131lda k\u0131smen daralan pazara ra\u011fmen toplamda 8 bin adedin \u00fczerinde s\u0131f\u0131r kilometre ve bin adedin \u00fczerinde de ikinci el ara\u00e7 sat\u0131\u015f\u0131 ger\u00e7ekle\u015ftirmek. Servis taraf\u0131ndaki hedefimiz ise 62 bin servis i\u015f emri a\u00e7arak hacmimizi korumak. Bu g\u00fc\u00e7l\u00fc yap\u0131m\u0131z, 2018 y\u0131l\u0131nda giri\u015f yapt\u0131\u011f\u0131m\u0131z Fortune 500 listesinde basamaklar\u0131 h\u0131zla t\u0131rmanmam\u0131z\u0131 sa\u011flad\u0131. Vosmer olarak ilk 2018 y\u0131l\u0131nda bu listeye 426\u2019nc\u0131 s\u0131radan girmi\u015ftik, 2023 y\u0131l\u0131 itibar\u0131yla listenin ilk 300\u2019\u00fcnde, 292\u2019nci s\u0131ras\u0131nday\u0131z. T\u00fcm bu veriler Vosmer&#8217;in \u0130zmir ve b\u00f6lgedeki ba\u015far\u0131s\u0131n\u0131 g\u00f6steriyor ancak bizim i\u00e7in en de\u011ferli ba\u015far\u0131lardan ve gurur verici olaylardan birini Skoda taraf\u0131nda ya\u015fad\u0131k. Skoda Bornova \u015fubemiz, Y\u00fcce Auto taraf\u0131ndan hem sat\u0131\u015f hem de servis alanlar\u0131nda T\u00fcrkiye\u2019nin 2023 y\u0131l\u0131ndaki en iyi bayisi se\u00e7ildi. Eyl\u00fcl ay\u0131 i\u00e7erisinde Portekiz\u2019de Skoda\u2019n\u0131n d\u00fczenlenmi\u015f oldu\u011fu davette bu \u00f6d\u00fcl\u00fc bize takdim edecekler. Asl\u0131nda bak\u0131ld\u0131\u011f\u0131nda bizim i\u00e7in en b\u00fcy\u00fck ba\u015far\u0131lardan, en b\u00fcy\u00fck gurur kayna\u011f\u0131 \u00f6d\u00fcllerden biri oldu.\u201d<\/p>\n<h2>Ayda 40 bin m\u00fc\u015fterimiz ile temas kuruyoruz!<\/h2>\n<p>Meslek Liseleri ve \u00fcniversitelerle projeler yapt\u0131klar\u0131n\u0131 hat\u0131rlatan Vosmer Otomotiv Genel M\u00fcd\u00fcr\u00fc Siyon Karmona, \u201cYapt\u0131\u011f\u0131m\u0131z projelerle potansiyel i\u015f g\u00fcc\u00fcm\u00fcze ula\u015f\u0131yor, onlar\u0131 geli\u015ftiriyor, d\u00f6nemsel \u00e7al\u0131\u015fma f\u0131rsatlar\u0131 yaratarak proaktif yetenek y\u00f6netimi uygulamalar\u0131n\u0131 hayata ge\u00e7iriyoruz. Bunun en \u00f6nemli \u00f6rneklerinden biri 2018 y\u0131l\u0131ndan bu yana, Do\u011fu\u015f Otomotiv, Vosmer Otomotiv ve \u015eehit \u0130dari Ata\u015fe \u00c7a\u011flar Y\u00fccel Mesleki ve Teknik Anadolu Lisesi ile y\u00fcr\u00fctt\u00fc\u011f\u00fcm\u00fcz Volkswagen-Vosmer E\u011fitim Laboratuvar\u0131 projesi. Bug\u00fcne kadar bu projeyle yakla\u015f\u0131k 165 \u00f6\u011frencinin e\u011fitimine katk\u0131 sa\u011flad\u0131k ve bu \u00e7ocuklar\u0131m\u0131zdan 40 tanesini de i\u015fe ald\u0131k. Bug\u00fcn bu arkada\u015flar\u0131m\u0131z\u0131n hala b\u00fcy\u00fck bir b\u00f6l\u00fcm\u00fc Vosmer\u2019de \u00e7al\u0131\u015fmaya devam ediyor\u201d dedi. 2018 y\u0131l\u0131nda hayata ge\u00e7irdikleri M\u00fc\u015fteri Etkile\u015fim Merkezi projesinde de \u00f6nemli bir yol kat ettiklerini ifade eden Siyon Karmona, \u201c16 m\u00fc\u015fteri temsilcisi ve 1 tak\u0131m liderinden olu\u015fan M\u00fc\u015fteri Etkile\u015fim Merkezimiz, bize g\u00f6re sekt\u00f6rde \u00f6rnek g\u00f6sterilebilecek projelerden biri. Geldi\u011fimiz noktada ayda 40 bin m\u00fc\u015fteri ile temas kuruyor, y\u00fczde 95 direkt kar\u015f\u0131lama oran\u0131yla \u00e7al\u0131\u015f\u0131yoruz. M\u00fc\u015fteri Etkile\u015fim Merkezimiz ile hizmet kalitemizi s\u00fcrekli olarak de\u011ferlendiriyor ve m\u00fc\u015fterilerimizden ald\u0131\u011f\u0131m\u0131z geri bildirimlerini titizlikle analiz ederek hizmetlerimizi ve i\u015f s\u00fcre\u00e7lerimizi s\u00fcrekli olarak iyile\u015ftiriyoruz\u201d diye konu\u015ftu.<\/p>\n<h2>\u0130htiya\u00e7 duydu\u011fumuz elektri\u011fin y\u00fczde 160\u2019\u0131n\u0131 kendimiz \u00fcretiyoruz!<\/h2>\n<p>\u015eirket olarak s\u00fcrd\u00fcr\u00fclebilirli\u011fe \u00e7ok \u00f6nem verdiklerine i\u015faret eden Siyon Karmona, \u015funlar\u0131 s\u00f6yledi: \u201cSekt\u00f6rde fazla rastlanmayan \u0130SO 50001, \u0130SO 14001 ve \u0130SO 14064-1 sertifikalar\u0131na sahibiz. Bu sertifikalar enerji \u00fcretiminden \u00e7evre y\u00f6netimine, sera gaz\u0131 emisyonlar\u0131n\u0131n hesaplanmas\u0131na kadar geni\u015f bir yelpazede s\u00fcrd\u00fcr\u00fclebilirlik konular\u0131n\u0131 kaps\u0131yor. \u00d6zellikle otomotiv perakendecili\u011finde bu konuda \u00f6nc\u00fc olma misyonumuzu s\u00fcrd\u00fcrerek sekt\u00f6rdeki di\u011fer oyunculara da ilham kayna\u011f\u0131 oluyoruz. Ayr\u0131ca s\u00fcrd\u00fcr\u00fclebilirlik ve \u00e7evreye duyarl\u0131l\u0131k konular\u0131nda att\u0131\u011f\u0131m\u0131z en \u00f6nemli ad\u0131mlardan biri de 2023 y\u0131l\u0131nda devreye ald\u0131\u011f\u0131m\u0131z G\u00fcne\u015f Enerjisi Sistemi projesi. Yakla\u015f\u0131k 2,5 milyon dolara mal olan bu projeyle 25 bin metrekare alana kurulmu\u015f 4 bin 290 panelle y\u0131lda 3,8 milyon kW\/s elektrik \u00fcretiyoruz. Bu da Vosmer Otomotiv olarak elektrik ihtiyac\u0131m\u0131z\u0131n y\u00fczde 160\u2019\u0131na tekab\u00fcl ediyor. Bu yat\u0131r\u0131m ile hem s\u00fcrd\u00fcr\u00fclebilirlik hedeflerimize katk\u0131 sa\u011fl\u0131yoruz hem de enerji maliyetlerimizi ciddi \u015fekilde d\u00fc\u015f\u00fcrm\u00fc\u015f oluyoruz.\u201d<\/p>\n","protected":false},"excerpt":{"rendered":"<p>Vosmer Otomotiv 15\u2019inci Y\u0131l\u0131n\u0131 Kutluyor! Skoda\u2019n\u0131n Hem Sat\u0131\u015f Hem de Servis Alan\u0131nda En \u0130yi Bayisi Vosmer Otomotiv! Vosmer Otomotiv 2024 Y\u0131l\u0131n\u0131 9 Bin Adedin \u00dczerinde Otomobil Sat\u0131\u015f\u0131yla Tamamlayacak! Vosmer Otomotiv 15 Y\u0131lda 70 Binden Fazla M\u00fc\u015fterisini Ara\u00e7 Sahibi Yapt\u0131! \u0130zmir ve \u00e7evresindeki otomobil tutkunlar\u0131na 2009 y\u0131l\u0131ndan bu yana en kaliteli ve yenilik\u00e7i hizmeti sunan Vosmer [&hellip;]<\/p>\n","protected":false},"author":1,"featured_media":47815,"comment_status":"open","ping_status":"open","sticky":false,"template":"","format":"standard","meta":{"ngg_post_thumbnail":0},"categories":[5215],"tags":[17572,17219],"_links":{"self":[{"href":"https:\/\/emlaktuel.com\/index.php?rest_route=\/wp\/v2\/posts\/47813"}],"collection":[{"href":"https:\/\/emlaktuel.com\/index.php?rest_route=\/wp\/v2\/posts"}],"about":[{"href":"https:\/\/emlaktuel.com\/index.php?rest_route=\/wp\/v2\/types\/post"}],"author":[{"embeddable":true,"href":"https:\/\/emlaktuel.com\/index.php?rest_route=\/wp\/v2\/users\/1"}],"replies":[{"embeddable":true,"href":"https:\/\/emlaktuel.com\/index.php?rest_route=%2Fwp%2Fv2%2Fcomments&post=47813"}],"version-history":[{"count":1,"href":"https:\/\/emlaktuel.com\/index.php?rest_route=\/wp\/v2\/posts\/47813\/revisions"}],"predecessor-version":[{"id":47816,"href":"https:\/\/emlaktuel.com\/index.php?rest_route=\/wp\/v2\/posts\/47813\/revisions\/47816"}],"wp:featuredmedia":[{"embeddable":true,"href":"https:\/\/emlaktuel.com\/index.php?rest_route=\/wp\/v2\/media\/47815"}],"wp:attachment":[{"href":"https:\/\/emlaktuel.com\/index.php?rest_route=%2Fwp%2Fv2%2Fmedia&parent=47813"}],"wp:term":[{"taxonomy":"category","embeddable":true,"href":"https:\/\/emlaktuel.com\/index.php?rest_route=%2Fwp%2Fv2%2Fcategories&post=47813"},{"taxonomy":"post_tag","embeddable":true,"href":"https:\/\/emlaktuel.com\/index.php?rest_route=%2Fwp%2Fv2%2Ftags&post=47813"}],"curies":[{"name":"wp","href":"https:\/\/api.w.org\/{rel}","templated":true}]}}